{"id":547894,"date":"2025-11-20T23:25:16","date_gmt":"2025-11-20T23:25:16","guid":{"rendered":"https:\/\/www.europesays.com\/fr\/547894\/"},"modified":"2025-11-20T23:25:16","modified_gmt":"2025-11-20T23:25:16","slug":"la-piste-familiale-privilegiee-dans-la-mort-mysterieuse-dune-jeune-femme-sur-un-bateau-de-croisiere","status":"publish","type":"post","link":"https:\/\/www.europesays.com\/fr\/547894\/","title":{"rendered":"La piste familiale privil\u00e9gi\u00e9e dans la mort myst\u00e9rieuse d\u2019une jeune femme sur un bateau de croisi\u00e8re"},"content":{"rendered":"<p>Le d\u00e9c\u00e8s d\u2019Anna Kepner, 18 ans, retrouv\u00e9e morte sous son lit \u00e0 bord du d\u2019un bateau de la Carnival Horizon Line, prend une nouvelle tournure judiciaire. Selon <a href=\"https:\/\/www.cbsnews.com\/news\/fbi-probing-stepsibling-carnival-cruise-ship-death-florida-teen-anna-kepner\/\" rel=\"nofollow noopener\" target=\"_blank\" class=\"c-link c-link--is-underlined\">CBS News<\/a>, l\u2019enqu\u00eate f\u00e9d\u00e9rale cible d\u00e9sormais l\u2019un de ses beaux-fr\u00e8res \u00e2g\u00e9 de 16 ans. Des documents issus d\u2019une proc\u00e9dure de garde, consult\u00e9s par la cha\u00eene, montrent que la famille pense que le jeune homme pourrait \u00eatre impliqu\u00e9 dans les circonstances troubles entourant la mort de la jeune femme survenue d\u00e9but novembre dans les <a href=\"https:\/\/www.20minutes.fr\/monde\/caraibes\/\" target=\"_blank\" class=\"c-link c-link--is-underlined\" rel=\"noopener\">Cara\u00efbes<\/a>.<\/p>\n<p>Toujours selon <a href=\"https:\/\/www.20minutes.fr\/dossier\/cbs\" target=\"_blank\" class=\"c-link c-link--is-underlined\" rel=\"noopener\">CBS News<\/a>, les deux jeunes auraient pu avoir un diff\u00e9rend peu avant la d\u00e9couverte du corps. Anna Kepner, qui partageait sa cabine avec deux de ses beaux-fr\u00e8res, avait confi\u00e9 la veille qu\u2019elle ne se sentait pas bien avant de se retirer dans la chambre. Le lendemain, son absence au petit-d\u00e9jeuner avait mis la famille en alerte et d\u00e9clench\u00e9 des recherches \u00e0 bord. C\u2019est une employ\u00e9e du navire qui a retrouv\u00e9 la jeune femme, sous un lit donc, le 7\u00a0novembre.<\/p>\n<\/p>\n<p>Vers des poursuites contre l\u2019un des beaux-fr\u00e8res<\/p>\n<p>Les enqu\u00eateurs du <a href=\"https:\/\/www.20minutes.fr\/dossier\/fbi\" target=\"_blank\" class=\"c-link c-link--is-underlined\" rel=\"noopener\">FBI<\/a> exploitent d\u00e9sormais la vid\u00e9osurveillance du navire, les donn\u00e9es des cartes \u00e9lectroniques permettant d\u2019identifier les personnes entr\u00e9es dans la cabine, ainsi que le contenu du t\u00e9l\u00e9phone de la victime. Un autre document judiciaire, li\u00e9 \u00e0 une demande de report d\u2019audience de <a href=\"https:\/\/www.20minutes.fr\/dossier\/divorce\" target=\"_blank\" class=\"c-link c-link--is-underlined\" rel=\"noopener\">divorce<\/a> d\u00e9pos\u00e9e par la belle-m\u00e8re de la victime, laisse entendre que des poursuites pourraient \u00eatre envisag\u00e9es contre l\u2019un des beaux-fr\u00e8res.<\/p>\n<p><a href=\"https:\/\/www.20minutes.fr\/monde\/etats-unis\/\" target=\"_blank\" class=\"c-link c-btn c-btn--primary\" rel=\"noopener\">Notre dossier sur les Etats-Unis<\/a><\/p>\n<p>Carnival Cruise Line a assur\u00e9 coop\u00e9rer pleinement avec les autorit\u00e9s f\u00e9d\u00e9rales. Le FBI a pr\u00e9cis\u00e9 \u00e0 la compagnie qu\u2019aucune menace ne p\u00e8se sur les passagers du voyage en cours. L\u2019enqu\u00eate men\u00e9e depuis <a href=\"https:\/\/www.20minutes.fr\/dossier\/miami\" target=\"_blank\" class=\"c-link c-link--is-underlined\" rel=\"noopener\">Miami<\/a> se poursuit pour \u00e9claircir les circonstances d\u2019un drame qui soul\u00e8ve de nombreuses interrogations.<\/p>\n","protected":false},"excerpt":{"rendered":"Le d\u00e9c\u00e8s d\u2019Anna Kepner, 18 ans, retrouv\u00e9e morte sous son lit \u00e0 bord du d\u2019un bateau de la&hellip;\n","protected":false},"author":2,"featured_media":547895,"comment_status":"","ping_status":"","sticky":false,"template":"","format":"standard","meta":{"footnotes":""},"categories":[5],"tags":[47,11,7730,73,18120,1011,27,14,777,14056,74,12,28],"class_list":{"0":"post-547894","1":"post","2":"type-post","3":"status-publish","4":"format-standard","5":"has-post-thumbnail","7":"category-international","8":"tag-actualite","9":"tag-actualites","10":"tag-croisieres","11":"tag-etats-unis","12":"tag-fbi","13":"tag-fr","14":"tag-france","15":"tag-international","16":"tag-meurtre","17":"tag-miami","18":"tag-monde","19":"tag-news","20":"tag-world"},"share_on_mastodon":{"url":"https:\/\/pubeurope.com\/@fr\/115584612854583827","error":""},"_links":{"self":[{"href":"https:\/\/www.europesays.com\/fr\/wp-json\/wp\/v2\/posts\/547894","targetHints":{"allow":["GET"]}}],"collection":[{"href":"https:\/\/www.europesays.com\/fr\/wp-json\/wp\/v2\/posts"}],"about":[{"href":"https:\/\/www.europesays.com\/fr\/wp-json\/wp\/v2\/types\/post"}],"author":[{"embeddable":true,"href":"https:\/\/www.europesays.com\/fr\/wp-json\/wp\/v2\/users\/2"}],"replies":[{"embeddable":true,"href":"https:\/\/www.europesays.com\/fr\/wp-json\/wp\/v2\/comments?post=547894"}],"version-history":[{"count":0,"href":"https:\/\/www.europesays.com\/fr\/wp-json\/wp\/v2\/posts\/547894\/revisions"}],"wp:featuredmedia":[{"embeddable":true,"href":"https:\/\/www.europesays.com\/fr\/wp-json\/wp\/v2\/media\/547895"}],"wp:attachment":[{"href":"https:\/\/www.europesays.com\/fr\/wp-json\/wp\/v2\/media?parent=547894"}],"wp:term":[{"taxonomy":"category","embeddable":true,"href":"https:\/\/www.europesays.com\/fr\/wp-json\/wp\/v2\/categories?post=547894"},{"taxonomy":"post_tag","embeddable":true,"href":"https:\/\/www.europesays.com\/fr\/wp-json\/wp\/v2\/tags?post=547894"}],"curies":[{"name":"wp","href":"https:\/\/api.w.org\/{rel}","templated":true}]}}