{"id":547896,"date":"2025-11-20T23:26:15","date_gmt":"2025-11-20T23:26:15","guid":{"rendered":"https:\/\/www.europesays.com\/fr\/547896\/"},"modified":"2025-11-20T23:26:15","modified_gmt":"2025-11-20T23:26:15","slug":"qui-est-mamine-escobar-membre-de-la-dz-mafia-suspect-dans-le-meurtre-de-mehdi-kessaci","status":"publish","type":"post","link":"https:\/\/www.europesays.com\/fr\/547896\/","title":{"rendered":"Qui est \u00ab\u00a0Mamine Escobar\u00a0\u00bb, membre de la DZ Mafia suspect dans le meurtre de Mehdi Kessaci\u00a0?"},"content":{"rendered":"<p>        <img decoding=\"async\" loading=\"lazy\" src=\"https:\/\/www.europesays.com\/fr\/wp-content\/uploads\/2025\/11\/e983ced_upload-1-krzubzg2psrb-afp-20250314-372a4bk-v1-midres-francepolicejusticedrugtraffickingcrime.jpeg\"  width=\"728\" height=\"409\" alt=\"Mort de Mehdi Kessaci\u00a0: qui est \u00ab\u00a0Mamine Escobar\u00a0\u00bb membre de la DZ Mafia emprisonn\u00e9 et suspect (Photo prise \u00e0 Avignon en mars 2025)\"\/>  <\/p>\n<p>GABRIEL BOUYS \/ AFP<\/p>\n<p>Mort de Mehdi Kessaci\u00a0: qui est \u00ab\u00a0Mamine Escobar\u00a0\u00bb membre de la DZ Mafia emprisonn\u00e9 et suspect (Photo prise \u00e0 Avignon en mars 2025)<\/p>\n<p>      <strong>EN BREF<\/strong> <strong>\u2022 <\/strong>Amine O., alias \u00ab\u00a0Mamine Escobar\u00a0\u00bb, est suspect\u00e9 d\u2019avoir commandit\u00e9 l\u2019assassinat de Mehdi Kessaci depuis sa prison. <br \/><strong>\u2022 <\/strong>Il est un cadre important de la DZ Mafia, un gang de narcotrafiquants \u00e0 Marseille.  <br \/><strong>\u2022 <\/strong>D\u00e9j\u00e0 mis en examen pour \u00ab\u00a0assassinats en bande organis\u00e9e\u00a0\u00bb, Amine O. a \u00e9t\u00e9 transf\u00e9r\u00e9 dans une prison de haute s\u00e9curit\u00e9.                         <\/p>\n<p class=\"asset asset-text\">Il se fait appeler \u00ab\u00a0Mamine\u00a0\u00bb, \u00ab\u00a0Mamine Escobar\u00a0\u00bb, \u00ab\u00a0Nemesio\u00a0\u00bb ou encore \u00ab\u00a0Jalisco\u00a0\u00bb. Amine O. est consid\u00e9r\u00e9 comme <a href=\"https:\/\/www.huffingtonpost.fr\/justice\/article\/le-militant-amine-kessaci-promet-qu-il-ne-se-taira-pas-apres-la-mort-de-son-frere_257293.html\" target=\"_blank\" rel=\"noopener\" title=\"Nouvelle fen\u00eatre\">l\u2019un des plus gros narcotrafiquants<\/a> de France et, selon<a href=\"https:\/\/www.leparisien.fr\/faits-divers\/derriere-le-meurtre-de-mehdi-kessaci-la-piste-mamine-redoutable-chef-de-la-dz-mafia-19-11-2025-FJIYFOXJZZCFLM5UTWOFTSRXKY.php\" target=\"_blank\" rel=\"noopener\" title=\"Nouvelle fen\u00eatre\"> Le Parisien<\/a>, il est aujourd\u2019hui suspect\u00e9 d\u2019\u00eatre impliqu\u00e9, depuis sa prison, dans <a href=\"https:\/\/www.huffingtonpost.fr\/faits-divers\/article\/amine-kessaci-espere-100-000-personnes-a-la-marche-blanche-a-marseille-levez-vous-battons-nous_257330.html\" target=\"_blank\" rel=\"noopener\" title=\"Nouvelle fen\u00eatre\">l\u2019assassinat de Mehdi Kessaci, fr\u00e8re du militant Amine Kessaci<\/a>, survenu jeudi 13\u00a0novembre \u00e0 Marseille. L\u2019enqu\u00eate est d\u00e9sormais pilot\u00e9e par la Junalco (juridiction nationale de lutte contre la criminalit\u00e9 organis\u00e9e).<\/p>\n<p class=\"asset asset-text\">Interrog\u00e9s sur \u00ab\u00a0Mamine\u00a0\u00bb lors d\u2019un d\u00e9placement \u00e0 Marseille ce jeudi 20\u00a0novembre, les ministres de la Justice et de l\u2019Int\u00e9rieur n\u2019ont pas comment\u00e9 les informations du Parisien. G\u00e9rald Darmanin a toutefois rappel\u00e9 \u00eatre en plein nettoyage des prisons fran\u00e7aises, notamment avec la saisie des t\u00e9l\u00e9phones portables. Le ministre de la Justice a \u00e9galement soulign\u00e9 que <a href=\"https:\/\/www.huffingtonpost.fr\/justice\/article\/mort-du-frere-d-amine-kessaci-a-marseille-ces-elements-qui-installent-la-piste-d-un-assassinat-d-avertissement_257151.html\" target=\"_blank\" rel=\"noopener\">ce genre de narcomicides<\/a> \u00e9tait souvent commandit\u00e9 depuis les prisons ou depuis l\u2019\u00e9tranger.<\/p>\n<p class=\"asset asset-text\">Alors que plusieurs m\u00e9dias ont repris l\u2019hypoth\u00e8se Amine O., la procureure de la R\u00e9publique Laure Beccuau a \u00ab\u00a0d\u00e9sapprouv\u00e9\u00a0\u00bb ces fuites \u00ab\u00a0v\u00e9ridiques ou pas\u00a0\u00bb, et expliqu\u00e9 que les enqu\u00eateurs avaient \u00ab\u00a0un certain nombre de fils [\u00e0] tirer\u00a0\u00bb. Aupr\u00e8s du <a href=\"https:\/\/www.lepoint.fr\/societe\/assassinat-de-mehdi-kessaci-pourquoi-le-principal-suspect-n-etait-pas-place-en-quartier-securise-20-11-2025-2603540_23.php\" target=\"_blank\" rel=\"noopener\" title=\"Nouvelle fen\u00eatre\">Point<\/a>, une source proche du dossier a toutefois confirm\u00e9 que cette piste est \u00ab\u00a0s\u00e9rieuse\u00a0\u00bb.<\/p>\n<p>                     D\u00e9j\u00e0 mis en examen\u00a0pour \u00ab\u00a0assassinats en bande organis\u00e9e\u00a0\u00bb    <\/p>\n<p class=\"asset asset-text\">Incarc\u00e9r\u00e9 depuis plusieurs ann\u00e9es pour une affaire de triple meurtre, Amine O. est pr\u00e9sent\u00e9 comme un cadre de la <a href=\"https:\/\/www.huffingtonpost.fr\/france\/article\/marseille-que-sait-on-de-yoda-et-dz-mafia-les-deux-clans-derriere-la-flambee-des-reglements-de-compte_221886.html\" target=\"_blank\" rel=\"noopener\">DZ Mafia, un gang de narcotrafiquants<\/a> qui s\u00e9vit sur la Cit\u00e9 phoc\u00e9enne et qui veut s\u2019\u00e9tendre \u00e0 d\u2019autres territoires. Quitte \u00e0 laisser une tra\u00een\u00e9e de sang derri\u00e8re eux.<\/p>\n<p class=\"asset asset-text\">Il est suspect\u00e9 d\u2019avoir commandit\u00e9 l\u2019assassinat de\u00a0Mehdi Kessaci depuis la prison de Bourg-en-Bresse, qu\u2019il a quitt\u00e9e le 18\u00a0novembre pour \u00eatre transf\u00e9r\u00e9 dans le quartier de lutte contre la criminalit\u00e9 organis\u00e9e de la prison de haute s\u00e9curit\u00e9 de Cond\u00e9-sur-Sarthe (Orne), rapportent Le Parisien et <a href=\"https:\/\/www.rtl.fr\/actu\/justice-faits-divers\/info-rtl-mamine-l-un-des-cadres-presumes-de-la-dz-mafia-transfere-a-la-prison-de-conde-sur-sarthe-7900568289\" target=\"_blank\" rel=\"noopener\" title=\"Nouvelle fen\u00eatre\">RTL<\/a>.<\/p>\n<p class=\"asset asset-text\">\u00c2g\u00e9 de 31\u00a0ans, il est d\u00e9j\u00e0 mis en examen pour \u00ab\u00a0assassinats en bande organis\u00e9e\u00a0\u00bb et plac\u00e9 en d\u00e9tention provisoire depuis le 20\u00a0avril\u00a02021\u00a0pour un triple homicide barbare en d\u00e9cembre\u00a02020. Il est aussi soup\u00e7onn\u00e9 d\u2019avoir commandit\u00e9, depuis sa cellule en prison, un double assassinat, en 2023, devant un fast-food de Marseille.<\/p>\n<p>                     Impliqu\u00e9 dans la mort du demi-fr\u00e8re d\u2019Amine Kessaci en 2020    <\/p>\n<p class=\"asset asset-text\">N\u00e9 en 1994 et originaire de la cit\u00e9 des Micocouliers, Amine O. a d\u00e9j\u00e0 un lourd passif avec la famille Kessaci, puisque l\u2019une des victimes du triple homicide de 2020\u00a0est Brahim Chabane, demi-fr\u00e8re d\u2019Amine Kessaci. Il \u00e9tait le seul \u00e0 \u00eatre tomb\u00e9 dans la drogue parmi une fratrie de six et avait \u00e9t\u00e9 vis\u00e9 \u00e0 cause de ses affaires dans le milieu. Son corps avait \u00e9t\u00e9 retrouv\u00e9 carbonis\u00e9 dans un v\u00e9hicule pr\u00e8s de Marseille.<\/p>\n<p class=\"asset asset-text\">\u00ab\u00a0Mamine, il a la r\u00e9putation d\u2019avoir d\u00e9coup\u00e9 un mec avant de le mettre dans le coffre d\u2019une voiture et de l\u2019incendier. Il est sanguinaire, fou et sans piti\u00e9\u00a0\u00bb, a t\u00e9moign\u00e9 aupr\u00e8s du <a href=\"https:\/\/www.lefigaro.fr\/marseille\/sanguinaire-fou-et-sans-pitie-mamine-l-un-des-chefs-de-la-dz-mafia-suspecte-du-meurtre-de-mehdi-kessaci-20251120\" target=\"_blank\" rel=\"noopener\" title=\"Nouvelle fen\u00eatre\">Figaro<\/a> un expert du\u00a0grand banditisme marseillais.<\/p>\n<p class=\"asset asset-text\">Il doit \u00eatre jug\u00e9 pour ces assassinats en 2026. \u00ab\u00a0Amine Kessaci est cit\u00e9 comme t\u00e9moin dans son proc\u00e8s et [Amine O.] l\u2019a s\u00fbrement vu \u00e0 la t\u00e9l\u00e9 en train de d\u00e9fendre son fr\u00e8re. C\u2019est un mec qui a la haine facile et il sait qu\u2019il va prendre trente ans de prison pour cette affaire\u00a0\u00bb, explique une autre source aupr\u00e8s du\u00a0Figaro. Selon Le Parisien, c\u2019est pour cela qu\u2019Amine O. aurait plac\u00e9 un \u00ab\u00a0contrat\u00a0\u00bb sur la t\u00eate d\u2019Amine Kessaci qui milite contre le narcobanditisme.<\/p>\n<p>                     Ascension fulgurante depuis sa cellule    <\/p>\n<p class=\"asset asset-text\">Malgr\u00e9 son incarc\u00e9ration et sa mise en examen, Amine O. a connu une ascension fulgurante dans le milieu ces derni\u00e8res ann\u00e9es, souligne Le Parisien qui pr\u00e9cise que les enqu\u00eateurs le soup\u00e7onnent de g\u00e9rer les narcomicides et autres contrats pour la DZ Mafia depuis sa cellule gr\u00e2ce \u00e0 son t\u00e9l\u00e9phone.<\/p>\n<p class=\"asset asset-text\">Ses ordres \u00e0 lui, il les recevait de son mentor, Karim Harrat, puissant narcotrafiquant \u00e0 Marseille qui s\u00e9journe depuis deux ans dans la prison de Vendin-le-Vieil.<\/p>\n<p class=\"asset asset-text\">Mais selon d\u2019autres sources au Figaro, le trentenaire aurait aujourd\u2019hui un r\u00f4le encore plus important. Karim Harrat en prison, il est d\u00e9sormais soup\u00e7onn\u00e9 d\u2019\u00eatre l\u2019un des \u00ab\u00a0chefs historiques\u00a0\u00bb de la DZ Mafia et d\u00e9tiendrait \u00ab\u00a0une haute position hi\u00e9rarchique\u00a0\u00bb. Il entretiendrait m\u00eame des contacts r\u00e9guliers avec\u00a0Mohamed Amra, qu\u2019il a c\u00f4toy\u00e9 aux Baumettes.<\/p>\n<p>                     La DZ Mafia, un fl\u00e9au qui s\u2019\u00e9tend    <\/p>\n<p class=\"asset asset-text\">La DZ Mafia est l\u2019une des principales organisations de trafic de drogue \u00e0 Marseille. Outre la r\u00e9f\u00e9rence aux origines alg\u00e9riennes de ses leaders, son nom est cens\u00e9 rendre hommage \u00e0 la Mocro Mafia, selon\u00a0<a href=\"https:\/\/www.nicematin.com\/faits-divers\/des-nicois-enroles-dans-la-guerre-des-narcotrafiquants-a-marseille-trois-choses-a-savoir-sur-les-clans-yoda-et-dz-mafia-868201\" target=\"_blank\" rel=\"noopener\" title=\"Nouvelle fen\u00eatre\">Nice Matin<\/a>. Il s\u2019agit d\u2019une autre organisation mafieuse marocaine qui fait des ravages aux Pays-Bas et en Belgique.<\/p>\n<p class=\"asset asset-text\">Ce clan a \u00e9t\u00e9 un temps en conflit avec le<a href=\"https:\/\/www.huffingtonpost.fr\/faits-divers\/article\/felix-bingui-chef-presume-du-clan-marseillais-de-trafiquants-de-drogue-yoda-place-en-detention_245318.html\" target=\"_blank\" rel=\"noopener\"> Clan Yoda <\/a>autour du quartier de La Paternelle, dans le nord de Marseille, provoquant une guerre meurtri\u00e8re. Le Clan Yoda <a href=\"https:\/\/www.huffingtonpost.fr\/justice\/article\/marseille-felix-bingui-narcotrafiquant-marseillais-et-chef-du-clan-yoda-arrete-au-maroc-ce-que-l-on-sait_230987.html\" target=\"_blank\" rel=\"noopener\">a \u00e9t\u00e9 d\u00e9mantel\u00e9 et son chef arr\u00eat\u00e9<\/a> en 2024, perdant ainsi son influence sur la ville.<\/p>\n<p class=\"asset asset-text\">G\u00e9rald Darmanin a \u00e9voqu\u00e9 le gang lors de sa visite \u00e0 Marseille ce jeudi. \u00ab\u00a0Ce qui se passe au niveau de la DZ Mafia touche au moins une dizaine d\u2019autres d\u00e9partements, notamment du sud de la France\u00a0\u00bb, a-t-il d\u00e9clar\u00e9. Il a estim\u00e9 que les autorit\u00e9s gagnaient \u00ab\u00a0difficilement\u00a0\u00bb une \u00ab\u00a0bataille tr\u00e8s, tr\u00e8s dure contre une organisation criminelle qui sans doute fait entre 5 \u00e0 6\u00a0milliards d\u2019euros d\u2019argent liquide\u00a0\u00bb.<\/p>\n<p class=\"asset asset-text\">Enfin, \u00e9voquant toujours le gang marseillais, le ministre de la Justice a indiqu\u00e9 que sur \u00ab\u00a0la trentaine de personnes qui dirigent\u00a0\u00bb ce r\u00e9seau prot\u00e9iforme, la \u00ab\u00a0quasi-int\u00e9gralit\u00e9 d\u2019entre eux, 27 en l\u2019occurrence\u00a0\u00bb sont d\u00e9tenus dans les prisons fran\u00e7aises. Ce qui ne l\u2019emp\u00eache donc pas d\u2019\u00eatre florissant. Une donne qui pourrait changer, maintenant qu\u2019Amine O et incarc\u00e9r\u00e9 sous haute surveillance \u00e0 Cond\u00e9-sur-Sarthe.<\/p>\n","protected":false},"excerpt":{"rendered":"GABRIEL BOUYS \/ AFP Mort de Mehdi Kessaci\u00a0: qui est \u00ab\u00a0Mamine Escobar\u00a0\u00bb membre de la DZ Mafia emprisonn\u00e9&hellip;\n","protected":false},"author":2,"featured_media":547897,"comment_status":"","ping_status":"","sticky":false,"template":"","format":"standard","meta":{"footnotes":""},"categories":[4],"tags":[11,2951,1011,27,303,884,8721,12,25,887],"class_list":{"0":"post-547896","1":"post","2":"type-post","3":"status-publish","4":"format-standard","5":"has-post-thumbnail","7":"category-france","8":"tag-actualites","9":"tag-criminalite","10":"tag-fr","11":"tag-france","12":"tag-justice","13":"tag-marseille","14":"tag-narcotrafic","15":"tag-news","16":"tag-republique-francaise","17":"tag-trafic-de-drogue"},"share_on_mastodon":{"url":"https:\/\/pubeurope.com\/@fr\/115584617283343661","error":""},"_links":{"self":[{"href":"https:\/\/www.europesays.com\/fr\/wp-json\/wp\/v2\/posts\/547896","targetHints":{"allow":["GET"]}}],"collection":[{"href":"https:\/\/www.europesays.com\/fr\/wp-json\/wp\/v2\/posts"}],"about":[{"href":"https:\/\/www.europesays.com\/fr\/wp-json\/wp\/v2\/types\/post"}],"author":[{"embeddable":true,"href":"https:\/\/www.europesays.com\/fr\/wp-json\/wp\/v2\/users\/2"}],"replies":[{"embeddable":true,"href":"https:\/\/www.europesays.com\/fr\/wp-json\/wp\/v2\/comments?post=547896"}],"version-history":[{"count":0,"href":"https:\/\/www.europesays.com\/fr\/wp-json\/wp\/v2\/posts\/547896\/revisions"}],"wp:featuredmedia":[{"embeddable":true,"href":"https:\/\/www.europesays.com\/fr\/wp-json\/wp\/v2\/media\/547897"}],"wp:attachment":[{"href":"https:\/\/www.europesays.com\/fr\/wp-json\/wp\/v2\/media?parent=547896"}],"wp:term":[{"taxonomy":"category","embeddable":true,"href":"https:\/\/www.europesays.com\/fr\/wp-json\/wp\/v2\/categories?post=547896"},{"taxonomy":"post_tag","embeddable":true,"href":"https:\/\/www.europesays.com\/fr\/wp-json\/wp\/v2\/tags?post=547896"}],"curies":[{"name":"wp","href":"https:\/\/api.w.org\/{rel}","templated":true}]}}