{"id":54790,"date":"2025-04-26T16:25:09","date_gmt":"2025-04-26T16:25:09","guid":{"rendered":"https:\/\/www.europesays.com\/fr\/54790\/"},"modified":"2025-04-26T16:25:09","modified_gmt":"2025-04-26T16:25:09","slug":"maxeville-mariage-nicolas-et-noura","status":"publish","type":"post","link":"https:\/\/www.europesays.com\/fr\/54790\/","title":{"rendered":"Max\u00e9ville | Mariage. Nicolas et Noura"},"content":{"rendered":"<p>Ce samedi 26\u00a0avril \u00e0 16\u00a0h, Annie Delrieu, adjointe au maire de Max\u00e9ville, a accueilli, \u00e0 l\u2019H\u00f4tel de Ville, les familles et amis de Nicolas Lemoine, technicien piscine, et de Noura Janan, aide-soignante, afin de c\u00e9l\u00e9brer leur mariage. Le couple a choisi de s\u2019unir dans la commune de r\u00e9sidence de la maman de la mari\u00e9e. Nicolas et Noura sont domicili\u00e9s \u00e0 Bouxi\u00e8res-aux-Dames.<\/p>\n<p>Toutes nos f\u00e9licitations.<\/p>\n","protected":false},"excerpt":{"rendered":"Ce samedi 26\u00a0avril \u00e0 16\u00a0h, Annie Delrieu, adjointe au maire de Max\u00e9ville, a accueilli, \u00e0 l\u2019H\u00f4tel de Ville,&hellip;\n","protected":false},"author":2,"featured_media":54791,"comment_status":"","ping_status":"","sticky":false,"template":"","format":"standard","meta":{"footnotes":""},"categories":[9635],"tags":[1111,11,9223,1704,1777,674,1011,27,775,1930,10061,10262,1702,12,25,104],"class_list":{"0":"post-54790","1":"post","2":"type-post","3":"status-publish","4":"format-standard","5":"has-post-thumbnail","7":"category-nancy","8":"tag-actu","9":"tag-actualites","10":"tag-carnet-du-jour","11":"tag-edition-nancy-et-agglomeration","12":"tag-eu","13":"tag-europe","14":"tag-fr","15":"tag-france","16":"tag-grand-est","17":"tag-mariage","18":"tag-maxeville","19":"tag-metropole-du-grand-nancy-54b5","20":"tag-nancy","21":"tag-news","22":"tag-republique-francaise","23":"tag-societe"},"share_on_mastodon":{"url":"https:\/\/pubeurope.com\/@fr\/114405200744637489","error":""},"_links":{"self":[{"href":"https:\/\/www.europesays.com\/fr\/wp-json\/wp\/v2\/posts\/54790","targetHints":{"allow":["GET"]}}],"collection":[{"href":"https:\/\/www.europesays.com\/fr\/wp-json\/wp\/v2\/posts"}],"about":[{"href":"https:\/\/www.europesays.com\/fr\/wp-json\/wp\/v2\/types\/post"}],"author":[{"embeddable":true,"href":"https:\/\/www.europesays.com\/fr\/wp-json\/wp\/v2\/users\/2"}],"replies":[{"embeddable":true,"href":"https:\/\/www.europesays.com\/fr\/wp-json\/wp\/v2\/comments?post=54790"}],"version-history":[{"count":0,"href":"https:\/\/www.europesays.com\/fr\/wp-json\/wp\/v2\/posts\/54790\/revisions"}],"wp:featuredmedia":[{"embeddable":true,"href":"https:\/\/www.europesays.com\/fr\/wp-json\/wp\/v2\/media\/54791"}],"wp:attachment":[{"href":"https:\/\/www.europesays.com\/fr\/wp-json\/wp\/v2\/media?parent=54790"}],"wp:term":[{"taxonomy":"category","embeddable":true,"href":"https:\/\/www.europesays.com\/fr\/wp-json\/wp\/v2\/categories?post=54790"},{"taxonomy":"post_tag","embeddable":true,"href":"https:\/\/www.europesays.com\/fr\/wp-json\/wp\/v2\/tags?post=54790"}],"curies":[{"name":"wp","href":"https:\/\/api.w.org\/{rel}","templated":true}]}}