{"id":547927,"date":"2025-11-20T23:46:12","date_gmt":"2025-11-20T23:46:12","guid":{"rendered":"https:\/\/www.europesays.com\/fr\/547927\/"},"modified":"2025-11-20T23:46:12","modified_gmt":"2025-11-20T23:46:12","slug":"les-ultras-de-la-populaire-sud-fetent-leur-40e-anniversaire-ce-vendredi-soir","status":"publish","type":"post","link":"https:\/\/www.europesays.com\/fr\/547927\/","title":{"rendered":"les Ultras de la Populaire Sud f\u00eatent leur 40e anniversaire ce vendredi soir"},"content":{"rendered":"<p class=\"fs-5 \">Nice-Marseille, c\u2019est aussi un derby entre deux des plus anciens groupes Ultras en France. Quelques mois apr\u00e8s le Commando 84 marseillais et dans la m\u00eame ann\u00e9e que les Boulogne Boys de Paris, la Brigade Sud Nice 85 est n\u00e9e.<\/p>\n<p class=\"fs-5 \">Partie d\u2019un groupe de potes, l\u2019association regroupe quarante ans plus tard quatre mille membres \u00e0 l\u2019Allianz Riviera.<\/p>\n<p class=\"fs-5 \">Une poign\u00e9e de Ni\u00e7ois du Port, Saint-Roch, Arson \u2013 bref des quartiers populaires \u2013 des amoureux du Torino, du Milan ou de l\u2019Atalanta, surtout du mouvement Ultra italien en somme, ont refil\u00e9 leur fi\u00e8vre du Rouge et Noir sur plusieurs g\u00e9n\u00e9rations.<\/p>\n<p class=\"fs-5 \">\u00ab C\u2019est une fiert\u00e9, peu de groupes y parviennent \u00bb soulignait l\u2019un des fondateurs avant de rejoindre le Stade de France pour la Coupe de France 2022.<\/p>\n<p class=\"fs-5 \">Fervent passionn\u00e9 de sa ville et de son club, l\u2019Ultra et son engagement ne sont pas simplement d\u00e9pendants des r\u00e9sultats, \u00ab l\u2019esprit groupe peut parfois prendre le pas sur l&rsquo;\u00e9quipe \u00bb assure S\u00e9bastien Louis, historien, sociologue et auteur du livre \u2018\u2018Ultras, les autres protagonistes du football\u2019\u2019.<\/p>\n<p class=\"fs-5 \">\u00catre Ultra ne s\u2019arr\u00eate pas \u00e0 90 minutes ou un week-end, c\u2019est \u00ab un investissement au quotidien \u00bb rappelle Max dans le documentaire de 20 minutes qu\u2019ont consacr\u00e9 l\u2019OGC Nice et Kick-off Prod pour les 40 ans.<\/p>\n<p class=\"fs-5 \">Imaginer les chor\u00e9graphies, les dessiner, les fabriquer, \u00e7a prend du temps.<\/p>\n<p class=\"fs-5 \">Concevoir du mat\u00e9riel, organiser des d\u00e9placements, suivre l\u2019\u00e9quipe et faire perdurer l\u2019association r\u00e9clame de l\u2019investissement.<\/p>\n<p class=\"fs-5 \">\u00ab Parfois au d\u00e9triment de la famille, des amis, de l\u2019\u00e9pouse m\u00eame \u00bb, d\u00e9taille Alexy Bosetti, footballeur professionnel \u00e0 la fois \u00ab fier de faire partie de ce groupe \u00bb et \u00ab d\u00e9go\u00fbt\u00e9 de ne pas \u00eatre en tribune \u00bb ce soir.<\/p>\n<p>                                                                                Dissolution en 2010 suite \u00e0 une s\u00e9rie d\u2019\u00e9pisodes de violence<\/p>\n<p class=\"fs-5 \">Des \u00e2mes d\u00e9s\u0153uvr\u00e9es ont trouv\u00e9 une famille dans la tribune. Des victimes de la vie, de la temp\u00eate Alex (2020) ou des inondations \u00e0 Villeneuve-Loubet (2015) ont trouv\u00e9 du soutien dans la Populaire Sud.<\/p>\n<p class=\"fs-5 \">Parce que d\u00e9fendre sa ville, son club, sa culture et son identit\u00e9 ne s\u2019arr\u00eate pas aux fronti\u00e8res de la violence, le groupe et ses membres sont aussi victimes de leurs d\u00e9bordements.<\/p>\n<p class=\"fs-5 \">Six \u00e9pisodes de la saison 2009-10, dont un envahissement du terrain et une bagarre lors du derby \u00e0 Monaco, avaient encourag\u00e9 le Premier Ministre \u00e0 prononcer la dissolution de la Brigade Sud en 2010.<\/p>\n<p class=\"fs-5 \">\u00ab C\u2019\u00e9tait une tr\u00e8s mauvaise id\u00e9e, pointe encore aujourd\u2019hui Andr\u00e9 Bloch, directeur de la s\u00e9curit\u00e9 \u00e0 l\u2019OGC Nice pendant deux d\u00e9cennies apr\u00e8s plus de trente ann\u00e9es dans la police judiciaire. La direction d\u2019un club a besoin de conna\u00eetre l\u2019\u00e9tat d\u2019esprit dans ses tribunes pour assurer la s\u00e9curit\u00e9 dans son stade. Ne plus avoir d\u2019interlocuteurs, se retrouver face \u00e0 un black-out complet, c\u2019est la pire chose qui puisse arriver. \u00bb<\/p>\n<p class=\"fs-5 \">Le vide associatif a dur\u00e9 trois ans avant que la Populaire Sud ne reprenne le flambeau officiellement en 2013 alors que les Boulogne Boys (dissolution en 2008) et d\u2019autres ont disparu.<\/p>\n<p>                                                                                \u00ab La r\u00e9sumer \u00e0 une tribune de voyous est absolument faux \u00bb<\/p>\n<p class=\"fs-5 \">\u00ab La Populaire Sud est une tribune \u00e0 part dans le paysage Ultra fran\u00e7ais, son identit\u00e9 est tr\u00e8s affirm\u00e9e. C&rsquo;est une tribune \u00e9tonnante, il s&rsquo;en d\u00e9gage une grande force, une \u00e2me \u00bb reconnaissait dans nos colonnes Nicolas Hourcade, sociologue sp\u00e9cialis\u00e9 dans le support\u00e9risme, au moment de ce retour en gr\u00e2ce que les m\u00e9dias et m\u00e9disants ont trop souvent d\u00e9crit comme une tribune de voyous. <\/p>\n<p class=\"fs-5 \">\u00ab C\u2019est absolument faux. Dire cela, c\u2019est voir la situation \u00e0 travers le petit bout de la lorgnette \u00bb, appuie Andr\u00e9 Bloch apr\u00e8s avoir crois\u00e9 de vrais d\u00e9linquants \u00e0 la t\u00eate de la police criminelle de Nice. \u00ab Dans ce groupe, j\u2019ai crois\u00e9 des gens de toute condition sociale, un vrai panel repr\u00e9sentatif de la soci\u00e9t\u00e9. Sans minimiser ce qui n\u2019\u00e9tait pas acceptable, il fallait voir l\u2019ensemble des \u00e9l\u00e9ments positifs de ce que le groupe faisait. J\u2019ai crois\u00e9 des gens qui essayaient de respecter la parole donn\u00e9e, ce qui a permis de d\u00e9samorcer des situations difficiles, ou du moins \u00e9viter qu\u2019elles ne d\u00e9g\u00e9n\u00e8rent, par le dialogue. \u00bb<\/p>\n<p class=\"fs-5 \">Les bagarres lors des Nice-Saint-Etienne (novembre 2013), Nice-Bastia (octobre 2014), Nice-Cologne (septembre 2022), les Nice-OM marqu\u00e9s par la bouteille lanc\u00e9e sur Payet (novembre 2021) ou plus r\u00e9cemment par la pol\u00e9mique autour d\u2019une banderole incitant \u00e0 la \u00ab chasse aux rats \u00bb (janvier 2025) alimentent aujourd\u2019hui encore les envies de r\u00e9pression des instances, de l\u2019\u00e9 tat et de sa police.<\/p>\n<p class=\"fs-5 \">Quitte \u00e0 inverser la zone de danger&#8230; \u00ab Les interdictions de d\u00e9placement, les interdictions de stade pour un fumig\u00e8ne, c\u2019est p\u00e9nible. Pire, \u00e7 a devient dangereux d\u2019\u00eatre Ultra, d\u00e9nonce Bosetti. Je suis footballeur professionnel, je ne bois pas, je ne me drogue pas et pourtant j\u2019ai pris un tir de flashball dans l\u2019\u00e9paule avant la finale \u00e0 Paris. \u00e0 vingt centim\u00e8tres pr\u00e8s, je le prenais dans la t\u00eate. \u00bb<\/p>\n<p>                                                                                Renato Civelli : \u00ab La BSN, c\u2019est le Ray \u00bb<\/p>\n<p class=\"fs-5 \">Aiglon de janvier 2010 \u00e0 l\u2019\u00e9t\u00e9 2013, Renato Civelli est un Argentin qui se sent comme chez lui \u00e0 Nice. Il y revient tous les \u00e9t\u00e9s et garde une attache tr\u00e8s particuli\u00e8re pour le club et ses Ultras.<\/p>\n<p class=\"fs-5 \">\u00ab On avait une relation saine, ils ne m\u2019ont jamais rien demand\u00e9, comme moi je ne leur demandais rien, t\u00e9moigne l\u2019ancien d\u00e9fenseur. Mon comportement, mon jeu, ma fa\u00e7on de vivre le foot nous a rapproch\u00e9s. En Argentine, tu joues pour toi, pour ton coach, pour ton club mais aussi pour tes supporters. \u00e7 a s\u2019apprend depuis tout petit ici, on garde du respect pour les gens qui viennent te soutenir. C\u2019est vrai qu\u2019avec la BSN, j\u2019ai donc eu un rapport sp\u00e9cial.<\/p>\n<p class=\"fs-5 \">Pour moi, la Brigade Sud c\u2019est le stade du Ray, d\u00e9sol\u00e9 pour ceux qui ne sont pas d\u2019accord. Ce petit stade qui explosait \u00e0 chaque match, en grande partie gr\u00e2ce \u00e0 eux. Ce rapport continue chaque \u00e9t\u00e9 quand je croise les Ni\u00e7ois en ville. <\/p>\n<p class=\"fs-5 \">Mon seul regret, c\u2019est de ne pas leur avoir dit au revoir en tant que joueur, au fond de moi je pensais que j\u2019allais rester&#8230;<\/p>\n<p class=\"fs-5 \">Maintenant que j\u2019ai arr\u00eat\u00e9 ma carri\u00e8re, je me rends compte que le foot est un spectacle. Et que les supporters sont bien plus importants que ce que je pouvais penser avant. On l\u2019a vu pendant la pand\u00e9mie de Covid, le foot sans supporters, ce n\u2019est plus la m\u00eame chose. \u00bb<\/p>\n","protected":false},"excerpt":{"rendered":"Nice-Marseille, c\u2019est aussi un derby entre deux des plus anciens groupes Ultras en France. Quelques mois apr\u00e8s le&hellip;\n","protected":false},"author":2,"featured_media":547928,"comment_status":"","ping_status":"","sticky":false,"template":"","format":"standard","meta":{"footnotes":""},"categories":[2819],"tags":[1111,11,1777,674,1011,27,12,2401,54521,882,25],"class_list":{"0":"post-547927","1":"post","2":"type-post","3":"status-publish","4":"format-standard","5":"has-post-thumbnail","7":"category-nice","8":"tag-actu","9":"tag-actualites","10":"tag-eu","11":"tag-europe","12":"tag-fr","13":"tag-france","14":"tag-news","15":"tag-nice","16":"tag-ogcnice","17":"tag-provence-alpes-cote-dazur","18":"tag-republique-francaise"},"share_on_mastodon":{"url":"https:\/\/pubeurope.com\/@fr\/115584696599581632","error":""},"_links":{"self":[{"href":"https:\/\/www.europesays.com\/fr\/wp-json\/wp\/v2\/posts\/547927","targetHints":{"allow":["GET"]}}],"collection":[{"href":"https:\/\/www.europesays.com\/fr\/wp-json\/wp\/v2\/posts"}],"about":[{"href":"https:\/\/www.europesays.com\/fr\/wp-json\/wp\/v2\/types\/post"}],"author":[{"embeddable":true,"href":"https:\/\/www.europesays.com\/fr\/wp-json\/wp\/v2\/users\/2"}],"replies":[{"embeddable":true,"href":"https:\/\/www.europesays.com\/fr\/wp-json\/wp\/v2\/comments?post=547927"}],"version-history":[{"count":0,"href":"https:\/\/www.europesays.com\/fr\/wp-json\/wp\/v2\/posts\/547927\/revisions"}],"wp:featuredmedia":[{"embeddable":true,"href":"https:\/\/www.europesays.com\/fr\/wp-json\/wp\/v2\/media\/547928"}],"wp:attachment":[{"href":"https:\/\/www.europesays.com\/fr\/wp-json\/wp\/v2\/media?parent=547927"}],"wp:term":[{"taxonomy":"category","embeddable":true,"href":"https:\/\/www.europesays.com\/fr\/wp-json\/wp\/v2\/categories?post=547927"},{"taxonomy":"post_tag","embeddable":true,"href":"https:\/\/www.europesays.com\/fr\/wp-json\/wp\/v2\/tags?post=547927"}],"curies":[{"name":"wp","href":"https:\/\/api.w.org\/{rel}","templated":true}]}}