{"id":547931,"date":"2025-11-20T23:48:13","date_gmt":"2025-11-20T23:48:13","guid":{"rendered":"https:\/\/www.europesays.com\/fr\/547931\/"},"modified":"2025-11-20T23:48:13","modified_gmt":"2025-11-20T23:48:13","slug":"le-bonnet-dane-pour-nantes","status":"publish","type":"post","link":"https:\/\/www.europesays.com\/fr\/547931\/","title":{"rendered":"Le bonnet d&rsquo;\u00e2ne pour Nantes"},"content":{"rendered":"<p><strong>Une semaine apr\u00e8s avoir surclass\u00e9<br \/>\nle dernier du groupe \u00e0 domicile, Nantes s&rsquo;est inclin\u00e9 (29-28) jeudi<br \/>\nlors de la 8e journ\u00e9e de Ligue des Champions sur le parquet de<br \/>\ncette \u00e9quipe du Dinamo Bucarest qui avait perdu tous ses matchs<br \/>\navant de recevoir les Nantais. Une terrible contre-performance pour<br \/>\nle \u00ab\u00a0H\u00a0\u00bb.<\/strong><\/p>\n<p>Nantes, la terrible d\u00e9sillusion. En d\u00e9placement jeudi soir \u00e0<br \/>\nBucarest pour retrouver ce Dinamo dont il n\u2019avait fait qu\u2019une<br \/>\nbouch\u00e9e (35-28) une semaine plus t\u00f4t en Loire-Atlantique lors de la<br \/>\n7e journ\u00e9e de Ligue des Champions, le \u00ab\u00a0H\u00a0\u00bb est devenu la<br \/>\npremi\u00e8re \u00e9quipe cette saison \u00e0 mordre la poussi\u00e8re face au bon<br \/>\ndernier du groupe A.<\/p>\n<p>Avant d\u2019accueillir les Nantais pour ce match retour programm\u00e9<br \/>\nsept jours apr\u00e8s la promenade de sant\u00e9 des Lig\u00e9riens, en<br \/>\nd\u00e9monstration face \u00e0 ces m\u00eames Roumains devant leur public, la<br \/>\nlanterne rouge de la poule n\u2019avait gagn\u00e9 aucun match. Pire : elle<br \/>\navait perdu les sept rencontres qu\u2019elle avait disput\u00e9es jusque l\u00e0.<br \/>\nAlors, forc\u00e9ment, tous les adversaires du Dinamo redoutait d\u2019\u00eatre<br \/>\nle premier \u00e0 chuter face aux Roumains. Malheureusement pour le<br \/>\n\u00ab\u00a0H\u00a0\u00bb, ce bonnet d\u2019\u00e2ne d\u2019un soir lui revient.<\/p>\n<p>En voyant Valero Rivera et ses co\u00e9quipiers regagner les<br \/>\nvestiaires \u00e0 la pause avec trois buts d\u2019avance (15-12), il semblait<br \/>\npourtant impossible d\u2019imaginer que Nantes regagnerait ces m\u00eames<br \/>\nvestiaires la t\u00eate bien basse et vaincu trois quarts d\u2019heure plus<br \/>\ntard.<\/p>\n<p>Transcend\u00e9s par une salle chauff\u00e9e \u00e0 blanc, les co\u00e9quipiers des<br \/>\nFran\u00e7ais Samir Bellahcene et Tom Pelayo ont pourtant r\u00e9ussi<br \/>\nl\u2019incroyable exploit d\u2019inverser compl\u00e8tement la situation en<br \/>\nseconde mi-temps pour finalement conserver un but d\u2019avance et<br \/>\nsigner leur tout premier succ\u00e8s dans la comp\u00e9tition de la saison,<br \/>\ntandis que le \u00ab\u00a0H\u00a0\u00bb, qui conserve n\u00e9anmoins sa 4e place,<br \/>\na, lui, enregistr\u00e9 son 4e revers.<\/p>\n<p><strong>Minne a pourtant eu la<br \/>\nballe pour \u00e9galiser\u2026<\/strong><\/p>\n<p>Bien aid\u00e9 par des Nantais totalement m\u00e9connaissables par moment,<br \/>\nle Dinamo a m\u00eame compt\u00e9 par trois fois trois buts d\u2019avance. Les<br \/>\nderniers du groupe ont m\u00eame eu un ballon de +4. Ils ne sont pas<br \/>\nparvenus \u00e0 en profiter face \u00e0 des Nantais qui s\u2019\u00e9taient pourtant<br \/>\nfait remonter les bretelles par leur entra\u00eeneur Dimitri Fleurance<br \/>\nlors d\u2019un temps mort (\u00ab\u00a0Vous faites n\u2019importe quoi, vous vous<br \/>\npr\u00e9cipitez dans tout ! (\u2026) On n\u2019attaque rien, il n\u2019y a aucune<br \/>\nmobilit\u00e9 !)\u00a0\u00bb.<\/p>\n<p>Malgr\u00e9 cette \u00e9norme baisse de r\u00e9gime (sans compter tous les<br \/>\nballons perdus et autres impr\u00e9cisions et imperfections en tout<br \/>\ngenre), le \u00ab\u00a0H\u00a0\u00bb, revenu plusieurs fois \u00e0 hauteur lors de<br \/>\ncette fin de match irrespirable, a eu le ballon pour arracher<br \/>\nl\u2019\u00e9galisation. Pelayo, l\u2019un des deux Fran\u00e7ais de l\u2019effectif, venait<br \/>\nalors de redonner un but d\u2019avance \u00e0 son \u00e9quipe, sur un tir direct,<br \/>\net il ne restait plus que 45 secondes \u00e0 jouer.<\/p>\n<p>Ce dernier ballon pour au moins limiter la casse et repartir de<br \/>\nBucarest avec un nul (NDLR : Cela aurait \u00e9t\u00e9 le premier de Nantes),<br \/>\nc\u2019est Aymeric Minne qui l\u2019a eu dans les mains. L\u2019international<br \/>\nfran\u00e7ais a malheureusement vu sa tentative, \u00e0 bout portant,<br \/>\nrenvoy\u00e9e par le gardien adverse. M\u00eame dans ses pires cauchemars,<br \/>\nles Nantais n\u2019auraient jamais pens\u00e9 conna\u00eetre une soir\u00e9e aussi<br \/>\nnoire.<\/p>\n","protected":false},"excerpt":{"rendered":"Une semaine apr\u00e8s avoir surclass\u00e9 le dernier du groupe \u00e0 domicile, Nantes s&rsquo;est inclin\u00e9 (29-28) jeudi lors de&hellip;\n","protected":false},"author":2,"featured_media":547932,"comment_status":"","ping_status":"","sticky":false,"template":"","format":"standard","meta":{"footnotes":""},"categories":[2818],"tags":[1111,11,1777,674,1011,27,766,12,2636,25,57681],"class_list":{"0":"post-547931","1":"post","2":"type-post","3":"status-publish","4":"format-standard","5":"has-post-thumbnail","7":"category-nantes","8":"tag-actu","9":"tag-actualites","10":"tag-eu","11":"tag-europe","12":"tag-fr","13":"tag-france","14":"tag-nantes","15":"tag-news","16":"tag-pays-de-la-loire","17":"tag-republique-francaise","18":"tag-sport365-fr"},"share_on_mastodon":{"url":"","error":""},"_links":{"self":[{"href":"https:\/\/www.europesays.com\/fr\/wp-json\/wp\/v2\/posts\/547931","targetHints":{"allow":["GET"]}}],"collection":[{"href":"https:\/\/www.europesays.com\/fr\/wp-json\/wp\/v2\/posts"}],"about":[{"href":"https:\/\/www.europesays.com\/fr\/wp-json\/wp\/v2\/types\/post"}],"author":[{"embeddable":true,"href":"https:\/\/www.europesays.com\/fr\/wp-json\/wp\/v2\/users\/2"}],"replies":[{"embeddable":true,"href":"https:\/\/www.europesays.com\/fr\/wp-json\/wp\/v2\/comments?post=547931"}],"version-history":[{"count":0,"href":"https:\/\/www.europesays.com\/fr\/wp-json\/wp\/v2\/posts\/547931\/revisions"}],"wp:featuredmedia":[{"embeddable":true,"href":"https:\/\/www.europesays.com\/fr\/wp-json\/wp\/v2\/media\/547932"}],"wp:attachment":[{"href":"https:\/\/www.europesays.com\/fr\/wp-json\/wp\/v2\/media?parent=547931"}],"wp:term":[{"taxonomy":"category","embeddable":true,"href":"https:\/\/www.europesays.com\/fr\/wp-json\/wp\/v2\/categories?post=547931"},{"taxonomy":"post_tag","embeddable":true,"href":"https:\/\/www.europesays.com\/fr\/wp-json\/wp\/v2\/tags?post=547931"}],"curies":[{"name":"wp","href":"https:\/\/api.w.org\/{rel}","templated":true}]}}