{"id":547935,"date":"2025-11-20T23:50:22","date_gmt":"2025-11-20T23:50:22","guid":{"rendered":"https:\/\/www.europesays.com\/fr\/547935\/"},"modified":"2025-11-20T23:50:22","modified_gmt":"2025-11-20T23:50:22","slug":"nouvelle-usine-a-bordeaux-pour-the-exploration-company","status":"publish","type":"post","link":"https:\/\/www.europesays.com\/fr\/547935\/","title":{"rendered":"Nouvelle usine \u00e0 Bordeaux pour The Exploration Company"},"content":{"rendered":"<p style=\"text-align:justify;\">La nouvelle usine occupe 5000 m\u00b2, auxquels s\u2019ajoutent 2500 m\u00b2 de bureaux. Au c\u0153ur de la strat\u00e9gie, le d\u00e9veloppement industriel de la capsule Nyx, d\u00e9velopp\u00e9e pour assurer un service de cargo des stations spatiales. Avec ce nouveau site, The Exploration Company s\u2019inscrit dans le c\u0153ur actif de la propulsion \u00e0 Bordeaux. Le site prendra en charge le d\u00e9veloppement, l\u2019assemblage, et les tests des diff\u00e9rents propulseurs (Huracan, Typhoon, Storm, Mistral, et Breeze). Tous \u00e9quiperont la future capsule r\u00e9utilisable <a href=\"https:\/\/air-cosmos.com\/article\/the-exploration-company-propose-sa-capsule-nyx-41566\" target=\"_blank\" rel=\"noopener\">Nyx<\/a>.<\/p>\n<p style=\"text-align:justify;\">\u00c9galement install\u00e9 \u00e0 Munich, The Exploration Company augmente son empreinte bordelaise. L\u2019usine du Haillan accueillera en plus des activit\u00e9 li\u00e9es \u00e0 la propulsion un p\u00f4le Ing\u00e9nierie Syst\u00e8mes d\u00e9di\u00e9 \u00e0 la gestion de programme, l\u2019int\u00e9gration et la livraison de l\u2019ensemble des missions Nyx. Le site accueille aussi l\u2019\u00e9quipe Protection Thermique et la fabrication des tuiles constituants le pr\u00e9cieux bouclier qui prot\u00e8ge la capsule et le fret \u00e0 bord des \u00e9chauffements lors de la rentr\u00e9e atmosph\u00e9rique.<\/p>\n<p style=\"text-align:justify;\">The Exploration Company dope donc sa strat\u00e9gie industrielle avec le nouveau site du Haillan, mais pr\u00e9pare aussi ses op\u00e9rations car c\u2019est ici que seront pilot\u00e9es les missions. Pour cela, le site comporte une salle de contr\u00f4le, connect\u00e9e au Centre de contr\u00f4le du segment am\u00e9ricain de l\u2019ISS \u00e0 Houston, Texas. Le premier vol op\u00e9rationnel approche \u00e0 grands pas. Avec une proposition de Thales Alenia Space, la capsule Nyx a \u00e9t\u00e9 pr\u00e9s\u00e9lectionn\u00e9e par l\u2019appel d\u2019offre de service de cargo en orbite basse de l\u2019Agence spatiale europ\u00e9enne (LEO cargo Return), qui requiert la possibilit\u00e9 de rapporter de fret sur Terre. The Exploration Company a d\u00e9j\u00e0 test\u00e9 une premi\u00e8re fois son bouclier thermique avec le vol Mission Possible. Si la prochaine conf\u00e9rence minist\u00e9rielle de l\u2019ESA se montre g\u00e9n\u00e9reuse sur le budget, une premi\u00e8re mission pourrait \u00eatre financ\u00e9e en vue d\u2019un vol d\u2019ici 2028. En contact avec plusieurs soci\u00e9t\u00e9s qui proposent des futures stations spatiales commerciales, The Exploration Company satisfait progressivement les contraintes de s\u00e9curit\u00e9 avec une premi\u00e8re revue commune entre la Nasa et l\u2019ESA pour l\u2019ISS, et le succ\u00e8s d\u2019un test du blindage anti-microm\u00e9t\u00e9orite de la capsule.<\/p>\n","protected":false},"excerpt":{"rendered":"La nouvelle usine occupe 5000 m\u00b2, auxquels s\u2019ajoutent 2500 m\u00b2 de bureaux. Au c\u0153ur de la strat\u00e9gie, le&hellip;\n","protected":false},"author":2,"featured_media":547936,"comment_status":"","ping_status":"","sticky":false,"template":"","format":"standard","meta":{"footnotes":""},"categories":[2817],"tags":[1111,11,10054,296,2965,10051,10055,37,1997,10050,554,386,1777,674,1011,27,10052,12,2219,25,10053],"class_list":{"0":"post-547935","1":"post","2":"type-post","3":"status-publish","4":"format-standard","5":"has-post-thumbnail","7":"category-bordeaux","8":"tag-actu","9":"tag-actualites","10":"tag-actualites-aeronautique","11":"tag-aeronautique","12":"tag-air","13":"tag-aviation-civile","14":"tag-aviation-magazine","15":"tag-avion","16":"tag-bordeaux","17":"tag-cosmos","18":"tag-defense","19":"tag-espace","20":"tag-eu","21":"tag-europe","22":"tag-fr","23":"tag-france","24":"tag-magazine-aeronautique","25":"tag-news","26":"tag-nouvelle-aquitaine","27":"tag-republique-francaise","28":"tag-revue-aviation"},"share_on_mastodon":{"url":"https:\/\/pubeurope.com\/@fr\/115584711044742924","error":""},"_links":{"self":[{"href":"https:\/\/www.europesays.com\/fr\/wp-json\/wp\/v2\/posts\/547935","targetHints":{"allow":["GET"]}}],"collection":[{"href":"https:\/\/www.europesays.com\/fr\/wp-json\/wp\/v2\/posts"}],"about":[{"href":"https:\/\/www.europesays.com\/fr\/wp-json\/wp\/v2\/types\/post"}],"author":[{"embeddable":true,"href":"https:\/\/www.europesays.com\/fr\/wp-json\/wp\/v2\/users\/2"}],"replies":[{"embeddable":true,"href":"https:\/\/www.europesays.com\/fr\/wp-json\/wp\/v2\/comments?post=547935"}],"version-history":[{"count":0,"href":"https:\/\/www.europesays.com\/fr\/wp-json\/wp\/v2\/posts\/547935\/revisions"}],"wp:featuredmedia":[{"embeddable":true,"href":"https:\/\/www.europesays.com\/fr\/wp-json\/wp\/v2\/media\/547936"}],"wp:attachment":[{"href":"https:\/\/www.europesays.com\/fr\/wp-json\/wp\/v2\/media?parent=547935"}],"wp:term":[{"taxonomy":"category","embeddable":true,"href":"https:\/\/www.europesays.com\/fr\/wp-json\/wp\/v2\/categories?post=547935"},{"taxonomy":"post_tag","embeddable":true,"href":"https:\/\/www.europesays.com\/fr\/wp-json\/wp\/v2\/tags?post=547935"}],"curies":[{"name":"wp","href":"https:\/\/api.w.org\/{rel}","templated":true}]}}