{"id":54794,"date":"2025-04-26T16:27:08","date_gmt":"2025-04-26T16:27:08","guid":{"rendered":"https:\/\/www.europesays.com\/fr\/54794\/"},"modified":"2025-04-26T16:27:08","modified_gmt":"2025-04-26T16:27:08","slug":"top-14-melvyn-jaminet-sort-sur-civiere-avec-toulon","status":"publish","type":"post","link":"https:\/\/www.europesays.com\/fr\/54794\/","title":{"rendered":"Top 14 : Melvyn Jaminet sort sur civi\u00e8re avec Toulon"},"content":{"rendered":"<p>Mis en difficult\u00e9 \u00e0 Vannes, le RC Toulonnais a subi un nouveau coup dur dans la rencontre de la 22e journ\u00e9e de Top 14 en perdant son arri\u00e8re Melvyn Jaminet, sorti sur civi\u00e8re \u00e0 la 45e minute. L&rsquo;international fran\u00e7ais (20 s\u00e9lections) a subi un choc \u00e0 la t\u00eate et s&rsquo;est retrouv\u00e9 au tapis pendant une poign\u00e9e de minutes, semblant KO.<\/p>\n<p>Mais le N.15 toulonnais, \u00e9vacu\u00e9 sur civi\u00e8re afin de poursuivre le protocole commotion, a rassur\u00e9 en levant le pouce, indiquant qu&rsquo;il avait retrouv\u00e9 peu \u00e0 peu ses esprits.<\/p>\n<p>Jaminet a \u00e9t\u00e9 remplac\u00e9 par Paolo Garbisi pour tenter de remonter la pente chez le promu (22-19 au moment de sa sortie) et maintenir la cadence d&rsquo;un RCT en qu\u00eate d&rsquo;une qualification directe pour les demi-finales de Top 14. Toutefois, l&rsquo;image a refroidi le public en faisant \u00e9cho aux propos chocs de S\u00e9bastien Chabal deux semaines auparavant sur les cons\u00e9quences des chocs \u00e0 la t\u00eate dans le rugby.<\/p>\n","protected":false},"excerpt":{"rendered":"Mis en difficult\u00e9 \u00e0 Vannes, le RC Toulonnais a subi un nouveau coup dur dans la rencontre de&hellip;\n","protected":false},"author":2,"featured_media":54795,"comment_status":"","ping_status":"","sticky":false,"template":"","format":"standard","meta":{"footnotes":""},"categories":[9619],"tags":[17,1111,11,14936,1777,674,1011,27,8544,14935,12,882,25,479,4102,60,3356,3030,2310],"class_list":{"0":"post-54794","1":"post","2":"type-post","3":"status-publish","4":"format-standard","5":"has-post-thumbnail","7":"category-toulon","8":"tag-17","9":"tag-actu","10":"tag-actualites","11":"tag-civiere","12":"tag-eu","13":"tag-europe","14":"tag-fr","15":"tag-france","16":"tag-jaminet","17":"tag-melvyn","18":"tag-news","19":"tag-provence-alpes-cote-dazur","20":"tag-republique-francaise","21":"tag-rugby","22":"tag-sort","23":"tag-sports","24":"tag-sur","25":"tag-top","26":"tag-toulon"},"share_on_mastodon":{"url":"https:\/\/pubeurope.com\/@fr\/114405208964554545","error":""},"_links":{"self":[{"href":"https:\/\/www.europesays.com\/fr\/wp-json\/wp\/v2\/posts\/54794","targetHints":{"allow":["GET"]}}],"collection":[{"href":"https:\/\/www.europesays.com\/fr\/wp-json\/wp\/v2\/posts"}],"about":[{"href":"https:\/\/www.europesays.com\/fr\/wp-json\/wp\/v2\/types\/post"}],"author":[{"embeddable":true,"href":"https:\/\/www.europesays.com\/fr\/wp-json\/wp\/v2\/users\/2"}],"replies":[{"embeddable":true,"href":"https:\/\/www.europesays.com\/fr\/wp-json\/wp\/v2\/comments?post=54794"}],"version-history":[{"count":0,"href":"https:\/\/www.europesays.com\/fr\/wp-json\/wp\/v2\/posts\/54794\/revisions"}],"wp:featuredmedia":[{"embeddable":true,"href":"https:\/\/www.europesays.com\/fr\/wp-json\/wp\/v2\/media\/54795"}],"wp:attachment":[{"href":"https:\/\/www.europesays.com\/fr\/wp-json\/wp\/v2\/media?parent=54794"}],"wp:term":[{"taxonomy":"category","embeddable":true,"href":"https:\/\/www.europesays.com\/fr\/wp-json\/wp\/v2\/categories?post=54794"},{"taxonomy":"post_tag","embeddable":true,"href":"https:\/\/www.europesays.com\/fr\/wp-json\/wp\/v2\/tags?post=54794"}],"curies":[{"name":"wp","href":"https:\/\/api.w.org\/{rel}","templated":true}]}}