{"id":547943,"date":"2025-11-20T23:54:25","date_gmt":"2025-11-20T23:54:25","guid":{"rendered":"https:\/\/www.europesays.com\/fr\/547943\/"},"modified":"2025-11-20T23:54:25","modified_gmt":"2025-11-20T23:54:25","slug":"monaco-et-lille-boudent-toujours-larbitrage-francais-france-arbitrage","status":"publish","type":"post","link":"https:\/\/www.europesays.com\/fr\/547943\/","title":{"rendered":"Monaco et Lille boudent toujours l\u2019arbitrage fran\u00e7ais &#8211; France &#8211; Arbitrage"},"content":{"rendered":"<p>Les Rouge et Blanc, tous unis contre la vie ch\u00e8re\u00a0l\u2019arbitrage.<\/p>\n<p><strong>Plusieurs clubs de Ligue 1 ont \u00e9t\u00e9 invit\u00e9s ce mercredi par la FFF, dans le but d\u2019une initiation \u00e0 la VAR<\/strong>. L\u2019objectif ? Que les clubs puissent davantage en apprendre sur le fonctionnement de la VAR et du r\u00f4le des arbitres, souvent critiqu\u00e9s notamment depuis le d\u00e9but de la saison.<\/p>\n<p>Certains tauliers du championnat comme le Paris Saint-Germain, l\u2019Olympique de Marseille ou l\u2019Olympique lyonnais n\u2019ont pas manqu\u00e9 \u00e0 l\u2019appel et ont notamment pu \u00e9changer sur le sujet. Pendant que d\u2019autres \u00e9curies comme <strong>l\u2019AS Monaco ou encore le LOSC sont les principales absentes de ce rendez-vous d\u2019initiation, qu\u2019ils ont pr\u00e9f\u00e9r\u00e9 boycotter.<\/strong><\/p>\n<p>Un boycott loin d\u2019\u00eatre anodin<\/p>\n<p>Les Lillois et les Mon\u00e9gasques ne sont pas les seuls mauvais \u00e9l\u00e8ves \u00e0 avoir s\u00e9ch\u00e9 ce cours. Metz, Strasbourg ou encore Angers ont aussi d\u00e9clin\u00e9 l\u2019invitation de la FFF. Mais les deux clubs attisent particuli\u00e8rement l\u2019attention \u00e0 la fois par leur poids au sein du championnat,<strong> ainsi que par les raisons ayant entra\u00een\u00e9 ce refus.<\/strong><\/p>\n<p><a target=\"_blank\" href=\"https:\/\/www.sofoot.com\/breves\/olivier-letang-refuse-linvitation-de-la-fff-pour-tester-la-var\" rel=\"nofollow noopener\">Si Oliver L\u00e9tang avait d\u00e9j\u00e0 annonc\u00e9 son absence le mois dernier<\/a>, <strong>ses multiples revendications \u00e0 <a target=\"_blank\" href=\"https:\/\/www.sofoot.com\/breves\/olivier-letang-fracasse-larbitrage-francais-apres-lille-ol\" rel=\"nofollow noopener\">l\u2019encontre de l\u2019arbitrage en Ligue 1<\/a> comme en <a target=\"_blank\" href=\"https:\/\/www.sofoot.com\/breves\/olivier-letang-president-lillois-se-plaint-de-larbitrage-contre-le-paok-en-ligue-europa-jai-deja-ecrit-a-ceferin\" rel=\"nofollow noopener\">Ligue Europa<\/a> justifient son d\u00e9samour actuel de l\u2019arbitrage<\/strong>. Ce qui lui a tout juste notamment<a target=\"_blank\" href=\"https:\/\/www.sofoot.com\/breves\/ligue-des-champions-olivier-letang-ecope-dune-amende-de-10-000-euros-par-luefa-apres-sa-sortie-a-la-mi-temps-lors-de-lille-paok\" rel=\"nofollow noopener\"> valu une belle amende.<\/a><\/p>\n<p>Un mode de r\u00e9flexion identique pour Monaco, \u00e9tant donn\u00e9 que le directeur g\u00e9n\u00e9ral du club de la principaut\u00e9 <strong><a target=\"_blank\" href=\"https:\/\/www.sofoot.com\/breves\/ligue-1-apres-la-large-defaite-de-monaco-contre-lens-thiago-scuro-sen-prend-a-larbitrage\" rel=\"nofollow noopener\">Thiago Scuro, s\u2019en \u00e9tait aussi pris \u00e0 l\u2019arbitrage lors de la gifle inflig\u00e9e par le RC Lens (1-4),<\/a> plus t\u00f4t dans le mois.<\/strong><\/p>\n<p>Annonce pour les s\u00e9cheurs : le prochain cours est pr\u00e9vu en d\u00e9cembre prochain.<\/p>\n<p>\t\t\t\t\t\t\t\t\t\t<a class=\"lien-connexe\" href=\"https:\/\/www.sofoot.com\/articles\/pronostics-ligue-1-analyses-cotes-et-pronos-avant-la-11e-journee-de-ligue-1\" rel=\"nofollow noopener\" target=\"_blank\">PSG, OM, Monaco&#8230; Pronostics Ligue 1\u202f: Analyses, cotes et pronos avant la 11e journ\u00e9e<\/a>\t\t\t\t\t<\/p>\n","protected":false},"excerpt":{"rendered":"Les Rouge et Blanc, tous unis contre la vie ch\u00e8re\u00a0l\u2019arbitrage. Plusieurs clubs de Ligue 1 ont \u00e9t\u00e9 invit\u00e9s&hellip;\n","protected":false},"author":2,"featured_media":547944,"comment_status":"","ping_status":"","sticky":false,"template":"","format":"standard","meta":{"footnotes":""},"categories":[2815],"tags":[1111,47,11,61,69,65,64,1777,674,63,1011,27,811,68,66,1307,12,62,70,25,67],"class_list":{"0":"post-547943","1":"post","2":"type-post","3":"status-publish","4":"format-standard","5":"has-post-thumbnail","7":"category-lille","8":"tag-actu","9":"tag-actualite","10":"tag-actualites","11":"tag-actus-football","12":"tag-bundesliga","13":"tag-championnats-europeens","14":"tag-equipe-de-france","15":"tag-eu","16":"tag-europe","17":"tag-football","18":"tag-fr","19":"tag-france","20":"tag-hauts-de-france","21":"tag-ligua","22":"tag-ligue-1","23":"tag-lille","24":"tag-news","25":"tag-news-foot","26":"tag-premier-league","27":"tag-republique-francaise","28":"tag-serie-a"},"share_on_mastodon":{"url":"https:\/\/pubeurope.com\/@fr\/115584726761854805","error":""},"_links":{"self":[{"href":"https:\/\/www.europesays.com\/fr\/wp-json\/wp\/v2\/posts\/547943","targetHints":{"allow":["GET"]}}],"collection":[{"href":"https:\/\/www.europesays.com\/fr\/wp-json\/wp\/v2\/posts"}],"about":[{"href":"https:\/\/www.europesays.com\/fr\/wp-json\/wp\/v2\/types\/post"}],"author":[{"embeddable":true,"href":"https:\/\/www.europesays.com\/fr\/wp-json\/wp\/v2\/users\/2"}],"replies":[{"embeddable":true,"href":"https:\/\/www.europesays.com\/fr\/wp-json\/wp\/v2\/comments?post=547943"}],"version-history":[{"count":0,"href":"https:\/\/www.europesays.com\/fr\/wp-json\/wp\/v2\/posts\/547943\/revisions"}],"wp:featuredmedia":[{"embeddable":true,"href":"https:\/\/www.europesays.com\/fr\/wp-json\/wp\/v2\/media\/547944"}],"wp:attachment":[{"href":"https:\/\/www.europesays.com\/fr\/wp-json\/wp\/v2\/media?parent=547943"}],"wp:term":[{"taxonomy":"category","embeddable":true,"href":"https:\/\/www.europesays.com\/fr\/wp-json\/wp\/v2\/categories?post=547943"},{"taxonomy":"post_tag","embeddable":true,"href":"https:\/\/www.europesays.com\/fr\/wp-json\/wp\/v2\/tags?post=547943"}],"curies":[{"name":"wp","href":"https:\/\/api.w.org\/{rel}","templated":true}]}}