{"id":547945,"date":"2025-11-20T23:55:15","date_gmt":"2025-11-20T23:55:15","guid":{"rendered":"https:\/\/www.europesays.com\/fr\/547945\/"},"modified":"2025-11-20T23:55:15","modified_gmt":"2025-11-20T23:55:15","slug":"61-secondes-dimages-muettes-pour-un-double-homicide","status":"publish","type":"post","link":"https:\/\/www.europesays.com\/fr\/547945\/","title":{"rendered":"61 secondes d&rsquo;images muettes pour un double homicide"},"content":{"rendered":"<p>Dans le c\u00e9r\u00e9monial bavard d\u2019un proc\u00e8s d\u2019assises, souvent, ce sont les images qui imposent le silence. Ce silence, la cour d\u2019assises des Bouches-du-Rh\u00f4ne l\u2019a affront\u00e9 pendant une petite minute, en visionnant les images crues et sans son de <a href=\"https:\/\/www.laprovence.com\/article\/edition-marseille\/3788213\/deux-morts-sur-le-parking-de-grand-v.html\" target=\"_blank\" rel=\"noopener\">l\u2019assassinat de Nouri Lakas, 26\u00a0ans et Nadir Khellouf, 31\u00a0ans<\/a>, le 4\u00a0f\u00e9vrier\u00a02016 vers 21h30, \u00e0 Marseille.<\/p>\n<p>Abattus en mangeant des hamburgers<\/p>\n<p>Soixante-et-une secondes capt\u00e9es par les cam\u00e9ras de vid\u00e9osurveillance du parking bas du centre commercial Grand V, \u00e0 La Valentine, dans le 11e arrondissement de Marseille. Projet\u00e9es sur les trois \u00e9crans de la salle d\u2019audience du vieux palais Verdun, \u00e0 Aix-en-Provence, les images d\u00e9filent et le temps ralentit. Dans le public rare, les proches des victimes retiennent leur souffle quand la Peugeot 107 appara\u00eet dans le cadre, stationn\u00e9e face \u00e0 un mur, dos au parking.<\/p>\n<p>Le silence de la salle d\u2019audience est lourd et sur les \u00e9crans, rien ne bouge, seule la lumi\u00e8re d\u2019un lampadaire semble l\u00e9g\u00e8rement vaciller dans la nuit. \u00c0 l\u2019int\u00e9rieur de l\u2019habitacle, Nadir Khellouf, au volant, et Nouri Lakas, sur le si\u00e8ge passager, sont en train d\u2019engloutir les hamburgers achet\u00e9s au Quick situ\u00e9 \u00e0 une centaine de m\u00e8tres de l\u00e0. \u00ab\u00a0Pourquoi&#8230;<\/p>\n","protected":false},"excerpt":{"rendered":"Dans le c\u00e9r\u00e9monial bavard d\u2019un proc\u00e8s d\u2019assises, souvent, ce sont les images qui imposent le silence. Ce silence,&hellip;\n","protected":false},"author":2,"featured_media":547946,"comment_status":"","ping_status":"","sticky":false,"template":"","format":"standard","meta":{"footnotes":""},"categories":[2814],"tags":[17,1111,11,66574,3391,1777,674,274,1011,27,2683,884,66575,12,471,882,25,50031],"class_list":{"0":"post-547945","1":"post","2":"type-post","3":"status-publish","4":"format-standard","5":"has-post-thumbnail","7":"category-marseille","8":"tag-17","9":"tag-actu","10":"tag-actualites","11":"tag-dimages","12":"tag-double","13":"tag-eu","14":"tag-europe","15":"tag-faits-divers-justice","16":"tag-fr","17":"tag-france","18":"tag-homicide","19":"tag-marseille","20":"tag-muettes","21":"tag-news","22":"tag-pour","23":"tag-provence-alpes-cote-dazur","24":"tag-republique-francaise","25":"tag-secondes"},"share_on_mastodon":{"url":"https:\/\/pubeurope.com\/@fr\/115584732030016150","error":""},"_links":{"self":[{"href":"https:\/\/www.europesays.com\/fr\/wp-json\/wp\/v2\/posts\/547945","targetHints":{"allow":["GET"]}}],"collection":[{"href":"https:\/\/www.europesays.com\/fr\/wp-json\/wp\/v2\/posts"}],"about":[{"href":"https:\/\/www.europesays.com\/fr\/wp-json\/wp\/v2\/types\/post"}],"author":[{"embeddable":true,"href":"https:\/\/www.europesays.com\/fr\/wp-json\/wp\/v2\/users\/2"}],"replies":[{"embeddable":true,"href":"https:\/\/www.europesays.com\/fr\/wp-json\/wp\/v2\/comments?post=547945"}],"version-history":[{"count":0,"href":"https:\/\/www.europesays.com\/fr\/wp-json\/wp\/v2\/posts\/547945\/revisions"}],"wp:featuredmedia":[{"embeddable":true,"href":"https:\/\/www.europesays.com\/fr\/wp-json\/wp\/v2\/media\/547946"}],"wp:attachment":[{"href":"https:\/\/www.europesays.com\/fr\/wp-json\/wp\/v2\/media?parent=547945"}],"wp:term":[{"taxonomy":"category","embeddable":true,"href":"https:\/\/www.europesays.com\/fr\/wp-json\/wp\/v2\/categories?post=547945"},{"taxonomy":"post_tag","embeddable":true,"href":"https:\/\/www.europesays.com\/fr\/wp-json\/wp\/v2\/tags?post=547945"}],"curies":[{"name":"wp","href":"https:\/\/api.w.org\/{rel}","templated":true}]}}