{"id":547951,"date":"2025-11-20T23:58:17","date_gmt":"2025-11-20T23:58:17","guid":{"rendered":"https:\/\/www.europesays.com\/fr\/547951\/"},"modified":"2025-11-20T23:58:17","modified_gmt":"2025-11-20T23:58:17","slug":"lyon-des-lyonnais-defilent-dans-le-froid-en-soutien-aux-270-enfants-sans-abri-de-la-metropole","status":"publish","type":"post","link":"https:\/\/www.europesays.com\/fr\/547951\/","title":{"rendered":"Lyon. Des Lyonnais d\u00e9filent dans le froid en soutien aux 270 enfants sans abri de la m\u00e9tropole"},"content":{"rendered":"<p>M\u00e8res de famille h\u00e9berg\u00e9es avec leurs enfants dans des \u00e9coles et travailleurs sociaux ont d\u00e9fil\u00e9 c\u00f4te \u00e0 c\u00f4te jeudi \u00e0 Lyon, sous un vent glacial, pour d\u00e9noncer la situation des 270 enfants sans abri de la m\u00e9tropole.<\/p>\n<p>\u00ab On dort sur des matelas dans le gymnase, on a toujours des repas froids \u00bb, raconte une m\u00e8re de famille de 38 ans rencontr\u00e9e par l&rsquo;AFP en t\u00eate de cort\u00e8ge. Avec ses trois filles de 18, 15 et 7 ans, elle dort depuis un an dans une \u00e9cole, qui \u00ab n&rsquo;a pas de douches \u00bb, pr\u00e9cise-t-elle en requ\u00e9rant l&rsquo;anonymat.\u00a0<\/p>\n<p>Elle fait r\u00e9guli\u00e8rement des demandes: logement social, 115, \u00ab il n&rsquo;y a jamais de place, c&rsquo;est toujours la m\u00eame r\u00e9ponse \u00bb.<\/p>\n<p>Dans la rue de 7h \u00e0 18h30<\/p>\n<p>A ses c\u00f4t\u00e9s, une autre m\u00e8re, qui a deux enfants de 10 et 6 ans, raconte la difficult\u00e9 de prendre son traitement m\u00e9dical au quotidien, alors que \u00ab de 7h00 \u00e0 18h30 \u00bb, pendant les classes, les \u00ab mamans doivent rester dans la rue \u00bb.<\/p>\n<p>\u00ab Un toit, c&rsquo;est un droit \u00bb, ont scand\u00e9 les quelque 200 manifestants pour d\u00e9noncer ces situations particuli\u00e8rement difficiles \u00e0 l&rsquo;arriv\u00e9e de l&rsquo;hiver.<\/p>\n<p>\u00ab C&rsquo;est la journ\u00e9e internationale des droits de l&rsquo;Enfant et l&rsquo;anniversaire de la Convention internationale des droits de l&rsquo;Enfant: on r\u00e9clame que les dispositions qu&rsquo;elle contient soient respect\u00e9es, quelles que soient les cons\u00e9quences budg\u00e9taires \u00bb, explique Juliette Murtin, de l&rsquo;association Jamais sans toit, qui a appel\u00e9 au rassemblement avec H\u00e9bergement en Danger et CCAS en Lutte.<\/p>\n<p>Une vingtaine d&rsquo;\u00e9coles r\u00e9quisitionn\u00e9es<\/p>\n<p>Les collectifs ont \u00ab mis \u00e0 l&rsquo;abri \u00bb un tiers des enfants sans abri \u00e0 Lyon, en r\u00e9quisitionnant une vingtaine d&rsquo;\u00e9cole, selon Mme Murtin. \u00ab Pour les enseignants, la seule solution c&rsquo;est de se mettre dans l&rsquo;ill\u00e9galit\u00e9 et d&rsquo;occuper les \u00e9coles. Ce n&rsquo;est pas satisfaisant, ce n&rsquo;est pas suffisant \u00bb, regrette-t-elle.<\/p>\n<p>Une trentaine de manifestants s&rsquo;\u00e9tait r\u00e9unie un peu plus t\u00f4t dans la journ\u00e9e pour interpeller sur ce sujet le ministre de l&rsquo;Education Edouard Geffray, en visite dans une \u00e9cole \u00e0 Villeurbanne, pr\u00e8s de Lyon.<\/p>\n<p>\u00ab Evidemment, c&rsquo;est une situation douloureuse (&#8230;) Les services de l&rsquo;Etat font leurs meilleurs efforts pour trouver des solutions pour toutes les familles qui sont concern\u00e9es \u00bb, a r\u00e9pondu le ministre.<\/p>\n<p>A Lyon, \u00ab il y a un \u00e9norme enjeu autour de l&rsquo;h\u00e9bergement d&rsquo;urgence, parce qu&rsquo;il y a une tr\u00e8s forte croissance \u00bb, a-t-il observ\u00e9, assurant que \u00ab les investissements de l&rsquo;Etat \u00bb pour cr\u00e9er des places suppl\u00e9mentaires avaient augment\u00e9 de \u00ab plus de 150% en 10 ans \u00bb.<\/p>\n","protected":false},"excerpt":{"rendered":"M\u00e8res de famille h\u00e9berg\u00e9es avec leurs enfants dans des \u00e9coles et travailleurs sociaux ont d\u00e9fil\u00e9 c\u00f4te \u00e0 c\u00f4te&hellip;\n","protected":false},"author":2,"featured_media":547952,"comment_status":"","ping_status":"","sticky":false,"template":"","format":"standard","meta":{"footnotes":""},"categories":[1889],"tags":[1111,11,2430,2757,1057,1777,674,1011,27,1908,2428,12,25,2429,801,104],"class_list":{"0":"post-547951","1":"post","2":"type-post","3":"status-publish","4":"format-standard","5":"has-post-thumbnail","7":"category-lyon","8":"tag-actu","9":"tag-actualites","10":"tag-auvergne-rhone-alpes","11":"tag-edition-lyon-villeurbanne","12":"tag-education","13":"tag-eu","14":"tag-europe","15":"tag-fr","16":"tag-france","17":"tag-logement","18":"tag-lyon","19":"tag-news","20":"tag-republique-francaise","21":"tag-rhone","22":"tag-social","23":"tag-societe"},"share_on_mastodon":{"url":"https:\/\/pubeurope.com\/@fr\/115584742422364785","error":""},"_links":{"self":[{"href":"https:\/\/www.europesays.com\/fr\/wp-json\/wp\/v2\/posts\/547951","targetHints":{"allow":["GET"]}}],"collection":[{"href":"https:\/\/www.europesays.com\/fr\/wp-json\/wp\/v2\/posts"}],"about":[{"href":"https:\/\/www.europesays.com\/fr\/wp-json\/wp\/v2\/types\/post"}],"author":[{"embeddable":true,"href":"https:\/\/www.europesays.com\/fr\/wp-json\/wp\/v2\/users\/2"}],"replies":[{"embeddable":true,"href":"https:\/\/www.europesays.com\/fr\/wp-json\/wp\/v2\/comments?post=547951"}],"version-history":[{"count":0,"href":"https:\/\/www.europesays.com\/fr\/wp-json\/wp\/v2\/posts\/547951\/revisions"}],"wp:featuredmedia":[{"embeddable":true,"href":"https:\/\/www.europesays.com\/fr\/wp-json\/wp\/v2\/media\/547952"}],"wp:attachment":[{"href":"https:\/\/www.europesays.com\/fr\/wp-json\/wp\/v2\/media?parent=547951"}],"wp:term":[{"taxonomy":"category","embeddable":true,"href":"https:\/\/www.europesays.com\/fr\/wp-json\/wp\/v2\/categories?post=547951"},{"taxonomy":"post_tag","embeddable":true,"href":"https:\/\/www.europesays.com\/fr\/wp-json\/wp\/v2\/tags?post=547951"}],"curies":[{"name":"wp","href":"https:\/\/api.w.org\/{rel}","templated":true}]}}