{"id":547953,"date":"2025-11-21T00:00:20","date_gmt":"2025-11-21T00:00:20","guid":{"rendered":"https:\/\/www.europesays.com\/fr\/547953\/"},"modified":"2025-11-21T00:00:20","modified_gmt":"2025-11-21T00:00:20","slug":"radio-en-ile-de-france-france-inter-reste-en-tete","status":"publish","type":"post","link":"https:\/\/www.europesays.com\/fr\/547953\/","title":{"rendered":"Radio en \u00cele-de-France : France Inter reste en t\u00eate"},"content":{"rendered":"<p><a target=\"_blank\" rel=\"noopener nofollow\" href=\"https:\/\/fr.themedialeader.com\/audience-de-la-radio-en-ile-de-france-ear-france-inter-toujours-en-tete-en-avril-juin-2024\/\">M\u00e9diam\u00e9trie <\/a>a publi\u00e9 les audiences radio en \u00cele-de-France pour la p\u00e9riode septembre\u2013octobre 2025. La radio touche chaque jour 57% des Franciliens de 13 ans et plus, soit environ six millions de personnes, qui y consacrent en moyenne deux heures trente-six d\u2019\u00e9coute quotidienne.<\/p>\n<p>Les stations g\u00e9n\u00e9ralistes<\/p>\n<p>Elles totalisent 27,6% d\u2019audience cumul\u00e9e et 40,2% de part d\u2019audience. France Inter confirme une fois encore sa position de leader, avec 13,1% d\u2019audience et 17,5% de part d\u2019audience. RTL se maintient avec 8,2% d\u2019audience, mais recule en part d\u2019audience, qui tombe \u00e0 10,6%, (vs 11,5% sept-oct 2024). Europe 1 atteint d\u00e9sormais 5,6% d\u2019audience, contre 4,7% un an auparavant. RMC, stable, affiche 5,1% d\u2019audience et progresse l\u00e9g\u00e8rement en part d\u2019audience.<\/p>\n<p>Les radios musicales<\/p>\n<p>Elles repr\u00e9sentent 20,4% d\u2019audience cumul\u00e9e. Skyrock se distingue nettement et enregistre l\u2019une des plus fortes progressions de cette vague, avec 4,8% d\u2019audience, en hausse par rapport \u00e0 2024 (4,4%). Nostalgie suit avec 3,5% et NRJ affiche 3% d\u2019audience contre 3,3% l\u2019ann\u00e9e pr\u00e9c\u00e9dente.<\/p>\n<p>Les stations th\u00e9matiques<\/p>\n<p>Elles atteignent 17,2% d\u2019audience cumul\u00e9e, en hausse par rapport \u00e0 l\u2019an dernier. France Info affiche 10,4% d\u2019audience. France Culture suit avec 4,1% d\u2019audience. Radio Classique reste stable avec 2,5% d\u2019audience.<\/p>\n<p>Les stations locales totalisent 14,9% d\u2019audience cumul\u00e9e, un niveau comparable aux vagues pr\u00e9c\u00e9dentes. FIP s\u2019impose comme la plus performante du groupe avec 2,3% d\u2019audience.TSF Jazz confirme sa stabilit\u00e9 \u00e0 1,4%, tout comme Oui FM qui se maintient \u00e0 1,4% d\u2019audience.<\/p>\n<p><img loading=\"lazy\" decoding=\"async\" class=\"aligncenter wp-image-206921 size-full\" src=\"https:\/\/www.europesays.com\/fr\/wp-content\/uploads\/2025\/11\/Capture-decran-2025-11-20-a-11.56.28.png\" alt=\"\" width=\"1258\" height=\"1562\"  \/><\/p>\n","protected":false},"excerpt":{"rendered":"M\u00e9diam\u00e9trie a publi\u00e9 les audiences radio en \u00cele-de-France pour la p\u00e9riode septembre\u2013octobre 2025. La radio touche chaque jour&hellip;\n","protected":false},"author":2,"featured_media":45025,"comment_status":"","ping_status":"","sticky":false,"template":"","format":"standard","meta":{"footnotes":""},"categories":[1592],"tags":[1111,11,4298,1777,674,1011,27,662,12,626,25],"class_list":{"0":"post-547953","1":"post","2":"type-post","3":"status-publish","4":"format-standard","5":"has-post-thumbnail","7":"category-ile-de-france","8":"tag-actu","9":"tag-actualites","10":"tag-chiffres","11":"tag-eu","12":"tag-europe","13":"tag-fr","14":"tag-france","15":"tag-ile-de-france","16":"tag-news","17":"tag-paris","18":"tag-republique-francaise"},"share_on_mastodon":{"url":"https:\/\/pubeurope.com\/@fr\/115584751128059909","error":""},"_links":{"self":[{"href":"https:\/\/www.europesays.com\/fr\/wp-json\/wp\/v2\/posts\/547953","targetHints":{"allow":["GET"]}}],"collection":[{"href":"https:\/\/www.europesays.com\/fr\/wp-json\/wp\/v2\/posts"}],"about":[{"href":"https:\/\/www.europesays.com\/fr\/wp-json\/wp\/v2\/types\/post"}],"author":[{"embeddable":true,"href":"https:\/\/www.europesays.com\/fr\/wp-json\/wp\/v2\/users\/2"}],"replies":[{"embeddable":true,"href":"https:\/\/www.europesays.com\/fr\/wp-json\/wp\/v2\/comments?post=547953"}],"version-history":[{"count":0,"href":"https:\/\/www.europesays.com\/fr\/wp-json\/wp\/v2\/posts\/547953\/revisions"}],"wp:featuredmedia":[{"embeddable":true,"href":"https:\/\/www.europesays.com\/fr\/wp-json\/wp\/v2\/media\/45025"}],"wp:attachment":[{"href":"https:\/\/www.europesays.com\/fr\/wp-json\/wp\/v2\/media?parent=547953"}],"wp:term":[{"taxonomy":"category","embeddable":true,"href":"https:\/\/www.europesays.com\/fr\/wp-json\/wp\/v2\/categories?post=547953"},{"taxonomy":"post_tag","embeddable":true,"href":"https:\/\/www.europesays.com\/fr\/wp-json\/wp\/v2\/tags?post=547953"}],"curies":[{"name":"wp","href":"https:\/\/api.w.org\/{rel}","templated":true}]}}