{"id":547954,"date":"2025-11-21T00:02:15","date_gmt":"2025-11-21T00:02:15","guid":{"rendered":"https:\/\/www.europesays.com\/fr\/547954\/"},"modified":"2025-11-21T00:02:15","modified_gmt":"2025-11-21T00:02:15","slug":"psg-bayern-munich-1-3-nouvelle-grosse-desillusion-pour-les-parisiennes-en-ligue-des-champions","status":"publish","type":"post","link":"https:\/\/www.europesays.com\/fr\/547954\/","title":{"rendered":"PSG &#8211; Bayern Munich (1-3)\u00a0: nouvelle grosse d\u00e9sillusion pour les Parisiennes en Ligue des champions"},"content":{"rendered":"<p class=\"paragraph text_align_left lp-f-body-02\">Il y avait pourtant tout pour passer une belle soir\u00e9e ce jeudi 20 novembre au Parc des Princes. Pour leur premier match de la saison dans l\u2019enceinte parisienne, le quatri\u00e8me de la premi\u00e8re phase de la Ligue des champions session 2025-2026, <a href=\"https:\/\/www.leparisien.fr\/sports\/football\/psg-feminin\/\" target=\"_blank\" rel=\"noreferrer noopener\">les joueuses du Paris Saint-Germain<\/a> recevaient le Bayern Munich. Sur le papier : une affiche de gala, pr\u00e8s de 13 800 supporters pr\u00e9sents et parmi eux, les Ultras du club. Malgr\u00e9 un seul petit degr\u00e9 sur le thermom\u00e8tre, ils \u00e9taient de retour au soutien et pr\u00eats \u00e0 donner de la voix pendant 90 minutes.<\/p>\n<p class=\"paragraph text_align_left lp-f-body-02\">Bien d\u00e9cid\u00e9es \u00e0 glaner un premier succ\u00e8s dans la comp\u00e9tition, les joueuses de Paulo Cesar lan\u00e7aient m\u00eame id\u00e9alement la soir\u00e9e en ouvrant le score et en s\u2019offrant, enfin, le plaisir de mener. Une premi\u00e8re depuis le d\u00e9but de leur campagne europ\u00e9enne.<\/p>\n<p class=\"paragraph text_align_left lp-f-body-02\">Percutante, Jennifer Echegini parvenait \u00e0 se d\u00e9faire de plusieurs joueuses du Bayern sur le c\u00f4t\u00e9 gauche depuis le milieu de terrain avant de trouver d\u2019un centre subtil Rasheedat Ajibade. \u00c0 l\u2019aise techniquement, l\u2019internationale nig\u00e9riane trouvait \u00e0 son tour Sakina Karchaoui \u00e0 droite de la surface. La capitaine des Rouge et Bleu revenait alors son pied gauche pour tromper Maria Luisa Grohs (16e).<\/p>\n<p class=\"paragraph text_align_left lp-f-body-02\">S\u2019en sont suivies de longues secondes de joie et de c\u00e9l\u00e9brations des Parisiennes. On les pensait alors enfin lanc\u00e9es, comme lib\u00e9r\u00e9es dans cette comp\u00e9tition. Mais une minute et une remise en jeu plus tard ont suffi \u00e0 les peiner \u00e0 nouveau. Lanc\u00e9e sur le c\u00f4t\u00e9 droit de l\u2019attaque bavaroise, Giulia Gwinn ne laissait pas Olga Carmona revenir sur elle et pouvait alors centrer. Griedge Mbock ratait alors son intervention devant la cage. Linda Dallmann pouvait conclure sans trembler d\u2019une frappe crois\u00e9e du pied droit (17e).<\/p>\n<p>Onze buts encaiss\u00e9s en quatre matchs<\/p>\n<p class=\"paragraph text_align_left lp-f-body-02\">Un peu sonn\u00e9es, les joueuses de la capitale ont ensuite subi la qualit\u00e9 technique de leurs adversaires au milieu de terrain, avant de c\u00e9der \u00e0 nouveau. On joue la 34e minute quand Momoko Tanikawa se joue d\u2019\u00c9lisa de Almeida dans la surface, avant de slalomer entre le reste de des d\u00e9fenseures et de battre Mary Earps d\u2019une frappe puissante du droit.<\/p>\n<p class=\"paragraph text_align_left lp-f-body-02\">En seconde p\u00e9riode, le PSG pourra regretter ses impr\u00e9cisions d\u00e9fensives et certains de ses placements, \u00e0 l\u2019image de Rom\u00e9e Leuchter, venue contrer par inadvertance la solide tentative du pied droit d\u2019Ana\u00efs Ebayilin dans la surface du Bayern (53e). Suivront une t\u00eate cadr\u00e9e de Vitoria Yaya capt\u00e9e sans difficult\u00e9 par la gardienne munichoise (60e), une double occasion de Vitoria Yaya puis \u00c9lisa de Almeida \u00e0 la 69e minute bien sauv\u00e9es par la d\u00e9fense allemande. La jeunesse d\u2019Anais Ebayilin au milieu de terrain, la qualit\u00e9 des centres d\u2019Olga Carmona ou l\u2019agressivit\u00e9 de Sakina Karchaoui n\u2019ont pas suffi \u00e0 renverser les Allemandes, qui marquent en plus en fin de rencontre contre le cours du jeu (89e) par Damnjanovic.<\/p>\n<p class=\"paragraph text_align_left lp-f-body-02\">Apr\u00e8s Wolfsburg (4-0), le Real Madrid (1-2) et Manchester United (2-1), les Parisiennes encha\u00eenent une quatri\u00e8me d\u00e9faite cons\u00e9cutive dans cette phase de ligue. Avec onze buts encaiss\u00e9s, les voil\u00e0 bonnes derni\u00e8res du classement\u2026 Il faudra imp\u00e9rativement battre l\u2019OH Louvain \u00e0 domicile, puis le Benfica \u00e0 Lisbonne \u2013 deux matchs sur le papier plus accessibles \u2013 pour d\u00e9sormais esp\u00e9rer la qualification. La douzi\u00e8me place, qualificative pour les barrages, pointe d\u00e9j\u00e0 \u00e0 5 longueurs. Il y a urgence\u2026<\/p>\n","protected":false},"excerpt":{"rendered":"Il y avait pourtant tout pour passer une belle soir\u00e9e ce jeudi 20 novembre au Parc des Princes.&hellip;\n","protected":false},"author":2,"featured_media":547955,"comment_status":"","ping_status":"","sticky":false,"template":"","format":"standard","meta":{"footnotes":""},"categories":[1888],"tags":[1111,1928,11,1927,1777,674,63,1011,27,12,1926,626,1925,13887,25,60],"class_list":{"0":"post-547954","1":"post","2":"type-post","3":"status-publish","4":"format-standard","5":"has-post-thumbnail","7":"category-paris","8":"tag-actu","9":"tag-actu-paris","10":"tag-actualites","11":"tag-actualites-paris","12":"tag-eu","13":"tag-europe","14":"tag-football","15":"tag-fr","16":"tag-france","17":"tag-news","18":"tag-news-paris","19":"tag-paris","20":"tag-paris-news","21":"tag-psg-feminin","22":"tag-republique-francaise","23":"tag-sports"},"share_on_mastodon":{"url":"","error":""},"_links":{"self":[{"href":"https:\/\/www.europesays.com\/fr\/wp-json\/wp\/v2\/posts\/547954","targetHints":{"allow":["GET"]}}],"collection":[{"href":"https:\/\/www.europesays.com\/fr\/wp-json\/wp\/v2\/posts"}],"about":[{"href":"https:\/\/www.europesays.com\/fr\/wp-json\/wp\/v2\/types\/post"}],"author":[{"embeddable":true,"href":"https:\/\/www.europesays.com\/fr\/wp-json\/wp\/v2\/users\/2"}],"replies":[{"embeddable":true,"href":"https:\/\/www.europesays.com\/fr\/wp-json\/wp\/v2\/comments?post=547954"}],"version-history":[{"count":0,"href":"https:\/\/www.europesays.com\/fr\/wp-json\/wp\/v2\/posts\/547954\/revisions"}],"wp:featuredmedia":[{"embeddable":true,"href":"https:\/\/www.europesays.com\/fr\/wp-json\/wp\/v2\/media\/547955"}],"wp:attachment":[{"href":"https:\/\/www.europesays.com\/fr\/wp-json\/wp\/v2\/media?parent=547954"}],"wp:term":[{"taxonomy":"category","embeddable":true,"href":"https:\/\/www.europesays.com\/fr\/wp-json\/wp\/v2\/categories?post=547954"},{"taxonomy":"post_tag","embeddable":true,"href":"https:\/\/www.europesays.com\/fr\/wp-json\/wp\/v2\/tags?post=547954"}],"curies":[{"name":"wp","href":"https:\/\/api.w.org\/{rel}","templated":true}]}}