{"id":54796,"date":"2025-04-26T16:28:23","date_gmt":"2025-04-26T16:28:23","guid":{"rendered":"https:\/\/www.europesays.com\/fr\/54796\/"},"modified":"2025-04-26T16:28:23","modified_gmt":"2025-04-26T16:28:23","slug":"rc-vannes-compos-enjeux-gael-drean-ce-quil-faut-savoir-avant-le-match-de-top-14-contre","status":"publish","type":"post","link":"https:\/\/www.europesays.com\/fr\/54796\/","title":{"rendered":"RC Vannes. Compos, enjeux, Ga\u00ebl Dr\u00e9an\u2026 Ce qu\u2019il faut savoir avant le match de Top 14\u00a0contre"},"content":{"rendered":"<p>Le RC Vannes re\u00e7oit le RC Toulon, ce samedi 26\u00a0avril (16\u00a0h\u00a030), pour la 22e journ\u00e9e de Top 14. Alors que le d\u00e9nouement de la saison approche &#8211; il restera quatre matches \u00e0 l\u2019issue du week-end &#8211; les Bretons sont toujours derniers, avec d\u00e9sormais six points de retard sur la 13e place, synonyme de barrage.<\/p>\n<p>Le RCT, lui, joue gros \u00e9galement\u00a0: avec 67\u00a0points, les Varois ne sont qu\u2019\u00e0 deux unit\u00e9s du Top 2 (qualificatif direct pour les demi-finales), juste derri\u00e8re Bordeaux (69). L\u2019enjeu sera donc \u00e9norme pour les deux \u00e9quipes \u00e0 La Rabine ce samedi\u00a0!<\/p>\n<p><strong>Lire aussi. <\/strong> <a href=\"https:\/\/vannes.maville.com\/sport\/detail_-rc-vannes.-gagnez-deux-places-pour-la-reception-de-la-rochelle-le-10-mai-prochain-_12-6780388_actu.Htm\" target=\"_self\" rel=\"nofollow noopener\">RC Vannes. Gagnez deux places pour la r\u00e9ception de La Rochelle le 10\u00a0mai prochain<\/a><\/p>\n<p>La premi\u00e8re de Dr\u00e9an \u00e0 La Rabine<\/p>\n<p>\u00c7a sera sans doute l\u2019une des attractions de l\u2019apr\u00e8s-midi. N\u00e9 \u00e0 Lorient il y a\u00a024\u00a0ans, le joueur du RCT Ga\u00ebl Dr\u00e9an, meilleur marqueur du Top 14\u00a0avec 13\u00a0essais, va jouer pour la premi\u00e8re fois \u00e0 La Rabine ce samedi\u00a0! Il sera titulaire pour la 15e fois de la saison en championnat. Cette semaine, il confiait \u00e0 Ouest-France\u00a0: <strong>\u00ab\u00a0Ce match sera sp\u00e9cial pour moi, c\u2019est tout pr\u00e8s de chez moi, de chez mes parents\u00a0!\u00a0\u00bb<\/strong><\/p>\n<p><strong>Lire aussi. <\/strong> <a href=\"https:\/\/vannes.maville.com\/sport\/detail_-finistere-entretien.-je-m-en-fous-de-cette-stat-gael-drean-le-serial-marqueur-du-top-14-se-confie-_52710-6779856_actu.Htm\" target=\"_self\" rel=\"nofollow noopener\">ENTRETIEN. \u00ab\u00a0Je m\u2019en fous de cette stat\u00a0\u00bb\u00a0: Ga\u00ebl Dr\u00e9an le serial marqueur du Top 14\u00a0se confie<\/a><\/p>\n<p>Autre pr\u00e9sence \u00e0 souligner \u00e0 La Rabine ce samedi\u00a0: celle du l\u00e9gendaire <a href=\"https:\/\/vannes.maville.com\/sport\/detail_-top-14.-comme-si-c-etait-lebron-james-avant-rcv-toulon-ils-racontent-le-retour-de-ma-a-nonu-_52710-6781566_actu.Htm\" target=\"_self\" rel=\"nofollow noopener\">All Black Ma\u2019a Nonu, qui a rechauss\u00e9 les crampons<\/a> il y a quelques semaines pour pr\u00eater main fort \u00e0 Toulon. S\u2019il n\u2019est pas sur la feuille de match, il devrait tout de m\u00eame \u00eatre du voyage en Bretagne, puisqu\u2019il fait partie du groupe de 30\u00a0joueurs annonc\u00e9s.<\/p>\n<p>Une m\u00e9t\u00e9o plus cl\u00e9mente qu\u2019\u00e0 Castres<\/p>\n<p><a href=\"https:\/\/vannes.maville.com\/sport\/detail_-rc-vannes.-on-a-pris-aucun-plaisir-maxime-lafage-decu-apres-la-lourde-defaite-a-castres-_12-6772554_actu.Htm\" target=\"_self\" rel=\"nofollow noopener\">Apr\u00e8s les trombes d\u2019eau qui se sont abattues \u00e0 Castres<\/a> pendant toute la dur\u00e9e du match, samedi dernier, la m\u00e9t\u00e9o devrait cette fois \u00eatre un peu plus cl\u00e9mente avec les joueurs bretons. M\u00eame si de faibles averses sont tout de m\u00eame attendues dans l\u2019apr\u00e8s-midi, ce samedi 26\u00a0avril.<\/p>\n<p>\t<img decoding=\"async\" src=\"https:\/\/www.europesays.com\/fr\/wp-content\/uploads\/2025\/04\/P35192726D6781776G_px_640_.jpg\" alt=\"photo une tr\u00e8s forte temp\u00eate\u00a0s\u2019est abattue sur castres samedi dernier, pendant toute la dur\u00e9e du match.  \u00a9  afp\" width=\"640\" title=\" Une tr\u00e8s forte temp\u00eate\u00a0s\u2019est abattue sur Castres samedi dernier, pendant toute la dur\u00e9e du match.   AFP \"\/><\/p>\n<p class=\"elmt-legende\"> Une tr\u00e8s forte temp\u00eate\u00a0s\u2019est abattue sur Castres samedi dernier, pendant toute la dur\u00e9e du match.   AFP <\/p>\n<p>Les bless\u00e9s toulonnais<\/p>\n<p>Alors que l\u2019infirmerie du RC Vannes se remplit depuis quelques semaines (Bourgeois, Ruru, Rayasi\u2026), cinq Toulonnais resteront aussi \u00e0 la maison, ce samedi. Antoine Frisch (pied), Charles Ollivon (genou), Gianmarco Lucchesi (genou), David Ribbans (mollet) et\u00a0Kyle Sinckler (reprise) sont forfait.<\/p>\n<p>Les compositions<\/p>\n<p><strong>RC VANNES.<\/strong>\u00a0Surano &#8211; Nakasi, Taccola, Saili, Porch &#8211; Lafage (o), Varney (m) &#8211; Kalamafoni, Gorrissen (cap), Edwards &#8211; Metz, Marks &#8211; Medrano, B\u00e9ziat, Vunipola. Les rempla\u00e7ants\u00a0: Blanchard, Moukoro, M\u00e9zou, Bresler, Augry, Deba\u00ebs, Boudehent, Kit\u00e9. Entra\u00eeneur\u00a0: Jean-No\u00ebl Spitzer.<\/p>\n<p><strong>Lire aussi. <\/strong> <a href=\"https:\/\/vannes.maville.com\/sport\/detail_-rc-vannes.-ruru-finalement-forfait-vunipola-de-retour...-la-composition-face-au-rc-toulon-_12-6780680_actu.Htm\" target=\"_self\" rel=\"nofollow noopener\">RC Vannes. Ruru finalement forfait, Vunipola de retour\u2026 La composition face au RC Toulon<\/a><\/p>\n<p><strong>RC TOULON.<\/strong>\u00a0Jaminet &#8211; Dr\u00e9an, Fainga\u2019anuku, Sinzelle, Wainiqolo &#8211; Domon (o), Serin (m) (cap) &#8211; Isa, Abadie, Ludlam &#8211; Alainu\u2019uese, Halagahu &#8211; Gigashvili, Baubigny, Priso. Les rempla\u00e7ants\u00a0: Ivaldi, Gros, Rebbadj, Tolofua, Tuicuvu, Danglot, Garbisi, Setiano. Entra\u00eeneur\u00a0: Pierre Mignoni.<\/p>\n<p>\u00a0<\/p>\n","protected":false},"excerpt":{"rendered":"Le RC Vannes re\u00e7oit le RC Toulon, ce samedi 26\u00a0avril (16\u00a0h\u00a030), pour la 22e journ\u00e9e de Top 14.&hellip;\n","protected":false},"author":2,"featured_media":54797,"comment_status":"","ping_status":"","sticky":false,"template":"","format":"standard","meta":{"footnotes":""},"categories":[9619],"tags":[1111,11,3809,1465,1777,674,63,1011,27,1792,1922,766,12,882,25,479,517,2310,1470],"class_list":{"0":"post-54796","1":"post","2":"type-post","3":"status-publish","4":"format-standard","5":"has-post-thumbnail","7":"category-toulon","8":"tag-actu","9":"tag-actualites","10":"tag-ball","11":"tag-basket","12":"tag-eu","13":"tag-europe","14":"tag-football","15":"tag-fr","16":"tag-france","17":"tag-handball","18":"tag-info","19":"tag-nantes","20":"tag-news","21":"tag-provence-alpes-cote-dazur","22":"tag-republique-francaise","23":"tag-rugby","24":"tag-sport","25":"tag-toulon","26":"tag-volley"},"share_on_mastodon":{"url":"https:\/\/pubeurope.com\/@fr\/114405212383059218","error":""},"_links":{"self":[{"href":"https:\/\/www.europesays.com\/fr\/wp-json\/wp\/v2\/posts\/54796","targetHints":{"allow":["GET"]}}],"collection":[{"href":"https:\/\/www.europesays.com\/fr\/wp-json\/wp\/v2\/posts"}],"about":[{"href":"https:\/\/www.europesays.com\/fr\/wp-json\/wp\/v2\/types\/post"}],"author":[{"embeddable":true,"href":"https:\/\/www.europesays.com\/fr\/wp-json\/wp\/v2\/users\/2"}],"replies":[{"embeddable":true,"href":"https:\/\/www.europesays.com\/fr\/wp-json\/wp\/v2\/comments?post=54796"}],"version-history":[{"count":0,"href":"https:\/\/www.europesays.com\/fr\/wp-json\/wp\/v2\/posts\/54796\/revisions"}],"wp:featuredmedia":[{"embeddable":true,"href":"https:\/\/www.europesays.com\/fr\/wp-json\/wp\/v2\/media\/54797"}],"wp:attachment":[{"href":"https:\/\/www.europesays.com\/fr\/wp-json\/wp\/v2\/media?parent=54796"}],"wp:term":[{"taxonomy":"category","embeddable":true,"href":"https:\/\/www.europesays.com\/fr\/wp-json\/wp\/v2\/categories?post=54796"},{"taxonomy":"post_tag","embeddable":true,"href":"https:\/\/www.europesays.com\/fr\/wp-json\/wp\/v2\/tags?post=54796"}],"curies":[{"name":"wp","href":"https:\/\/api.w.org\/{rel}","templated":true}]}}