{"id":547965,"date":"2025-11-21T00:09:20","date_gmt":"2025-11-21T00:09:20","guid":{"rendered":"https:\/\/www.europesays.com\/fr\/547965\/"},"modified":"2025-11-21T00:09:20","modified_gmt":"2025-11-21T00:09:20","slug":"en-suisse-une-diplomatie-du-lingot-pour-amadouer-donald-trump","status":"publish","type":"post","link":"https:\/\/www.europesays.com\/fr\/547965\/","title":{"rendered":"en Suisse, une \u00ab\u00a0diplomatie du lingot\u00a0\u00bb pour amadouer Donald Trump ?"},"content":{"rendered":"<p>      lire plus tard<\/p>\n<p id=\"dialog__title\" class=\"dialog__title\">Pour sauvegarder cet article, connectez-vous ou cr\u00e9ez un compte franceinfo<\/p>\n<p class=\"dialog__description\">Sans paiement. Sans abonnement.<\/p>\n<p>        Fermer la fen\u00eatre d\u2019activation des notifications France Info<\/p>\n<p>      cr\u00e9er votre compte<\/p>\n<p>      se connecter<\/p>\n<p>        Fermer la fen\u00eatre de pr\u00e9sentation<\/p>\n<p>    Publi\u00e9 le 20\/11\/2025 22:07<\/p>\n<p>      Mis \u00e0 jour le 20\/11\/2025 22:21<\/p>\n<p>        Temps de lecture : 3min &#8211; vid\u00e9o : 3min<\/p>\n<p>    <img decoding=\"async\" class=\"francetv-player-wrapper__image\" alt=\"Droits de douane am\u00e9ricains : en Suisse, une &quot;diplomatie du lingot&quot; pour amadouer Donald Trump ?\"  width=\"432\" height=\"243\" src=\"https:\/\/www.europesays.com\/fr\/wp-content\/uploads\/2025\/11\/suisse-691f6e9bc2506526669991.png\" fetchpriority=\"high\"\/><\/p>\n<p>              Droits de douane am\u00e9ricains : en Suisse, une \u00ab\u00a0diplomatie du lingot\u00a0\u00bb pour amadouer Donald Trump ?<br \/>\n                    (France 2)<\/p>\n<p>      3min<\/p>\n<p>\n  Face \u00e0 la hausse des droits de douane impos\u00e9e par Donald Trump, chaque pays tente de n\u00e9gocier \u00e0 sa mani\u00e8re avec le pr\u00e9sident am\u00e9ricain. La Suisse semble avoir trouv\u00e9 sa m\u00e9thode : offrir de tr\u00e8s on\u00e9reux cadeaux au chef d\u2019\u00c9tat.\n<\/p>\n<p><strong>Ce texte correspond \u00e0 une partie de la retranscription du reportage ci-dessus. Cliquez sur la vid\u00e9o pour la regarder en int\u00e9gralit\u00e9.<\/strong><\/p>\n<p>\u00c0 la Maison-Blanche (Washington, \u00c9tats-Unis), c&rsquo;est d\u00e9j\u00e0 la magie de No\u00ebl pour les Suisses : les droits de douane impos\u00e9s par les Am\u00e9ricains <a href=\"https:\/\/www.franceinfo.fr\/monde\/usa\/droits-de-douane\/la-suisse-obtient-une-reduction-des-droits-de-douane-americains-qui-passent-de-39-a-15_7616369.html\" target=\"_blank\" rel=\"noopener\" data-tooltip-url=\"https:\/\/www.franceinfo.fr\/monde\/usa\/droits-de-douane\/la-suisse-obtient-une-reduction-des-droits-de-douane-americains-qui-passent-de-39-a-15_7616369.html\">vont baisser de 39 \u00e0 15%.<\/a> Comment Donald Trump s&rsquo;est-il laiss\u00e9 amadouer ? Retour sur un accord en or.<\/p>\n<p>Le 4 novembre 2025, dans le Bureau Ovale, cinq chefs d&rsquo;entreprise suisses ont rencontr\u00e9 Donald Trump. Parmi eux, Jean-Fr\u00e9d\u00e9ric Dufour, le PDG des montres de luxe Rolex, ou encore Marouane Shakarchi, \u00e0 la t\u00eate d&rsquo;un g\u00e9ant suisse de l&rsquo;or. Les cadeaux exhib\u00e9s sur le bureau les jours suivants ont attir\u00e9 l&rsquo;\u0153il des m\u00e9dias am\u00e9ricains : une horloge de bureau Rolex unique au monde, fabriqu\u00e9e sur mesure, et un lingot d&rsquo;or personnalis\u00e9 d&rsquo;un kilo estim\u00e9 \u00e0 plus de 130 000 dollars. \u00ab\u00a0\u00c7a, c&rsquo;est nouveau, je n&rsquo;ai pas vu quasiment de cadeaux d&rsquo;une telle valeur. Et assez souvent, si on le fait, on le fait d&rsquo;une fa\u00e7on plut\u00f4t cach\u00e9e\u00a0\u00bb, pointe Martin Dahinden, ancien ambassadeur suisse aux USA.\u00a0<\/p>\n<p>Donald Trump s&rsquo;est-il laiss\u00e9 influencer ? En tout cas, dix jours plus tard, le pr\u00e9sident am\u00e9ricain baissait les droits de douane pour les Helv\u00e8tes, contre 200 milliards de dollars d&rsquo;investissement aux \u00c9tats-Unis. Le gouvernement suisse l&rsquo;a lui-m\u00eame reconnu : sans l&rsquo;intervention des grands patrons, il n&rsquo;aurait pas fait plier Donald Trump. \u00ab\u00a0La rencontre, je pense, des chefs d&rsquo;entreprise a \u00e9t\u00e9 certainement d\u00e9cisive. Tout de suite, la dynamique s&rsquo;est enclench\u00e9e. Il y a eu un d\u00e9blocage\u00a0\u00bb, a d\u00e9clar\u00e9 Guy Parmelin, le vice-pr\u00e9sident du Conseil f\u00e9d\u00e9ral suisse, \u00e0 Berne (Suisse) le 14 novembre.\u00a0Du c\u00f4t\u00e9 des PDG re\u00e7us \u00e0 la Maison-Blanche, aucun commentaire. Ils ont simplement renvoy\u00e9 \u00e0 l&rsquo;\u00e9quipe de l&rsquo;Oeil du 20 Heures un ancien communiqu\u00e9 dans lequel on peut lire : \u00ab\u00a0Nous n&rsquo;avons pris part \u00e0 aucune n\u00e9gociation directe avec le pr\u00e9sident am\u00e9ricain.\u00a0\u00bb <\/p>\n<p>En terre helv\u00e9tique, cette diplomatie du cadeau pose question pour une association. \u00ab\u00a0Qu&rsquo;on offre des cadeaux comme si c&rsquo;\u00e9tait un roi, c&rsquo;est un acte qui, dans le symbole qu&rsquo;il envoie au monde, est quand m\u00eame dangereux pour la d\u00e9mocratie et pour l&rsquo;int\u00e9grit\u00e9 de l&rsquo;\u00e9conomie et de la politique\u00a0\u00bb, estime Urs Thalmann, le pr\u00e9sident de Transparency International Suisse.<\/p>\n<p>Selon la Maison-Blanche, ces cadeaux n&rsquo;ont rien d&rsquo;ill\u00e9gal, car ils ont \u00e9t\u00e9 offerts au peuple am\u00e9ricain. Mais selon un rapport d\u00e9mocrate, lors de son pr\u00e9c\u00e9dent mandat, Donald Trump avait oubli\u00e9 de d\u00e9clarer et de restituer pr\u00e8s de 250 000 dollars de cadeaux \u00e9trangers.<\/p>\n","protected":false},"excerpt":{"rendered":"lire plus tard Pour sauvegarder cet article, connectez-vous ou cr\u00e9ez un compte franceinfo Sans paiement. Sans abonnement. Fermer&hellip;\n","protected":false},"author":2,"featured_media":547966,"comment_status":"","ping_status":"","sticky":false,"template":"","format":"standard","meta":{"footnotes":""},"categories":[1589],"tags":[11,73,1866,12,1864,1865,1863,308],"class_list":{"0":"post-547965","1":"post","2":"type-post","3":"status-publish","4":"format-standard","5":"has-post-thumbnail","7":"category-etats-unis","8":"tag-actualites","9":"tag-etats-unis","10":"tag-etats-unis-damerique","11":"tag-news","12":"tag-united-states","13":"tag-united-states-of-america","14":"tag-us","15":"tag-usa"},"share_on_mastodon":{"url":"https:\/\/pubeurope.com\/@fr\/115584786538206585","error":""},"_links":{"self":[{"href":"https:\/\/www.europesays.com\/fr\/wp-json\/wp\/v2\/posts\/547965","targetHints":{"allow":["GET"]}}],"collection":[{"href":"https:\/\/www.europesays.com\/fr\/wp-json\/wp\/v2\/posts"}],"about":[{"href":"https:\/\/www.europesays.com\/fr\/wp-json\/wp\/v2\/types\/post"}],"author":[{"embeddable":true,"href":"https:\/\/www.europesays.com\/fr\/wp-json\/wp\/v2\/users\/2"}],"replies":[{"embeddable":true,"href":"https:\/\/www.europesays.com\/fr\/wp-json\/wp\/v2\/comments?post=547965"}],"version-history":[{"count":0,"href":"https:\/\/www.europesays.com\/fr\/wp-json\/wp\/v2\/posts\/547965\/revisions"}],"wp:featuredmedia":[{"embeddable":true,"href":"https:\/\/www.europesays.com\/fr\/wp-json\/wp\/v2\/media\/547966"}],"wp:attachment":[{"href":"https:\/\/www.europesays.com\/fr\/wp-json\/wp\/v2\/media?parent=547965"}],"wp:term":[{"taxonomy":"category","embeddable":true,"href":"https:\/\/www.europesays.com\/fr\/wp-json\/wp\/v2\/categories?post=547965"},{"taxonomy":"post_tag","embeddable":true,"href":"https:\/\/www.europesays.com\/fr\/wp-json\/wp\/v2\/tags?post=547965"}],"curies":[{"name":"wp","href":"https:\/\/api.w.org\/{rel}","templated":true}]}}