{"id":547967,"date":"2025-11-21T00:10:25","date_gmt":"2025-11-21T00:10:25","guid":{"rendered":"https:\/\/www.europesays.com\/fr\/547967\/"},"modified":"2025-11-21T00:10:25","modified_gmt":"2025-11-21T00:10:25","slug":"nouveaux-rassemblements-contre-linterdiction-du-groupe-palestine-action","status":"publish","type":"post","link":"https:\/\/www.europesays.com\/fr\/547967\/","title":{"rendered":"nouveaux rassemblements contre l\u2019interdiction du groupe Palestine Action"},"content":{"rendered":"<p>\n    Class\u00e9e comme \u00aborganisation terroriste\u00bb, l\u2019interdiction de Palestine Action va \u00eatre contest\u00e9e en justice \u00e0 partir du 25 novembre. Plusieurs manifestations ont eu lieu cette semaine en soutien au groupe.<\/p>\n<p class=\"fig-paragraph\">Plusieurs manifestations sont organis\u00e9es cette semaine \u00e0 travers le Royaume-Uni en soutien au groupe\u00a0<a href=\"http:\/\/www.lefigaro.fr\/international\/royaume-uni-aux-origines-de-palestine-action-l-organisation-classee-terroriste-par-le-gouvernement-20250907\" data-fig-type=\"Article\" data-gtm-custom-categorie=\"navigation\" data-gtm-custom-action=\"crossclick\" data-gtm-custom-label=\"Contextuel\" data-gtm-event=\"customEventSPE\" data-fig-domain=\"LEFIGARO\" target=\"_blank\" rel=\"noopener\">Palestine Action<\/a>, class\u00e9 terroriste par le gouvernement et dont l\u2019interdiction va \u00eatre contest\u00e9e en justice \u00e0 partir du 25 novembre.<\/p>\n<p class=\"fig-paragraph\">Jeudi \u00e0 Londres,\u00a0<a href=\"http:\/\/www.lefigaro.fr\/sports\/football\/coupe-du-monde\/foot-excluez-israel-des-manifestations-pour-la-palestine-retentissent-avant-le-match-en-norvege-20251011\" data-fig-type=\"NewsFlash\" data-gtm-custom-categorie=\"navigation\" data-gtm-custom-action=\"crossclick\" data-gtm-custom-label=\"Contextuel\" data-gtm-event=\"customEventSPE\" data-fig-domain=\"LEFIGARO\" target=\"_blank\" rel=\"noopener\">plusieurs dizaines de personnes se sont assises devant le minist\u00e8re de la Justice<\/a>\u00a0en brandissant des pancartes avec l\u2019inscription \u00abI oppose g\u00e9nocide. I support Palestine Action\u00bb (\u00abJe m\u2019oppose au g\u00e9nocide. Je soutiens Palestine Action\u00bb). Quarante-sept personnes ont \u00e9t\u00e9 interpell\u00e9es, elles risquent une peine allant jusqu\u2019\u00e0 six mois de prison dans le cadre de la loi antiterroriste.<\/p>\n<p>                                    <a class=\"fig-a11y-skip a11y-hidden\" href=\"#fig-a11y-skip-main-inarticle\"><br \/>\n        Passer la publicit\u00e9<br \/>\n    <\/a><\/p>\n<p class=\"fig-paragraph\">Des rassemblements ont \u00e9galement eu lieu dans une vingtaine de villes britanniques mardi. Pr\u00e8s de 240 personnes y ont particip\u00e9 et 142 ont \u00e9t\u00e9 arr\u00eat\u00e9es, selon le groupe organisant ces manifestations, Defend Our Juries.<\/p>\n<p class=\"fig-paragraph\"><a href=\"http:\/\/www.lefigaro.fr\/international\/londres-place-sur-la-liste-terroriste-et-interdit-le-groupe-militant-palestine-action-20250623\" data-fig-type=\"Article\" data-gtm-custom-categorie=\"navigation\" data-gtm-custom-action=\"crossclick\" data-gtm-custom-label=\"Contextuel\" data-gtm-event=\"customEventSPE\" data-fig-domain=\"LEFIGARO\" target=\"_blank\" rel=\"noopener\">Palestine Action est interdit depuis d\u00e9but juillet<\/a>, quand il a \u00e9t\u00e9 ajout\u00e9 \u00e0 la liste des organisations class\u00e9es terroristes au Royaume-Uni, comme le Hamas ou Al-Qa\u00efda, apr\u00e8s des actes de vandalisme perp\u00e9tr\u00e9s par ses militants, notamment sur une base de l\u2019arm\u00e9e de l\u2019Air.<\/p>\n<p class=\"fig-paragraph\">Depuis, plus de 2.000 personnes ont \u00e9t\u00e9 arr\u00eat\u00e9es au cours des manifestations de soutien, selon Defend Our Juries.<\/p>\n<p>254 inculpations \u00e0 Londres<\/p>\n<p class=\"fig-paragraph\"><a href=\"http:\/\/www.lefigaro.fr\/international\/royaume-uni-trois-personnes-arretees-pour-actes-de-terrorisme-apres-une-action-pro-palestine-sur-une-base-militaire-20250627\" data-fig-type=\"NewsFlash\" data-gtm-custom-categorie=\"navigation\" data-gtm-custom-action=\"crossclick\" data-gtm-custom-label=\"Contextuel\" data-gtm-event=\"customEventSPE\" data-fig-domain=\"LEFIGARO\" target=\"_blank\" rel=\"noopener\">La police de Londres a annonc\u00e9 jeudi l\u2019inculpation de 120 personnes<\/a>\u00a0qui avaient particip\u00e9 \u00e0 une manifestation le 9 ao\u00fbt, portant le nombre total de personnes inculp\u00e9es pour soutien \u00e0 Palestine Action dans la capitale britannique \u00e0 254.<\/p>\n<p class=\"fig-paragraph\">C<a href=\"http:\/\/www.lefigaro.fr\/actualite-france\/le-conseil-d-etat-suspend-la-dissolution-du-comite-action-palestine-20220429\" data-fig-type=\"NewsFlash\" data-gtm-custom-categorie=\"navigation\" data-gtm-custom-action=\"crossclick\" data-gtm-custom-label=\"Contextuel\" data-gtm-event=\"customEventSPE\" data-fig-domain=\"LEFIGARO\" target=\"_blank\" rel=\"noopener\">ette interdiction a \u00e9t\u00e9 jug\u00e9e \u00abdisproportionn\u00e9e\u00bb par l\u2019ONU<\/a>\u00a0et d\u00e9nonc\u00e9e par des organisations de d\u00e9fense des droits humains.<\/p>\n<p>                                    <a class=\"fig-a11y-skip a11y-hidden\" href=\"#fig-a11y-skip-main-inarticle_mtf\"><br \/>\n        Passer la publicit\u00e9<br \/>\n    <\/a><\/p>\n<p class=\"fig-paragraph\">Par ailleurs, six militants de Palestine Action sont jug\u00e9s depuis mardi, accus\u00e9s d\u2019avoir p\u00e9n\u00e9tr\u00e9 sur le site de l\u2019entreprise d\u2019armement isra\u00e9lienne Elbit Systems, pr\u00e8s de Bristol dans le sud de l\u2019Angleterre, en ao\u00fbt 2024. Ils sont notamment jug\u00e9s pour cambriolage aggrav\u00e9.<\/p>\n","protected":false},"excerpt":{"rendered":"Class\u00e9e comme \u00aborganisation terroriste\u00bb, l\u2019interdiction de Palestine Action va \u00eatre contest\u00e9e en justice \u00e0 partir du 25 novembre.&hellip;\n","protected":false},"author":2,"featured_media":547968,"comment_status":"","ping_status":"","sticky":false,"template":"","format":"standard","meta":{"footnotes":""},"categories":[1588],"tags":[11,1777,674,4534,1272,12,3518,473,1853,1851,1850,1852],"class_list":{"0":"post-547967","1":"post","2":"type-post","3":"status-publish","4":"format-standard","5":"has-post-thumbnail","7":"category-royaume-uni","8":"tag-actualites","9":"tag-eu","10":"tag-europe","11":"tag-londres","12":"tag-manifestations","13":"tag-news","14":"tag-palestine","15":"tag-royaume-uni","16":"tag-royaume-uni-de-grande-bretagne-et-dirlande-du-nord","17":"tag-uk","18":"tag-united-kingdom","19":"tag-united-kingdom-of-great-britain-and-northern-ireland"},"share_on_mastodon":{"url":"https:\/\/pubeurope.com\/@fr\/115584789740801119","error":""},"_links":{"self":[{"href":"https:\/\/www.europesays.com\/fr\/wp-json\/wp\/v2\/posts\/547967","targetHints":{"allow":["GET"]}}],"collection":[{"href":"https:\/\/www.europesays.com\/fr\/wp-json\/wp\/v2\/posts"}],"about":[{"href":"https:\/\/www.europesays.com\/fr\/wp-json\/wp\/v2\/types\/post"}],"author":[{"embeddable":true,"href":"https:\/\/www.europesays.com\/fr\/wp-json\/wp\/v2\/users\/2"}],"replies":[{"embeddable":true,"href":"https:\/\/www.europesays.com\/fr\/wp-json\/wp\/v2\/comments?post=547967"}],"version-history":[{"count":0,"href":"https:\/\/www.europesays.com\/fr\/wp-json\/wp\/v2\/posts\/547967\/revisions"}],"wp:featuredmedia":[{"embeddable":true,"href":"https:\/\/www.europesays.com\/fr\/wp-json\/wp\/v2\/media\/547968"}],"wp:attachment":[{"href":"https:\/\/www.europesays.com\/fr\/wp-json\/wp\/v2\/media?parent=547967"}],"wp:term":[{"taxonomy":"category","embeddable":true,"href":"https:\/\/www.europesays.com\/fr\/wp-json\/wp\/v2\/categories?post=547967"},{"taxonomy":"post_tag","embeddable":true,"href":"https:\/\/www.europesays.com\/fr\/wp-json\/wp\/v2\/tags?post=547967"}],"curies":[{"name":"wp","href":"https:\/\/api.w.org\/{rel}","templated":true}]}}