{"id":547971,"date":"2025-11-21T00:12:38","date_gmt":"2025-11-21T00:12:38","guid":{"rendered":"https:\/\/www.europesays.com\/fr\/547971\/"},"modified":"2025-11-21T00:12:38","modified_gmt":"2025-11-21T00:12:38","slug":"vladimir-poutine-accentue-sa-pression-aux-portes-de-leurope","status":"publish","type":"post","link":"https:\/\/www.europesays.com\/fr\/547971\/","title":{"rendered":"Vladimir Poutine accentue sa pression aux portes de l\u2019Europe\u00a0"},"content":{"rendered":"<p>      lire plus tard<\/p>\n<p id=\"dialog__title\" class=\"dialog__title\">Pour sauvegarder cet article, connectez-vous ou cr\u00e9ez un compte franceinfo<\/p>\n<p class=\"dialog__description\">Sans paiement. Sans abonnement.<\/p>\n<p>        Fermer la fen\u00eatre d\u2019activation des notifications France Info<\/p>\n<p>      cr\u00e9er votre compte<\/p>\n<p>      se connecter<\/p>\n<p>        Fermer la fen\u00eatre de pr\u00e9sentation<\/p>\n<p>    Publi\u00e9 le 20\/11\/2025 20:29<\/p>\n<p>        Temps de lecture : 2min &#8211; vid\u00e9o : 2min<\/p>\n<p>    <img decoding=\"async\" class=\"francetv-player-wrapper__image\" alt=\"Russie : Vladimir Poutine accentue sa pression aux portes de l\u2019Europe\"  width=\"432\" height=\"243\" src=\"https:\/\/www.europesays.com\/fr\/wp-content\/uploads\/2025\/11\/russie-691f6b966a6ef995061198.png\" fetchpriority=\"high\"\/><\/p>\n<p>              Russie : Vladimir Poutine accentue sa pression aux portes de l\u2019Europe<br \/>\n                    (France 2)<\/p>\n<p>      2min<\/p>\n<p>\n  Quel est aujourd\u2019hui l\u2019\u00e9tat pr\u00e9cis de la menace russe ? Bases militaires, installations, radars\u2026 France T\u00e9l\u00e9visions a men\u00e9 l\u2019enqu\u00eate.\u00a0\n<\/p>\n<p><strong>Ce texte correspond \u00e0 une partie de la retranscription du reportage ci-dessus. Cliquez sur la vid\u00e9o pour la regarder en int\u00e9gralit\u00e9.<\/strong><\/p>\n<p>Quand on parle <a href=\"https:\/\/www.franceinfo.fr\/monde\/europe\/manifestations-en-ukraine\/menace-russe-s-il-y-a-une-guerre-on-la-gagne-assure-bruno-tertrais-directeur-adjoint-pour-la-fondation-pour-la-recherche-strategique_7575232.html\" target=\"_blank\" rel=\"noopener nofollow\" data-tooltip-url=\"https:\/\/www.franceinfo.fr\/monde\/europe\/manifestations-en-ukraine\/menace-russe-s-il-y-a-une-guerre-on-la-gagne-assure-bruno-tertrais-directeur-adjoint-pour-la-fondation-pour-la-recherche-strategique_7575232.html\">de menace russe<\/a>, il y a ce qui est visible, et que Vladimir Poutine expose au monde chaque ann\u00e9e. Mais il existe \u00e9galement une menace militaire beaucoup plus discr\u00e8te, qui se se multiplie aux fronti\u00e8res de l&rsquo;Europe. <\/p>\n<p>Par exemple, sur un site militaire russe \u00e0 Kamenka pr\u00e8s de la Finlande, un pays alli\u00e9 de la France au sein de l&rsquo;OTAN : en octobre 2025, de nombreuses toiles de tente sont apparues, comme s&rsquo;il fallait accueillir plus de soldats russes aux fronti\u00e8res de l&rsquo;Europe. Autre exemple \u00e0 Kaliningrad, un territoire russe nich\u00e9 entre la Pologne et la Lituanie, eux aussi pays de l&rsquo;OTAN et de l&rsquo;Europe. Sur une partie de la base, une for\u00eat s&rsquo;est transform\u00e9e en \u00e9norme cercle. Selon les experts, il s&rsquo;agirait d&rsquo;une station d&rsquo;\u00e9coute pour intercepter les conversations sensibles de l&rsquo;OTAN. <\/p>\n<p>Et qu&rsquo;en est-il d&rsquo;a\u00e9rodromes russes, jusqu&rsquo;alors d\u00e9laiss\u00e9s et r\u00e9investis r\u00e9cemment ? Quel peut \u00eatre l&rsquo;objectif du Kremlin ? \u00ab\u00a0La Russie a d\u00e9clar\u00e9 la guerre \u00e0 l&rsquo;Europe, d&rsquo;une certaine mani\u00e8re. Diff\u00e9rents sc\u00e9narios sont sur la table, mais on peut envisager un raid m\u00eame tr\u00e8s ponctuel sur un pays de l&rsquo;OTAN, pour voir la volont\u00e9 des Europ\u00e9ens de r\u00e9agir ou de ne pas r\u00e9agir\u00a0\u00bb, analyse Thierry Gomart, le directeur de l\u2019Institut Fran\u00e7ais des Relations Internationales (IFRI). <\/p>\n<p>Sans oublier ce que l&rsquo;on appelle la guerre hybride. Le drone qui s&rsquo;est \u00e9cras\u00e9 en Pologne a-t-il \u00e9t\u00e9 envoy\u00e9 par la Russie ? Les cyberattaques et le sabotage repr\u00e9sentent aussi une menace contre l&rsquo;Europe et la France. \u00ab\u00a0Peut-\u00eatre pas de chars russes sur les Champs-\u00c9lys\u00e9es. La cyberattaque est \u00e9galement un mode d&rsquo;action, et la cyberattaque conna\u00eet tr\u00e8s peu de fronti\u00e8res nationales\u00a0\u00bb, rappelle Anna Colin Lebedev, ma\u00eetre de conf\u00e9rence \u00e0 l\u2019Universit\u00e9 Paris-Nanterre. <\/p>\n<p>Ces diff\u00e9rentes attaques expliquent la volont\u00e9 de l&rsquo;\u00c9tat fran\u00e7ais de pr\u00e9parer l&rsquo;opinion \u00e0 une confrontation possible.<\/p>\n","protected":false},"excerpt":{"rendered":"lire plus tard Pour sauvegarder cet article, connectez-vous ou cr\u00e9ez un compte franceinfo Sans paiement. Sans abonnement. Fermer&hellip;\n","protected":false},"author":2,"featured_media":547972,"comment_status":"","ping_status":"","sticky":false,"template":"","format":"standard","meta":{"footnotes":""},"categories":[1586],"tags":[11,1777,674,1011,27,12,25],"class_list":{"0":"post-547971","1":"post","2":"type-post","3":"status-publish","4":"format-standard","5":"has-post-thumbnail","7":"category-europe","8":"tag-actualites","9":"tag-eu","10":"tag-europe","11":"tag-fr","12":"tag-france","13":"tag-news","14":"tag-republique-francaise"},"share_on_mastodon":{"url":"https:\/\/pubeurope.com\/@fr\/115584798292248199","error":""},"_links":{"self":[{"href":"https:\/\/www.europesays.com\/fr\/wp-json\/wp\/v2\/posts\/547971","targetHints":{"allow":["GET"]}}],"collection":[{"href":"https:\/\/www.europesays.com\/fr\/wp-json\/wp\/v2\/posts"}],"about":[{"href":"https:\/\/www.europesays.com\/fr\/wp-json\/wp\/v2\/types\/post"}],"author":[{"embeddable":true,"href":"https:\/\/www.europesays.com\/fr\/wp-json\/wp\/v2\/users\/2"}],"replies":[{"embeddable":true,"href":"https:\/\/www.europesays.com\/fr\/wp-json\/wp\/v2\/comments?post=547971"}],"version-history":[{"count":0,"href":"https:\/\/www.europesays.com\/fr\/wp-json\/wp\/v2\/posts\/547971\/revisions"}],"wp:featuredmedia":[{"embeddable":true,"href":"https:\/\/www.europesays.com\/fr\/wp-json\/wp\/v2\/media\/547972"}],"wp:attachment":[{"href":"https:\/\/www.europesays.com\/fr\/wp-json\/wp\/v2\/media?parent=547971"}],"wp:term":[{"taxonomy":"category","embeddable":true,"href":"https:\/\/www.europesays.com\/fr\/wp-json\/wp\/v2\/categories?post=547971"},{"taxonomy":"post_tag","embeddable":true,"href":"https:\/\/www.europesays.com\/fr\/wp-json\/wp\/v2\/tags?post=547971"}],"curies":[{"name":"wp","href":"https:\/\/api.w.org\/{rel}","templated":true}]}}