{"id":547973,"date":"2025-11-21T00:14:13","date_gmt":"2025-11-21T00:14:13","guid":{"rendered":"https:\/\/www.europesays.com\/fr\/547973\/"},"modified":"2025-11-21T00:14:13","modified_gmt":"2025-11-21T00:14:13","slug":"letiquetage-des-produits-du-sahara-ne-convainc-pas-les-eurodeputes","status":"publish","type":"post","link":"https:\/\/www.europesays.com\/fr\/547973\/","title":{"rendered":"L\u2019\u00e9tiquetage des produits du Sahara ne convainc pas les eurod\u00e9put\u00e9s"},"content":{"rendered":"<p>L&rsquo;\u00e9tiquetage des produits agricoles en provenance du Sahara occidental, tel que stipul\u00e9 dans l&rsquo;accord agricole sign\u00e9 le 3 octobre entre le Maroc et l&rsquo;Union europ\u00e9enne, \u00e9tait <a href=\"https:\/\/multimedia.europarl.europa.eu\/fr\/webstreaming\/agri-committee-meeting_20251120-0900-COMMITTEE-AGRI\" target=\"_blank\" rel=\"nofollow noopener\">\u00e0 l&rsquo;ordre du jour<\/a> de la r\u00e9union de la Commission de l&rsquo;Agriculture et du D\u00e9veloppement rural (AGRI) du Parlement europ\u00e9en, ce jeudi.<\/p>\n<p>Brigitte Misonne, cheffe d&rsquo;unit\u00e9 Produits animaux \u00e0 la Commission europ\u00e9enne, a ouvert le d\u00e9bat en saluant \u00abune am\u00e9lioration\u00bb par rapport \u00e0 l&rsquo;accord pr\u00e9c\u00e9dent, annul\u00e9 en appel par la Cour de justice de l&rsquo;Union europ\u00e9enne (CJUE) le 4 octobre 2024.<\/p>\n<p>Elle a \u00e9galement soulign\u00e9 que l&rsquo;\u00e9tiquetage est conforme aux arr\u00eats de la CJUE, qui imposent que les fruits et l\u00e9gumes provenant du Sahara indiquent clairement leur origine. La responsable a ajout\u00e9 que le nouvel accord agricole entre le Maroc et l&rsquo;UE, ainsi que son syst\u00e8me d&rsquo;\u00e9tiquetage, ont \u00e9t\u00e9 bien accueillis par les Vingt-sept.<\/p>\n<p><strong>Rejet des explications de la Commission europ\u00e9enne<\/strong><\/p>\n<p>Ces explications n&rsquo;ont cependant pas convaincu les coordinateurs des groupes parlementaires, qui ont critiqu\u00e9 la formule d&rsquo;\u00e9tiquetage convenue entre Rabat et Bruxelles. Les repr\u00e9sentants du Parti populaire europ\u00e9en, des Patriotes pour l&rsquo;Europe (extr\u00eame droite), des Verts et de la Gauche ont accus\u00e9 la Commission europ\u00e9enne \u00abd&rsquo;induire en erreur le consommateur europ\u00e9en\u00bb en utilisant les mentions La\u00e2youne-Sakia El Hamra et Dakhla-Oued Eddahab sur les produits agricoles du Sahara, au lieu de \u00abSahara occidental\u00bb, comme l&rsquo;a statu\u00e9 la CJUE dans ses arr\u00eats du 4 octobre 2024.<\/p>\n<p>Les eurod\u00e9put\u00e9s ont reproch\u00e9 \u00e0 Bruxelles de privil\u00e9gier ses relations avec le Maroc au d\u00e9triment des int\u00e9r\u00eats des agriculteurs europ\u00e9ens.<\/p>\n<p>Le d\u00e9bat de ce jeudi au sein de la Commission de l&rsquo;Agriculture et du D\u00e9veloppement rural (AGRI) du Parlement europ\u00e9en s&rsquo;est conclu par la promesse de la repr\u00e9sentante de la Commission europ\u00e9enne de r\u00e9pondre par \u00e9crit \u00e0 toutes les questions soulev\u00e9es. Les d\u00e9put\u00e9s europ\u00e9ens ont demand\u00e9 \u00e0 recevoir cette r\u00e9ponse d&rsquo;ici mardi 25 novembre, veille du vote en s\u00e9ance pl\u00e9ni\u00e8re sur une proposition d&rsquo;objection concernant les mentions d&rsquo;\u00e9tiquetage, d\u00e9pos\u00e9e par plusieurs groupes parlementaires, a indiqu\u00e9 le coordinateur du Parti populaire europ\u00e9en, premi\u00e8re force politique de l&rsquo;h\u00e9micycle.<\/p>\n<p>Pour rappel, le ministre des Affaires \u00e9trang\u00e8res, Nasser Bourita, <a href=\"https:\/\/www.yabiladi.com\/articles\/details\/177890\/nasser-bourita-produits-sahara-inclus.html\" target=\"_blank\" rel=\"nofollow noopener\">avait affirm\u00e9 le 2 octobre<\/a> que l&rsquo;accord conclu entre le Maroc et l&rsquo;UE \u00abconfirme l&rsquo;application aux Provinces du Sud des tarifs pr\u00e9f\u00e9rentiels accord\u00e9s par l&rsquo;UE au titre de l&rsquo;Accord d&rsquo;Association avec le Maroc\u00bb. Il s&rsquo;\u00e9tait f\u00e9licit\u00e9 du fait que \u00ables conditions d&rsquo;acc\u00e8s au march\u00e9 europ\u00e9en des produits du Nord seront appliqu\u00e9es aux produits du Sahara marocain\u00bb.<\/p>\n<p>De son c\u00f4t\u00e9, le Polisario a exprim\u00e9 son intention\u00a0<a href=\"https:\/\/www.yabiladi.com\/articles\/details\/181579\/polisario-envisage-saisir-nouveau-cjue.html\" target=\"_blank\" rel=\"nofollow noopener\">de saisir la CJUE contre le nouvel accord agricole Maroc-Union europ\u00e9enne<\/a>.<\/p>\n","protected":false},"excerpt":{"rendered":"L&rsquo;\u00e9tiquetage des produits agricoles en provenance du Sahara occidental, tel que stipul\u00e9 dans l&rsquo;accord agricole sign\u00e9 le 3&hellip;\n","protected":false},"author":2,"featured_media":547974,"comment_status":"","ping_status":"","sticky":false,"template":"","format":"standard","meta":{"footnotes":""},"categories":[1586],"tags":[11,1777,674,1779,1011,27,12,25,1778,364],"class_list":{"0":"post-547973","1":"post","2":"type-post","3":"status-publish","4":"format-standard","5":"has-post-thumbnail","7":"category-europe","8":"tag-actualites","9":"tag-eu","10":"tag-europe","11":"tag-european-union","12":"tag-fr","13":"tag-france","14":"tag-news","15":"tag-republique-francaise","16":"tag-ue","17":"tag-union-europeenne"},"share_on_mastodon":{"url":"https:\/\/pubeurope.com\/@fr\/115584805463221815","error":""},"_links":{"self":[{"href":"https:\/\/www.europesays.com\/fr\/wp-json\/wp\/v2\/posts\/547973","targetHints":{"allow":["GET"]}}],"collection":[{"href":"https:\/\/www.europesays.com\/fr\/wp-json\/wp\/v2\/posts"}],"about":[{"href":"https:\/\/www.europesays.com\/fr\/wp-json\/wp\/v2\/types\/post"}],"author":[{"embeddable":true,"href":"https:\/\/www.europesays.com\/fr\/wp-json\/wp\/v2\/users\/2"}],"replies":[{"embeddable":true,"href":"https:\/\/www.europesays.com\/fr\/wp-json\/wp\/v2\/comments?post=547973"}],"version-history":[{"count":0,"href":"https:\/\/www.europesays.com\/fr\/wp-json\/wp\/v2\/posts\/547973\/revisions"}],"wp:featuredmedia":[{"embeddable":true,"href":"https:\/\/www.europesays.com\/fr\/wp-json\/wp\/v2\/media\/547974"}],"wp:attachment":[{"href":"https:\/\/www.europesays.com\/fr\/wp-json\/wp\/v2\/media?parent=547973"}],"wp:term":[{"taxonomy":"category","embeddable":true,"href":"https:\/\/www.europesays.com\/fr\/wp-json\/wp\/v2\/categories?post=547973"},{"taxonomy":"post_tag","embeddable":true,"href":"https:\/\/www.europesays.com\/fr\/wp-json\/wp\/v2\/tags?post=547973"}],"curies":[{"name":"wp","href":"https:\/\/api.w.org\/{rel}","templated":true}]}}