{"id":547975,"date":"2025-11-21T00:15:23","date_gmt":"2025-11-21T00:15:23","guid":{"rendered":"https:\/\/www.europesays.com\/fr\/547975\/"},"modified":"2025-11-21T00:15:23","modified_gmt":"2025-11-21T00:15:23","slug":"en-cas-dimpasse-sur-le-budget-le-gouvernement-a-trouve-son-plan-b","status":"publish","type":"post","link":"https:\/\/www.europesays.com\/fr\/547975\/","title":{"rendered":"En cas d\u2019impasse sur le budget, le gouvernement a trouv\u00e9 son plan B"},"content":{"rendered":"<p>        <img decoding=\"async\" loading=\"lazy\" src=\"https:\/\/www.europesays.com\/fr\/wp-content\/uploads\/2025\/11\/08df63e_upload-1-krj1tfd1lflj-afp-20251028-829z6dr-v1-highres-francepoliticsgovernmentparliament.jpg\"  width=\"728\" height=\"409\" alt=\"S\u00e9bastien Lecornu et Laurent Panifous, photographi\u00e9s \u00e0 l\u2019Assembl\u00e9e nationale, le 28\u00a0octobre 2025\u00a0\"\/>  <\/p>\n<p>BERTRAND GUAY \/ AFP<\/p>\n<p>S\u00e9bastien Lecornu et Laurent Panifous, photographi\u00e9s \u00e0 l\u2019Assembl\u00e9e nationale, le 28\u00a0octobre 2025\u00a0<\/p>\n<p class=\"asset asset-text\">Bis repetita. Alors que les d\u00e9bats budg\u00e9taires et le calendrier s\u2019enlisent, la perspective de voir le <a href=\"https:\/\/www.huffingtonpost.fr\/politique\/article\/vous-ne-comprenez-plus-rien-aux-debats-sur-les-budgets-on-vous-resume-le-casse-tete-actuel_257146.html\" target=\"_blank\" rel=\"noopener\">Parlement<\/a> adopter <a href=\"https:\/\/www.huffingtonpost.fr\/politique\/article\/voter-le-budget-les-hesitations-des-deputes-en-disent-long-sur-la-tournure-des-debats_257268.html\" target=\"_blank\" rel=\"noopener\">le budget de l\u2019\u00c9tat<\/a> et celui de <a href=\"https:\/\/www.huffingtonpost.fr\/politique\/article\/ce-qui-se-cache-derriere-cette-guerre-de-calendrier-opposant-le-ps-a-lfi-sur-le-budget-de-la-securite-sociale_256993.html\" target=\"_blank\" rel=\"noopener\">la s\u00e9curit\u00e9 sociale<\/a> s\u2019amenuise. R\u00e9guli\u00e8rement accus\u00e9 par une partie de l\u2019opposition \u2013 et notamment La France insoumise \u2013 de vouloir passer en force par ordonnance, le gouvernement a sembl\u00e9 vouloir fermer d\u00e9finitivement cette porte ce jeudi 20\u00a0novembre.<\/p>\n<p class=\"asset asset-text\">Si les parlementaires ne parviennent pas \u00e0 \u00ab\u00a0achever la conduite du processus budg\u00e9taire avant le 31\u00a0d\u00e9cembre\u00a0\u00bb, l\u2019ex\u00e9cutif passera par une loi sp\u00e9ciale, a annonc\u00e9 le ministre des Relations avec le Parlement Laurent Panifous lors d\u2019une r\u00e9union au S\u00e9nat.<\/p>\n<p class=\"asset asset-text\">\u00ab\u00a0Dans l\u2019hypoth\u00e8se o\u00f9 nous n\u2019y arriverions pas, pour des raisons tant calendaires que politiques (&#8230;) il faudra \u00e9videmment que le gouvernement pr\u00e9sente au Parlement un projet de loi sp\u00e9ciale\u00a0\u00bb, a-t-il indiqu\u00e9 aux s\u00e9nateurs, selon son entourage, insistant sur le fait que le Premier ministre S\u00e9bastien Lecornu \u00ab\u00a0ne souhaite pas avoir recours aux ordonnances\u00a0\u00bb.<\/p>\n<p class=\"asset asset-text\">Le S\u00e9nat, qui attend de pouvoir se saisir du budget de l\u2019\u00c9tat, a notamment act\u00e9 ce jeudi qu\u2019il ne pourra pas proc\u00e9der au vote solennel sur ce budget avant le 15\u00a0d\u00e9cembre. Ce calendrier ne laisserait ensuite que quelques jours aux parlementaires des deux chambres pour s\u2019accorder en commission mixte paritaire (CMP), voire pour entamer une nouvelle lecture du texte \u00e0 l\u2019Assembl\u00e9e nationale. D\u2019autant que rien n\u2019assure qu\u2019il puisse r\u00e9unir une majorit\u00e9.<\/p>\n<p class=\"asset asset-text\">Une loi sp\u00e9ciale aurait de quoi donner des airs de d\u00e9j\u00e0-vu \u00e0 l\u2019Assembl\u00e9e nationale, confront\u00e9e au m\u00eame probl\u00e8me l\u2019ann\u00e9e derni\u00e8re. Deux semaines apr\u00e8s la censure de Michel Barnier sur le PLFSS, les d\u00e9put\u00e9s avaient adopt\u00e9 dans l\u2019urgence une loi sp\u00e9ciale le 18\u00a0d\u00e9cembre, afin d\u2019\u00e9viter la paralysie budg\u00e9taire. Elle permet de fait \u00e0 l\u2019\u00c9tat de continuer \u00e0 percevoir les imp\u00f4ts existants en prenant comme r\u00e9f\u00e9rence le dernier budget, et ce \u00ab\u00a0jusqu\u2019au vote de la loi de finances de l\u2019ann\u00e9e\u00a0\u00bb.<\/p>\n<p class=\"asset asset-text\">La pr\u00e9sentation d\u2019un projet de loi sp\u00e9ciale, qui devrait survenir en th\u00e9orie avant le 19\u00a0d\u00e9cembre, entra\u00eenera la reprise des d\u00e9bats budg\u00e9taires sur le projet de loi de finances \u00ab\u00a0au d\u00e9but de l\u2019ann\u00e9e prochaine\u00a0\u00bb.<\/p>\n","protected":false},"excerpt":{"rendered":"BERTRAND GUAY \/ AFP S\u00e9bastien Lecornu et Laurent Panifous, photographi\u00e9s \u00e0 l\u2019Assembl\u00e9e nationale, le 28\u00a0octobre 2025\u00a0 Bis repetita.&hellip;\n","protected":false},"author":2,"featured_media":547976,"comment_status":"","ping_status":"","sticky":false,"template":"","format":"standard","meta":{"footnotes":""},"categories":[2],"tags":[11,416,55584,1011,27,12,64218,316,25],"class_list":{"0":"post-547975","1":"post","2":"type-post","3":"status-publish","4":"format-standard","5":"has-post-thumbnail","7":"category-actualites","8":"tag-actualites","9":"tag-assemblee-nationale","10":"tag-budget-de-l-etat","11":"tag-fr","12":"tag-france","13":"tag-news","14":"tag-plfss","15":"tag-politique","16":"tag-republique-francaise"},"share_on_mastodon":{"url":"https:\/\/pubeurope.com\/@fr\/115584810209960956","error":""},"_links":{"self":[{"href":"https:\/\/www.europesays.com\/fr\/wp-json\/wp\/v2\/posts\/547975","targetHints":{"allow":["GET"]}}],"collection":[{"href":"https:\/\/www.europesays.com\/fr\/wp-json\/wp\/v2\/posts"}],"about":[{"href":"https:\/\/www.europesays.com\/fr\/wp-json\/wp\/v2\/types\/post"}],"author":[{"embeddable":true,"href":"https:\/\/www.europesays.com\/fr\/wp-json\/wp\/v2\/users\/2"}],"replies":[{"embeddable":true,"href":"https:\/\/www.europesays.com\/fr\/wp-json\/wp\/v2\/comments?post=547975"}],"version-history":[{"count":0,"href":"https:\/\/www.europesays.com\/fr\/wp-json\/wp\/v2\/posts\/547975\/revisions"}],"wp:featuredmedia":[{"embeddable":true,"href":"https:\/\/www.europesays.com\/fr\/wp-json\/wp\/v2\/media\/547976"}],"wp:attachment":[{"href":"https:\/\/www.europesays.com\/fr\/wp-json\/wp\/v2\/media?parent=547975"}],"wp:term":[{"taxonomy":"category","embeddable":true,"href":"https:\/\/www.europesays.com\/fr\/wp-json\/wp\/v2\/categories?post=547975"},{"taxonomy":"post_tag","embeddable":true,"href":"https:\/\/www.europesays.com\/fr\/wp-json\/wp\/v2\/tags?post=547975"}],"curies":[{"name":"wp","href":"https:\/\/api.w.org\/{rel}","templated":true}]}}