{"id":547977,"date":"2025-11-21T00:16:22","date_gmt":"2025-11-21T00:16:22","guid":{"rendered":"https:\/\/www.europesays.com\/fr\/547977\/"},"modified":"2025-11-21T00:16:22","modified_gmt":"2025-11-21T00:16:22","slug":"en-images-apres-le-coucher-du-soleil-la-neige-ensevelit-le-sud-du-calvados","status":"publish","type":"post","link":"https:\/\/www.europesays.com\/fr\/547977\/","title":{"rendered":"EN IMAGES. Apr\u00e8s le coucher du soleil, la neige ensevelit le Sud du Calvados"},"content":{"rendered":"<p>                    Par<br \/>\n        <strong><br \/>\n            <a href=\"https:\/\/actu.fr\/auteur\/redaction-vb\" title=\"Consulter tous les articles de R\u00e9daction La Voix Le Bocage\" rel=\"nofollow noopener\" target=\"_blank\">R\u00e9daction La Voix Le Bocage<\/a><br \/>\n                    <\/strong><\/p>\n<p>        Publi\u00e9 le<\/p>\n<p>            20 nov. 2025 \u00e0 19h07        <\/p>\n<p>Si les premiers <b>flocons <\/b>de la saison avaient d\u00e9j\u00e0 pu tomber en d\u00e9but de journ\u00e9e de ce jeudi 20 novembre 2025, au nord et \u00e0 l\u2019est de <a href=\"https:\/\/actu.fr\/normandie\/vire-normandie_14762\" rel=\"nofollow noopener\" target=\"_blank\">Vire Normandie<\/a> (<a href=\"https:\/\/actu.fr\/normandie\/calvados_14\" rel=\"nofollow noopener\" target=\"_blank\">Calvados<\/a>), <b>les pr\u00e9cipitations de neige se sont clairement accentu\u00e9es dans la soir\u00e9e<\/b>.<\/p>\n<p class=\" wall-content\">Et ont touch\u00e9 la capitale du Bocage, jusqu\u2019ici \u00e9pargn\u00e9e. Les trottoirs et les toits de Vire reposent ainsi d\u00e9sormais sous une couche blanche, encore fine, mais qui s\u2019\u00e9paissit.\u00a0<\/p>\n<p>    <img   decoding=\"async\" loading=\"lazy\" class=\"size-large\" src=\"https:\/\/www.europesays.com\/fr\/wp-content\/uploads\/2025\/11\/486e3b175f1962c6e3b175f19ff6e3v-960x640.jpg\" alt=\"neige vire\" width=\"960\" height=\"640\"\/><br \/>\n    La couche de neige s\u2019\u00e9paissit. \u00a9La Voix le BocageLa neige tombe, la circulation de plus en plus difficile<\/p>\n<p class=\" wall-content\">D\u2019apr\u00e8s des t\u00e9moignages, la circulation se fait \u00e9galement <b>difficile <\/b>dans le <b>Pr\u00e9-Bocage<\/b>, touch\u00e9 r\u00e9guli\u00e8rement au fil de la journ\u00e9e, en particulier au niveau de la mont\u00e9e de <b>Jurques<\/b>.<\/p>\n<p>Vid\u00e9os : en ce moment sur Actu<\/p>\n<p class=\" wall-content\">L\u2019\u00e9tat des routes peut \u00eatre suivi <a href=\"https:\/\/www.inforoute14.fr\/\" rel=\"nofollow noopener\" target=\"_blank\">en direct ici<\/a>. La <b>Pr\u00e9fecture <\/b>a d\u2019ailleurs alert\u00e9 sur l\u2019\u00e9tat de la chauss\u00e9e, rendue particuli\u00e8rement <b>glissante<\/b>.<\/p>\n<p>    <a href=\"https:\/\/www.facebook.com\/plugins\/post.php?href=https%3A%2F%2Fwww.facebook.com%2FPrefetduCalvados%2Fposts%2Fpfbid02494nJpbUa5dvXupwf2BwQjEMLULDdSdjhzP7yDPWf4LoDboeqTcGag983HUmvNw6l&amp;show_text=true&amp;width=350\" title=\"Ouvrie le lien\" rel=\"nofollow noopener\" target=\"_blank\">Cliquez ici pour visualiser le contenu<\/a><\/p>\n<p>Votre r\u00e9gion, votre actu !<\/p>\n<p>Recevez chaque jour les infos qui comptent pour vous.<\/p>\n<p>\t<a href=\"https:\/\/actu.fr\/newsletter\" class=\"ac-btn ac-btn--corner ac-btn--medium ac-btn--blue800\" rel=\"nofollow noopener\" target=\"_blank\">S&rsquo;incrire<\/a><\/p>\n<p class=\" wall-content\">\u00c0 <b>Roullours<\/b>, par exemple, des <b>accidents <\/b>se sont d\u00e9j\u00e0 produits sur la route. Et le <b>conseil communautaire de l\u2019Intercom de la Vire au Noireau<\/b>, pr\u00e9vu dans la commune dans la soir\u00e9e, a \u00e9t\u00e9 annul\u00e9.<\/p>\n<p>    <img   decoding=\"async\" loading=\"lazy\" class=\"size-large\" src=\"https:\/\/www.europesays.com\/fr\/wp-content\/uploads\/2025\/11\/f2cfca175f196e6cfca175f19cacfcv-960x640.jpg\" alt=\"neige vire\" width=\"960\" height=\"640\"\/><br \/>\n    Les toits des v\u00e9hicules sont d\u00e9j\u00e0 blancs. \u00a9La Voix le Bocage<br \/>\n    <img   decoding=\"async\" loading=\"lazy\" class=\"size-large\" src=\"https:\/\/www.europesays.com\/fr\/wp-content\/uploads\/2025\/11\/4c478b175f19620578b175f19f3578v-960x640.jpg\" alt=\"neige vire\" width=\"960\" height=\"640\"\/><br \/>\n    Les pr\u00e9cipitations neigeuses se sont rapidement accentu\u00e9es dans la soir\u00e9e. \u00a9La Voix le Bocage<br \/>\n    <img   decoding=\"async\" loading=\"lazy\" class=\"size-large\" src=\"https:\/\/www.europesays.com\/fr\/wp-content\/uploads\/2025\/11\/36269b175f1961a269b175f19fd269v-960x640.jpg\" alt=\"neige vire\" width=\"960\" height=\"640\"\/><br \/>\n    Attention sur la route. \u00a9La Voix le Bocage<\/p>\n<p class=\" wall-content\">Personnalisez votre actualit\u00e9 en ajoutant vos villes et m\u00e9dias en favori avec <a href=\"https:\/\/moncompte.actu.fr\" title=\"D\u00e9couvez Mon Actu\" rel=\"nofollow noopener\" data-trk=\"{&quot;cta&quot;:{&quot;action&quot;:&quot;https:\\\/\\\/moncompte.actu.fr&quot;,&quot;category&quot;:&quot;mon compte&quot;,&quot;from&quot;:&quot;article footer&quot;,&quot;name&quot;:&quot;Mon actu&quot;,&quot;type&quot;:&quot;cta&quot;}}\" target=\"_blank\">Mon Actu<\/a>.<\/p>\n","protected":false},"excerpt":{"rendered":"Par R\u00e9daction La Voix Le Bocage Publi\u00e9 le 20 nov. 2025 \u00e0 19h07 Si les premiers flocons de&hellip;\n","protected":false},"author":2,"featured_media":547978,"comment_status":"","ping_status":"","sticky":false,"template":"","format":"standard","meta":{"footnotes":""},"categories":[2],"tags":[11,5164,1011,27,2487,10584,12,25],"class_list":{"0":"post-547977","1":"post","2":"type-post","3":"status-publish","4":"format-standard","5":"has-post-thumbnail","7":"category-actualites","8":"tag-actualites","9":"tag-calvados","10":"tag-fr","11":"tag-france","12":"tag-meteo","13":"tag-neige","14":"tag-news","15":"tag-republique-francaise"},"share_on_mastodon":{"url":"https:\/\/pubeurope.com\/@fr\/115584814401065988","error":""},"_links":{"self":[{"href":"https:\/\/www.europesays.com\/fr\/wp-json\/wp\/v2\/posts\/547977","targetHints":{"allow":["GET"]}}],"collection":[{"href":"https:\/\/www.europesays.com\/fr\/wp-json\/wp\/v2\/posts"}],"about":[{"href":"https:\/\/www.europesays.com\/fr\/wp-json\/wp\/v2\/types\/post"}],"author":[{"embeddable":true,"href":"https:\/\/www.europesays.com\/fr\/wp-json\/wp\/v2\/users\/2"}],"replies":[{"embeddable":true,"href":"https:\/\/www.europesays.com\/fr\/wp-json\/wp\/v2\/comments?post=547977"}],"version-history":[{"count":0,"href":"https:\/\/www.europesays.com\/fr\/wp-json\/wp\/v2\/posts\/547977\/revisions"}],"wp:featuredmedia":[{"embeddable":true,"href":"https:\/\/www.europesays.com\/fr\/wp-json\/wp\/v2\/media\/547978"}],"wp:attachment":[{"href":"https:\/\/www.europesays.com\/fr\/wp-json\/wp\/v2\/media?parent=547977"}],"wp:term":[{"taxonomy":"category","embeddable":true,"href":"https:\/\/www.europesays.com\/fr\/wp-json\/wp\/v2\/categories?post=547977"},{"taxonomy":"post_tag","embeddable":true,"href":"https:\/\/www.europesays.com\/fr\/wp-json\/wp\/v2\/tags?post=547977"}],"curies":[{"name":"wp","href":"https:\/\/api.w.org\/{rel}","templated":true}]}}