{"id":547981,"date":"2025-11-21T00:20:14","date_gmt":"2025-11-21T00:20:14","guid":{"rendered":"https:\/\/www.europesays.com\/fr\/547981\/"},"modified":"2025-11-21T00:20:14","modified_gmt":"2025-11-21T00:20:14","slug":"retour-en-fanfare-pour-jalibert","status":"publish","type":"post","link":"https:\/\/www.europesays.com\/fr\/547981\/","title":{"rendered":"Retour en fanfare pour Jalibert"},"content":{"rendered":"<p><strong>Absent depuis la large victoire \u00e0<br \/>\ndomicile contre Bayonne du 25 octobre dernier, Matthieu Jalibert<br \/>\nretrouvera les pelouses du Top 14 vendredi soir \u00e0 l&rsquo;occasion de la<br \/>\nvenue de Pau en match avanc\u00e9 de la 10e journ\u00e9e. L&rsquo;ouvreur vedette<br \/>\nde l&rsquo;UBB d\u00e9butera m\u00eame la rencontre pour son retour.<\/strong><\/p>\n<p>Matthieu Jalibert (27 ans) de retour comme\u2026 titulaire. Pr\u00e8s d\u2019un<br \/>\nmois apr\u00e8s sa derni\u00e8re apparition, l\u2019ouvreur vedette de l\u2019\u00e9quipe de<br \/>\nBordeaux-B\u00e8gles retrouvera les pelouse du Top 14 et renouera avec<br \/>\nla comp\u00e9tition vendredi soir face \u00e0 Pau \u00e0 domicile. L\u2019UBB<br \/>\naccueillera la Section en match avanc\u00e9 de la 10e journ\u00e9e du<br \/>\nchampionnat et pour son retour, le num\u00e9ro 10 des Girondins d\u00e9butera<br \/>\nla rencontre.<\/p>\n<p>Jeudi, \u00e0 la veille de ce choc d\u00e9cal\u00e9 d\u2019une journ\u00e9e en raison du<br \/>\nmatch de samedi soir au Stade de France entre le XV de France et<br \/>\nl\u2019Australie, l\u2019UBB a d\u00e9voil\u00e9 son XV de d\u00e9part pour affronter les<br \/>\nPalois et l\u2019international fran\u00e7ais priv\u00e9 de la tourn\u00e9e d\u2019automne en<br \/>\nfait partie. Jalibert, qui avait repris l\u2019entra\u00eenement collectif en<br \/>\nd\u00e9but de semaine, sera align\u00e9 en charni\u00e8re aux c\u00f4t\u00e9s de Valentin<br \/>\nHutteau.<\/p>\n<p>Touch\u00e9 \u00e0 la cuisse droite lors du large succ\u00e8s du 25 octobre<br \/>\ndernier de son \u00e9quipe face \u00e0 Bayonne (41-12), le natif de<br \/>\nSaint-Germain-en-Laye avait \u00e9t\u00e9 contraint de renoncer aux trois<br \/>\ntests de novembre qui attendaient les Bleus en raison d\u2019une<br \/>\nl\u00e9sion.<\/p>\n<p>Woki et Bochaton titulaires eux<br \/>\naussi<\/p>\n<p>Le retour de celui qui avait \u00e9t\u00e9 sacr\u00e9 champion d\u2019Europe pour la<br \/>\npremi\u00e8re fois de sa carri\u00e8re, en mai dernier avec l\u2019UBB, son seul<br \/>\nclub \u00e0 ce jour, constitue une excellente nouvelle pour Yannick Bru.<br \/>\nDoublon oblige, l\u2019entra\u00eeneur girondin doit en effet se passer d\u2019un<br \/>\nnombre impressionnant de cadres, et internationaux fran\u00e7ais pour la<br \/>\nplupart.<\/p>\n<p>Maxime Lucu, Louis Bielle-Biarrey, Damian Penaud, Nicolas<br \/>\nDepoortere et Maxime Lamothe manqueront ainsi \u00e0 l\u2019appel vendredi<br \/>\nface aux Palois. Mais ce n\u2019est pas tout, puisque l\u2019UBB se<br \/>\npr\u00e9sentera \u00e9galement contre les B\u00e9arnais sans l\u2019Italien Page-Relo,<br \/>\nle Fidjien Salesi Rayasi et le pilier tongien Ben Tameifuna,<br \/>\n\u00e9galement retenus par leurs s\u00e9lections respectives.<\/p>\n<p>Pierre Bochaton et Cameron Woki, lib\u00e9r\u00e9s mercredi par Fabien<br \/>\nGalthi\u00e9 et qui n\u2019ont pas eu droit \u00e0 la moindre seconde de jeu<br \/>\ncontre l\u2019Afrique du Sud et les Fidji, seront pr\u00e9sents en revanche.<br \/>\nEt comme Jalibert, ils seront tous deux titulaires vendredi, en<br \/>\ntroisi\u00e8me ligne.<\/p>\n<p><strong>Le XV de d\u00e9part de Bordeaux-B\u00e8gles contre<br \/>\nPau:<\/strong><br \/>Buros \u2013 Mousques, Janse Van Rensburg, Uberti, Reti\u00e8re \u2013 (o)<br \/>\nJalibert, (m) Hutteau \u2013 Woki, Gazzotti, Bochaton \u2013 Cazeaux, Palu \u2013<br \/>\nPoirot, Barlot, Sadie.<br \/>Rempla\u00e7ants: Everitt, Perchaud, Gritt, Vergnes Taillefer,<br \/>\nMatiu, Laharrague, Drault, Falatea.<\/p>\n","protected":false},"excerpt":{"rendered":"Absent depuis la large victoire \u00e0 domicile contre Bayonne du 25 octobre dernier, Matthieu Jalibert retrouvera les pelouses&hellip;\n","protected":false},"author":2,"featured_media":547982,"comment_status":"","ping_status":"","sticky":false,"template":"","format":"standard","meta":{"footnotes":""},"categories":[1416],"tags":[1011,27,479,1468,57681,60],"class_list":{"0":"post-547981","1":"post","2":"type-post","3":"status-publish","4":"format-standard","5":"has-post-thumbnail","7":"category-rugby","8":"tag-fr","9":"tag-france","10":"tag-rugby","11":"tag-rugby-football","12":"tag-sport365-fr","13":"tag-sports"},"share_on_mastodon":{"url":"https:\/\/pubeurope.com\/@fr\/115584829027571811","error":""},"_links":{"self":[{"href":"https:\/\/www.europesays.com\/fr\/wp-json\/wp\/v2\/posts\/547981","targetHints":{"allow":["GET"]}}],"collection":[{"href":"https:\/\/www.europesays.com\/fr\/wp-json\/wp\/v2\/posts"}],"about":[{"href":"https:\/\/www.europesays.com\/fr\/wp-json\/wp\/v2\/types\/post"}],"author":[{"embeddable":true,"href":"https:\/\/www.europesays.com\/fr\/wp-json\/wp\/v2\/users\/2"}],"replies":[{"embeddable":true,"href":"https:\/\/www.europesays.com\/fr\/wp-json\/wp\/v2\/comments?post=547981"}],"version-history":[{"count":0,"href":"https:\/\/www.europesays.com\/fr\/wp-json\/wp\/v2\/posts\/547981\/revisions"}],"wp:featuredmedia":[{"embeddable":true,"href":"https:\/\/www.europesays.com\/fr\/wp-json\/wp\/v2\/media\/547982"}],"wp:attachment":[{"href":"https:\/\/www.europesays.com\/fr\/wp-json\/wp\/v2\/media?parent=547981"}],"wp:term":[{"taxonomy":"category","embeddable":true,"href":"https:\/\/www.europesays.com\/fr\/wp-json\/wp\/v2\/categories?post=547981"},{"taxonomy":"post_tag","embeddable":true,"href":"https:\/\/www.europesays.com\/fr\/wp-json\/wp\/v2\/tags?post=547981"}],"curies":[{"name":"wp","href":"https:\/\/api.w.org\/{rel}","templated":true}]}}