{"id":547983,"date":"2025-11-21T00:21:16","date_gmt":"2025-11-21T00:21:16","guid":{"rendered":"https:\/\/www.europesays.com\/fr\/547983\/"},"modified":"2025-11-21T00:21:16","modified_gmt":"2025-11-21T00:21:16","slug":"lespagne-retourne-la-republique-tcheque-et-passe-en-demies-eurosport","status":"publish","type":"post","link":"https:\/\/www.europesays.com\/fr\/547983\/","title":{"rendered":"L&#039;Espagne retourne la R\u00e9publique tch\u00e8que et passe en demies &#8211; Eurosport"},"content":{"rendered":"<ol>\n<li><a href=\"https:\/\/news.google.com\/rss\/articles\/CBMi_gFBVV95cUxObUU4ZGNwZjRUWUlFaVM0bWc5aVNrcWUzRE9mQzM1WUtIXzhtdEUweXR4a1hrU09KeUhQRFdKbVBRRVBGY0l2ZkV2Mmh5MTE3TXFMdzR0SFNac2RoTUFxZ1B6d3dCZjgtTFBJZldZSVoxMzgtVV9qeVZSWlprd3ZnSHVOOVNJTnp0M2ZQMlN2ejBZNEk5M0xybHlTaWdGS181a3JTcWNTN25DeFdnZlRSbTFyT09aOW5pRlBfOGU5OU5nZ0F4djh1TWFaM1NpM0xMQ1BrOXdId1lKR2pQb3BuOW9zUVk0dHNwZ3pjOFVhRm0zRTJ6SHJzUnhuM0xsdw?oc=5\" target=\"_blank\" rel=\"nofollow noopener\">L&rsquo;Espagne retourne la R\u00e9publique tch\u00e8que et passe en demies<\/a>&nbsp;&nbsp;Eurosport<\/li>\n<li><a href=\"https:\/\/news.google.com\/rss\/articles\/CBMilwFBVV95cUxQZFowZHg1NkdRT0dVaFlwbmpvZU1QQkpDQTVYWmRLZ1dJc0JCemNjbW05QzYwQWc5RWNXdnNxaFFLX1puUzI5Qm5nWjctdGstS2c2SE5EdFp5SFJBTzVRWUhNYk1hOU5VX05NOWVBMUk0SnQya00tMGRJWm54WUdkY1BKckJVeTUtTElDaGFDaWYxSk5OOE1j?oc=5\" target=\"_blank\" rel=\"nofollow noopener\">Sans Alcaraz, l\u2019Espagne cr\u00e9e la sensation<\/a>&nbsp;&nbsp;Sports.fr<\/li>\n<li><a href=\"https:\/\/news.google.com\/rss\/articles\/CBMizwFBVV95cUxNS3ljZVZQSkpjTy1QOC1XUjlKSjU4YzZVTE9Fb3AtcWRBd2x1cDZnM3ZpcWFXdVBsWTVnU0cxMWFhWm16YlNXXy1UV1pNTWhuUURvNV90d2JfcklaYV9VajVmRXZwVmtrS3kxeURTNFdYU3haRmR1YWJpSVJOM3l5RFVHQkhoclI3Qmx4dnJCRHFFY3NwWHZEeC1BNkN4UmZST21ZM3RtRlVVZjVvbFM0Q04wQmVrTkcyOFU5Vm9FNnF2OUNKcXBxSVVpOEVRTUk?oc=5\" target=\"_blank\" rel=\"nofollow noopener\">Espagne &#8211; Munar, h\u00e9ros inattendu de l&rsquo;Espagne : \u00ab\u00a0Je n&rsquo;ai ressenti aucune pression\u00a0\u00bb<\/a>&nbsp;&nbsp;Sports &#8211; Orange<\/li>\n<li><a href=\"https:\/\/news.google.com\/rss\/articles\/CBMi3gFBVV95cUxPdmd6bVIyRGJvSWRVWjhVa3hxbXVoX1RISXpzMDlGdHNQMHFvNUlUMzVsaTNTWkNTMHlWcVY2cXJHWnlKNnlCZElicHlVYUtTNlBqRl9GYWtRMmFpUndZem1kLXVqZ0ZMeW1md0d3SWMtd1RNTmNMb1ZpWG1vS2NhRVlnR2tYTGJuR2dvdzhDYzRUMldhVFp6SWdteE11VDBHdzJUTWowSUd0MWFxOGFyOGNqVlNOQVN4ZzdORnNfZHF3bEF1aEkyME8waGxRUG1JSk5JVzNsTTBkUHA0Zmc?oc=5\" target=\"_blank\" rel=\"nofollow noopener\">Coupe Davis : port\u00e9 par Jakub Mensik, la R\u00e9publique tch\u00e8que d\u00e9marre id\u00e9alement contre l\u2019Espagne<\/a>&nbsp;&nbsp;Le Figaro<\/li>\n<li><a href=\"https:\/\/news.google.com\/rss\/articles\/CBMitwFBVV95cUxQQ0RGdVdHckVsVGRscmR2SnpnMFpZcjBSTTFVNUJ0SHpfaUtPQW80cW9fUkNrdTJ1LTl6OXFqSjFYYXhiZU5QQzlTSXhOejlDZ19ab2RpLS02TUg5NjlpR284RHdtVndRM3lGamFqWlZQcEh1cmFiaU1BM2l4aEdwUDhZVDlmbHJ3aFkzSW1YWVJEUG0xeTBMS3lLbHZmUzk5MWR0Z0J0WEEyakJ2Y0ZnWmhrei1SY3c?oc=5\" target=\"_blank\" rel=\"nofollow noopener\">Coupe Davis: \u00e0 nouveau renversante, l&rsquo;Espagne retrouve le dernier carr\u00e9<\/a>&nbsp;&nbsp;RFI<\/li>\n<\/ol>\n","protected":false},"excerpt":{"rendered":"L&rsquo;Espagne retourne la R\u00e9publique tch\u00e8que et passe en demies&nbsp;&nbsp;Eurosport Sans Alcaraz, l\u2019Espagne cr\u00e9e la sensation&nbsp;&nbsp;Sports.fr Espagne &#8211; Munar,&hellip;\n","protected":false},"author":2,"featured_media":395849,"comment_status":"","ping_status":"","sticky":false,"template":"","format":"standard","meta":{"footnotes":""},"categories":[1415],"tags":[1011,27,60,1467],"class_list":{"0":"post-547983","1":"post","2":"type-post","3":"status-publish","4":"format-standard","5":"has-post-thumbnail","7":"category-tennis","8":"tag-fr","9":"tag-france","10":"tag-sports","11":"tag-tennis"},"share_on_mastodon":{"url":"https:\/\/pubeurope.com\/@fr\/115584832832788312","error":""},"_links":{"self":[{"href":"https:\/\/www.europesays.com\/fr\/wp-json\/wp\/v2\/posts\/547983","targetHints":{"allow":["GET"]}}],"collection":[{"href":"https:\/\/www.europesays.com\/fr\/wp-json\/wp\/v2\/posts"}],"about":[{"href":"https:\/\/www.europesays.com\/fr\/wp-json\/wp\/v2\/types\/post"}],"author":[{"embeddable":true,"href":"https:\/\/www.europesays.com\/fr\/wp-json\/wp\/v2\/users\/2"}],"replies":[{"embeddable":true,"href":"https:\/\/www.europesays.com\/fr\/wp-json\/wp\/v2\/comments?post=547983"}],"version-history":[{"count":0,"href":"https:\/\/www.europesays.com\/fr\/wp-json\/wp\/v2\/posts\/547983\/revisions"}],"wp:featuredmedia":[{"embeddable":true,"href":"https:\/\/www.europesays.com\/fr\/wp-json\/wp\/v2\/media\/395849"}],"wp:attachment":[{"href":"https:\/\/www.europesays.com\/fr\/wp-json\/wp\/v2\/media?parent=547983"}],"wp:term":[{"taxonomy":"category","embeddable":true,"href":"https:\/\/www.europesays.com\/fr\/wp-json\/wp\/v2\/categories?post=547983"},{"taxonomy":"post_tag","embeddable":true,"href":"https:\/\/www.europesays.com\/fr\/wp-json\/wp\/v2\/tags?post=547983"}],"curies":[{"name":"wp","href":"https:\/\/api.w.org\/{rel}","templated":true}]}}