{"id":547984,"date":"2025-11-21T00:25:19","date_gmt":"2025-11-21T00:25:19","guid":{"rendered":"https:\/\/www.europesays.com\/fr\/547984\/"},"modified":"2025-11-21T00:25:19","modified_gmt":"2025-11-21T00:25:19","slug":"cyclisme-interview-cyril-saugrain-on-a-la-chance-davoir-un-cyclisme-qui-a-change","status":"publish","type":"post","link":"https:\/\/www.europesays.com\/fr\/547984\/","title":{"rendered":"Cyclisme. INTERVIEW &#8211; Cyril Saugrain : \u00abOn a la chance d&rsquo;avoir un cyclisme qui a chang\u00e9&#8230;\u00bb"},"content":{"rendered":"<p> Lire la suite de l&rsquo;article&#13;<\/p>\n<p>\u00a0<\/p>\n<p>&#13;<br \/>\n\u00ab\u00a0L&rsquo;objectif est de gagner Paris-Roubaix\u00a0\u00bb&#13;<\/p>\n<p><strong>Bonjour Cyril. D\u00e9j\u00e0, on va prendre de vos nouvelles, comment \u00e7a va et quelles sont les news de votre c\u00f4t\u00e9 ?<\/strong><\/p>\n<p>&#13;<\/p>\n<p>La derni\u00e8re fois, on \u00e9tait dans les pr\u00e9misses des discussions que je pouvais avoir pour arriver sur ce poste de manager g\u00e9n\u00e9ral du V\u00e9loclub de Roubaix et de l&rsquo;\u00e9quipe Van Riesel Roubaix.\u00a0Et voil\u00e0, les choses se sont concr\u00e9tis\u00e9es, tout a \u00e9volu\u00e9 dans le bon sens, donc depuis le 1er mars 2025, je suis sur ce poste de manager g\u00e9n\u00e9ral du V\u00e9loclub de Roubaix et de l&rsquo;\u00e9quipe Van Riesel Roubaix et j&rsquo;en apprends tous les jours, \u00e7a faisait 20 ans que j&rsquo;avais quitt\u00e9 le monde du cyclisme professionnel.\u00a0Je suis juste hyper ravi de vivre ce moment, ce nouveau projet dans une carri\u00e8re, c&rsquo;est tr\u00e8s chouette, enrichissant, puisque le V\u00e9loclub de Roubaix reste une association et au sein de cette association, il y a aussi une \u00e9quipe cycliste professionnelle, donc c&rsquo;est juste extra.<\/p>\n<p>&#13;<\/p>\n<p>\u00a0<\/p>\n<p>&#13;<\/p>\n<p><strong>Justement, cette premi\u00e8re ann\u00e9e en tant que patron de ce V\u00e9loclub de Roubaix et de\u00a0l&rsquo;\u00e9quipe Van Rysel-Roubaix, en termes sportifs, est-ce que c&rsquo;\u00e9tait une ann\u00e9e r\u00e9ussie ?<\/strong><\/p>\n<p>&#13;<\/p>\n<p>Non, il faut \u00eatre transparent, on a su d\u00e9briefer avec Daniel Berbrakel, qui \u00e9tait manager g\u00e9n\u00e9ral, on s&rsquo;est r\u00e9parti les r\u00f4les cette saison, puisque moi je suis arriv\u00e9, je d\u00e9couvre un m\u00e9tier, je d\u00e9couvre un nouvel environnement, donc on a travaill\u00e9 ce qu&rsquo;on va appeler dans un mode de passation. On n&rsquo;a pas eu une ann\u00e9e avec les r\u00e9sultats sportifs que l&rsquo;on pouvait esp\u00e9rer, on est sorti d&rsquo;une ann\u00e9e 2024 qui \u00e9tait extraordinaire, avec les r\u00e9sultats de Samuel Leroux, une belle pr\u00e9sence de l&rsquo;\u00e9quipe sur les diff\u00e9rents objectifs, cette ann\u00e9e \u00e7a n&rsquo;a pas forc\u00e9ment souri.<\/p>\n<p>&#13;<\/p>\n<p>On a quand m\u00eame eu pas mal de p\u00e9pins, qui sont des p\u00e9pins auxquels on ne s&rsquo;attendait pas. On salue toujours l&rsquo;attitude tr\u00e8s offensive de l&rsquo;\u00e9quipe avec Kevin Avoine, avec bien \u00e9videmment Maxime Jarnet et surtout Kenny Molly qui a marqu\u00e9 de son empreinte une fois de plus aux avant-postes, je crois que m\u00eame qu&rsquo;il finit dans les cinq premiers des coureurs ayant r\u00e9alis\u00e9 le plus de kilom\u00e8tres en \u00e9chapp\u00e9, alors \u00e7a ne peut pas \u00eatre un objectif en soi, mais il faut relater que c&rsquo;est de la visibilit\u00e9 et \u00e7a se prend. Bien \u00e9videmment on attend toujours plus, mais \u00e7a nous permet d&rsquo;appr\u00e9hender l\u00e0 o\u00f9 on a pens\u00e9 avoir des faiblesses l&rsquo;ann\u00e9e pass\u00e9e, pour construire au mieux l&rsquo;effectif 2026.<\/p>\n<p>&#13;<\/p>\n<p style=\"text-align: center;\">\n<p>&#13;<\/p>\n<p>\u00a0<\/p>\n<p>&#13;<br \/>\n\u00ab\u00a0On a la chance d&rsquo;avoir un cyclisme qui a chang\u00e9\u00a0\u00bb&#13;<\/p>\n<p><strong>Et justement, l\u00e0 vous faites une passe d\u00e9cisive,\u00a0qu&rsquo;est-ce qu&rsquo;on attend de l&rsquo;ann\u00e9e 2026 du c\u00f4t\u00e9 de Van Rysel-Roubaix ?<\/strong><\/p>\n<p>&#13;<\/p>\n<p>On attend d\u00e9j\u00e0 commencer \u00e0 donner forme \u00e0 ce projet puisqu&rsquo;on a un projet qui est parti jusqu&rsquo;en 2029. Maintenant avec notre partenaire Van Riesel, on structure des choses et bien \u00e9videmment avec ce nouveau recrutement, on a renforc\u00e9 la partie qui doit nous permettre d&rsquo;\u00eatre pr\u00e9sents dans les arriv\u00e9es massives, qui est quand m\u00eame une grande majorit\u00e9 de arriv\u00e9es chez les pros. On va garder cette identit\u00e9 offensive, on va marteler cette identit\u00e9 flandrienne, homme du nord, dans nos recrutements. On n&rsquo;est pas all\u00e9 chercher de grimpeurs, alors on sera certes peut-\u00eatre en difficult\u00e9 sur certaines \u00e9preuves, mais on veut \u00eatre en mesure de briller dans toutes les \u00e9preuves flandriennes et nordistes auxquelles on va prendre part.<\/p>\n<p>&#13;<\/p>\n<p>Comme toutes les \u00e9quipes, on a des objectifs, on veut gagner des courses, on veut briller sur les Coupes de France parce que \u00e7a va \u00eatre notre objectif, on veut briller sur les courses du nord et en l&rsquo;occurrence les quatre jours de Dunkerque qui restent l&rsquo;objectif majeur de la saison. Et puis l&rsquo;objectif c&rsquo;est de pouvoir passer en ContiPro la saison prochaine, vous me direz Cyril, \u00e7a ne d\u00e9pend pas que des r\u00e9sultats, vous avez bien raison, \u00e7a d\u00e9pend aussi et surtout du budget, donc \u00e7a c&rsquo;est mon boulot, c&rsquo;est le boulot qu&rsquo;on va s&rsquo;atteler \u00e0 faire du c\u00f4t\u00e9 du staff et du c\u00f4t\u00e9 de toute la partie marketing.<\/p>\n<p>&#13;<\/p>\n<p>\u00a0<\/p>\n<p>&#13;<\/p>\n<p><strong>Justement par quoi \u00e7a passe d&rsquo;un point de vue administratif puisque les gens qui regardent le v\u00e9lo ne le savent pas forc\u00e9ment, quels sont un peu les pr\u00e9requis pour acc\u00e9der \u00e0 cette deuxi\u00e8me division mondiale ?<\/strong><\/p>\n<p>&#13;<\/p>\n<p>Je dirais que le pr\u00e9requis num\u00e9ro 1 c&rsquo;est d&rsquo;\u00e9crire un projet, on ne monte pas pour le plaisir de monter, on doit monter pour atteindre un objectif. Nous on s&rsquo;est donn\u00e9 un objectif \u00e0 4 ans et pour atteindre cet objectif \u00e0 4 ans, il faut absolument qu&rsquo;on aille dans ce projet ContiPro parce que \u00e7a va nous ouvrir les droits \u00e0 l&rsquo;atteinte de notre objectif qui va \u00eatre de participer au Paris-Roubaix d&rsquo;ici 4 ans avec bien \u00e9videmment l&rsquo;objectif, quand on prend le d\u00e9part d&rsquo;une course, \u00e7a doit rester notre seul objectif, c&rsquo;est de le gagner.\u00a0Vous me direz : gagner Paris-Roubaix ce n&rsquo;est pas simple. Non c&rsquo;est loin d&rsquo;\u00eatre simple, mais si on ne se met pas d&rsquo;objectifs, on a encore plus de chances de ne pas r\u00e9ussir.<\/p>\n<p>&#13;<\/p>\n<p>Puisqu&rsquo;on est sur un projet \u00e0 4 ans, il faut toujours voir au-del\u00e0 des 4 ans et se dire\u00a0qu&rsquo;on construit ce projet pour qu&rsquo;il continue de durer et un des objectifs second\u00a0\u00a0serait que 50% de notre structure, on puisse la nourrir avec des jeunes qui sont issus des Hauts-de-France et d&rsquo;autres qui sont issus du projet acad\u00e9mique. Je dis \u00e7a, \u00e7a veut dire quoi projet acad\u00e9mique ? \u00c7a veut dire que demain, on pourrait tr\u00e8s bien avoir un jeune qui est issu d&rsquo;une autre r\u00e9gion, mais qui pour des raisons de projet, qui aime les classiques, rejoigne un jour un club des Hauts-de-France.<\/p>\n<p>&#13;<\/p>\n<p>\u00a0<\/p>\n<p>&#13;<\/p>\n<p><strong>Bon, maintenant, on va un peu d\u00e9zoomer de votre \u00e9quipe Van Rysel-Roubaix, parler un peu du cyclisme mondial. On sait que vous avez \u00e9t\u00e9 coureur, que vous \u00eates consultant pour nos confr\u00e8res de la RTBF. Vous avez aussi une vision globale du cyclisme. Un petit r\u00e9cap sur la saison 2025, qui a \u00e9t\u00e9 archi-domin\u00e9e par Tadej Pogacar, et m\u00eame plus en g\u00e9n\u00e9ral par l&rsquo;\u00e9quipe Emirates ?<\/strong><\/p>\n<p>&#13;<\/p>\n<p>Je dirais, si on regarde le c\u00f4t\u00e9 positif, et c&rsquo;est comme \u00e7a qu&rsquo;il faut d\u00e9j\u00e0 le voir, c&rsquo;est qu&rsquo;on a la chance aussi d&rsquo;avoir un cyclisme qui a chang\u00e9.\u00a0C&rsquo;est-\u00e0-dire qu&rsquo;on a un cyclisme offensif.\u00a0Moi, je me r\u00e9jouis de voir \u00e7a, mais on a eu quelques\u00a0ann\u00e9es auparavant, pour avoir comment\u00e9 quelques Tour de France\u00a0et autres, d&rsquo;un cyclisme qui \u00e9tait, je ne vais\u00a0pas dire d\u00e9fensif, mais o\u00f9 on travaillait, on emmenait les leaders, on essayait de tout cadenasser\u00a0pour avoir une course qui \u00e9tait \u00e0 peu pr\u00e8s contr\u00f4l\u00e9e.\u00a0L\u00e0, elle l&rsquo;est, mais on a quand m\u00eame la chance d&rsquo;avoir des Mathieu Van Der Poel, des Bernal, des Pogacar, des Pidcock et autres qui sont des dynamiteurs de peloton et qui n&rsquo;h\u00e9sitent pas \u00e0 prendre des initiatives. On a aussi la chance de vivre l&rsquo;\u00e9mergence, en tous les cas maintenant l&rsquo;\u00e9closion au plus haut niveau, d&rsquo;un champion interg\u00e9n\u00e9rationnel. C&rsquo;est-\u00e0-dire qu&rsquo;on a des champions qui ont marqu\u00e9 leur \u00e9poque, des coureurs qui ont \u00e9t\u00e9 tr\u00e8s forts, mais l\u00e0 on est quand m\u00eame en train de vivre, avec ce Pogacar, un mec qui est en train de se dire : \u00ab Ok, est-ce que je postule aux meilleurs cyclistes de l&rsquo;histoire ? \u00bb<\/p>\n<p>&#13;<\/p>\n<p style=\"text-align: center;\">\n<p>&#13;<\/p>\n<p>\u00a0<\/p>\n<p>&#13;<br \/>\n\u00ab\u00a0Sur les Mondiaux, il y avait une autre course devant\u00a0\u00bb&#13;<\/p>\n<p><strong>Justement, on a eu Thomas Voeckler il y a quelques jours\u00a0qui nous disait que Pogacar c&rsquo;est exceptionnel, c&rsquo;est magnifique ce qu&rsquo;il fait, mais d&rsquo;un autre\u00a0c\u00f4t\u00e9 c&rsquo;est ennuyant, parce que les courses sont pli\u00e9s \u00e0 80 km de l&rsquo;arriv\u00e9e. Est-ce que vous\u00a0rejoignez un peu son analyse ?<\/strong><\/p>\n<p>&#13;<\/p>\n<p>Je rejoins \u00e0 100% l&rsquo;analyse de Thomas sur ce point-l\u00e0, parce que ce qui est dommage c&rsquo;est qu&rsquo;on vit des grands moments, mais rappelez-vous, des \u00e9pop\u00e9es o\u00f9 Merckx partait tout seul \u00e0 100 km, il y en a eu un paquet aussi. Forc\u00e9ment, quand on regarde les championnats du monde, quand on regarde les championnats d&rsquo;Europe, des fois \u00e7a tue un peu la course.\u00a0C&rsquo;est vrai que devant, il y avait une autre course avec ce mec qui \u00e9tait devant, qui se baladait tout seul devant, et qui a un petit peu domin\u00e9. Donc \u00e7a, c&rsquo;est vraiment dommageable, mais on a un mec qui domine, on ne va pas on plus se dire que ce n&rsquo;est pas bien. Je pense qu&rsquo;il faut trouver le bon c\u00f4t\u00e9 des choses.<\/p>\n<p>&#13;<\/p>\n<p>\u00a0<\/p>\n<p>&#13;<\/p>\n<p><strong>On a beaucoup \u00e9voqu\u00e9 ce sujet dans les derni\u00e8res semaines, en g\u00e9n\u00e9ral, la sant\u00e9 du cyclisme mondial qui interroge. On a deux \u00e9quipes, l&rsquo;\u00e9quipe Arkea B&amp;B H\u00f4tels qui dispara\u00eet. On a l&rsquo;\u00e9quipe Lotto et l&rsquo;\u00e9quipe Intermarch\u00e9 qui, il n&rsquo;y a encore rien d&rsquo;officiel, devraient fusionner. Donc, \u00e7a fait deux \u00e9quipes de top niveau qui disparaissent, donc 60 coureurs sur le carreau, le staff et compagnie. Est-ce que vous \u00eates un peu inquiet pour la sant\u00e9 du cyclisme mondial en g\u00e9n\u00e9ral, quand on voit qu&rsquo;il y a deux grosses \u00e9quipes qui disparaissent ?<\/strong><\/p>\n<p>&#13;<\/p>\n<p>Moi, je suis inquiet pour la sant\u00e9 du cyclisme chez les amateurs et chez les jeunes. Je ne suis pas inquiet du cyclisme chez les pros. Le budget d&rsquo;UAE, il n&rsquo;est jamais \u00e0 challenger. Moi, tous les clubs, et le travail qu&rsquo;a pu faire Denis Berbachel pendant des ann\u00e9es, c&rsquo;est de boucler des budgets. Et en fait, c&rsquo;est probl\u00e9matique pour les petites \u00e9quipes comme nous. Boucler des budgets, c&rsquo;est compliqu\u00e9.\u00a0On est en train de restructurer le cyclisme chez les juniors. On est en train de dupliquer ce qu&rsquo;on a fait il y a quelques ann\u00e9es, et qui a mis \u00e0 d\u00e9faut et mis en difficult\u00e9 le cyclisme amateur des Nationaux, le National 1, par exemple. On est en train de se dire, \u00ab\u00a0ok, on va voir si \u00e7a marche mieux si on le fait chez les juniors\u00a0\u00bb. Mais en fait, en faisant la m\u00eame action qu&rsquo;il y a quelques ann\u00e9es chez les amateurs et qui a mis le cyclisme amateur des fois en difficult\u00e9, j&rsquo;imagine bien que si on le descend chez les juniors, on va mettre en difficult\u00e9 ce projet.<\/p>\n<p>&#13;<\/p>\n<p>Ce n&rsquo;est pas parce que tu ne passes pas pro \u00e0 19 ans dans une World Tour que ta carri\u00e8re est termin\u00e9e. Tu peux tr\u00e8s bien passer par une Conti, (16:29) tu peux passer par une Conti pro,\u00a0 puis \u00e0 25 ans \u00eatre encore plus mature et passer dans une nouvelle World Tour. Une carri\u00e8re, ce n&rsquo;est pas \u00e0 19 ans qu&rsquo;elle se fait.\u00a0Et moi, j&rsquo;entends trop de jeunes qui aujourd&rsquo;hui se disent que s&rsquo;ils ne sont pas dans une Conti, c&rsquo;est termin\u00e9. Mais dans leur esprit, c&rsquo;est la r\u00e9alit\u00e9 parce que le cyclisme, on est en train de le structurer comme \u00e7a.<\/p>\n<p>&#13;<\/p>\n<p>\u00a0<\/p>\n<p>&#13;<\/p>\n<p><strong>On a aussi un d\u00e9bat qui fait beaucoup de bruit ces derniers jours.\u00a0On a parl\u00e9 de droits TV dans le v\u00e9lo que les organisateurs, notamment les\u00a0grands organisateurs, ne faisaient pas profiter aux \u00e9quipes, aux coureurs.\u00a0On a aussi parl\u00e9 de faire payer quelques\u00a0endroits de la course. On a parl\u00e9 notamment de l&rsquo;Alpe d&rsquo;Huez payant pour le public.\u00a0\u00c7a a fait beaucoup de bruit. ASO a un peu dit que les courses payantes\u00a0on pouvait oublier, en tout cas pas sur le Tour de France. Les droits t\u00e9l\u00e9,\u00a0j&rsquo;ai l&rsquo;impression que c&rsquo;est un peu l&rsquo;omerta, que personne ne veut en parler.\u00a0Quel est votre avis l\u00e0-dessus ?\u00a0<\/strong><\/p>\n<p>&#13;<\/p>\n<p>Moi, ce que j&rsquo;aimerais c&rsquo;est que l&rsquo;argent, si demain vous dites qu&rsquo;il y a des droits t\u00e9l\u00e9, il y a x millions d&rsquo;euros qui sont revers\u00e9s \u00e0 UAE, \u00e7a ne changera pas leur projet. Donc en fait, il faut trouver aussi comment cet argent-l\u00e0, certes, il arrive peut-\u00eatre dans les \u00e9quipes, mais surtout comment il arrive \u00e0 redescendre dans les \u00e9chelons inf\u00e9rieurs qui ont des besoins r\u00e9els.\u00a0Mais je me dis, est-ce que si ils doivent \u00eatre revers\u00e9s,\u00a0 c&rsquo;est bien de le reverser aux \u00e9quipes ? Ou est-ce que c&rsquo;est bien de le reverser aux \u00e9quipes pour que les \u00e9quipes les reversent dans ce qui va permettre de faire vivre le cyclisme, le cyclisme amateur et ainsi de suite ? C&rsquo;est une r\u00e9flexion.\u00a0<\/p>\n<p>&#13;<\/p>\n<p>Donc, en fait, nous, on doit \u00eatre aux c\u00f4t\u00e9s des organisateurs, on ne doit pas les mettre sous pression, on doit se dire que c&rsquo;est gr\u00e2ce aussi aux organisateurs qu&rsquo;on vit.\u00a0Mais je pense que c&rsquo;est un\u00a0sujet qui est tr\u00e8s tr\u00e8s complexe. Mais si cet argent-l\u00e0 pouvait revenir vers les\u00a0plus petites structures et vers le cyclisme amateur, \u00e7a pourrait \u00eatre\u00a0forc\u00e9ment une bonne chose.\u00a0<\/p>\n","protected":false},"excerpt":{"rendered":"Lire la suite de l&rsquo;article&#13; \u00a0 &#13; \u00ab\u00a0L&rsquo;objectif est de gagner Paris-Roubaix\u00a0\u00bb&#13; Bonjour Cyril. D\u00e9j\u00e0, on va prendre&hellip;\n","protected":false},"author":2,"featured_media":547985,"comment_status":"","ping_status":"","sticky":false,"template":"","format":"standard","meta":{"footnotes":""},"categories":[1411],"tags":[1154,207,211,1011,27,2173,209,60,210,212,208,213],"class_list":{"0":"post-547984","1":"post","2":"type-post","3":"status-publish","4":"format-standard","5":"has-post-thumbnail","7":"category-cyclisme","8":"tag-cycling","9":"tag-cyclisme","10":"tag-ffc","11":"tag-fr","12":"tag-france","13":"tag-interview","14":"tag-route","15":"tag-sports","16":"tag-tour-de-france","17":"tag-uci","18":"tag-velo","19":"tag-world-tour"},"share_on_mastodon":{"url":"https:\/\/pubeurope.com\/@fr\/115584848695099801","error":""},"_links":{"self":[{"href":"https:\/\/www.europesays.com\/fr\/wp-json\/wp\/v2\/posts\/547984","targetHints":{"allow":["GET"]}}],"collection":[{"href":"https:\/\/www.europesays.com\/fr\/wp-json\/wp\/v2\/posts"}],"about":[{"href":"https:\/\/www.europesays.com\/fr\/wp-json\/wp\/v2\/types\/post"}],"author":[{"embeddable":true,"href":"https:\/\/www.europesays.com\/fr\/wp-json\/wp\/v2\/users\/2"}],"replies":[{"embeddable":true,"href":"https:\/\/www.europesays.com\/fr\/wp-json\/wp\/v2\/comments?post=547984"}],"version-history":[{"count":0,"href":"https:\/\/www.europesays.com\/fr\/wp-json\/wp\/v2\/posts\/547984\/revisions"}],"wp:featuredmedia":[{"embeddable":true,"href":"https:\/\/www.europesays.com\/fr\/wp-json\/wp\/v2\/media\/547985"}],"wp:attachment":[{"href":"https:\/\/www.europesays.com\/fr\/wp-json\/wp\/v2\/media?parent=547984"}],"wp:term":[{"taxonomy":"category","embeddable":true,"href":"https:\/\/www.europesays.com\/fr\/wp-json\/wp\/v2\/categories?post=547984"},{"taxonomy":"post_tag","embeddable":true,"href":"https:\/\/www.europesays.com\/fr\/wp-json\/wp\/v2\/tags?post=547984"}],"curies":[{"name":"wp","href":"https:\/\/api.w.org\/{rel}","templated":true}]}}