{"id":547987,"date":"2025-11-21T00:27:16","date_gmt":"2025-11-21T00:27:16","guid":{"rendered":"https:\/\/www.europesays.com\/fr\/547987\/"},"modified":"2025-11-21T00:27:16","modified_gmt":"2025-11-21T00:27:16","slug":"miss-univers-2025-la-francaise-eve-gilles-remportera-t-elle-la-couronne-ou-et-comment-suivre-la-ceremonie-cette-nuit","status":"publish","type":"post","link":"https:\/\/www.europesays.com\/fr\/547987\/","title":{"rendered":"Miss Univers 2025\u00a0: la Fran\u00e7aise \u00c8ve Gilles remportera-t-elle la couronne ? O\u00f9 et comment suivre la c\u00e9r\u00e9monie cette nuit"},"content":{"rendered":"<p class=\"paragraph text_align_left lp-f-body-02\">Qui succ\u00e9dera \u00e0 <a href=\"https:\/\/www.leparisien.fr\/culture-loisirs\/tv\/miss-univers-miss-danemark-sacree-indira-ampiot-dans-le-top-30-17-11-2024-X7HTNZJFPJFGTL6BA4NLR34GHA.php\" rel=\"nofollow noopener\" target=\"_blank\">Victoria Kj\u00e6r Theilvig<\/a> ? 121 concurrentes s\u2019affrontent ce vendredi 21 novembre \u00e0 Pak Kret, pr\u00e8s de Bangkok (Tha\u00eflande), pour devenir la <a href=\"https:\/\/www.leparisien.fr\/societe\/miss-univers-le-concours-rachete-par-une-millionnaire-thailandaise-defenseuse-des-droits-lgbt-27-10-2022-BKMQUP3GTZHPHM3BPND44ZS3PU.php\" rel=\"nofollow noopener\" target=\"_blank\">nouvelle Miss Univers<\/a> 2025, \u00e0 l\u2019occasion de la 74e \u00e9dition du concours de beaut\u00e9. Pour porter haut les couleurs de la France, la soci\u00e9t\u00e9 Miss France a confi\u00e9 l\u2019\u00e9charpe tricolore <a href=\"https:\/\/www.leparisien.fr\/culture-loisirs\/miss-france\/eve-gilles-en-lice-pour-miss-univers-je-nai-pas-prevu-de-faire-de-chirurgie-24-10-2025-OUA53R727RC63FUA4AO337FSFU.php\" target=\"_blank\" rel=\"noreferrer nofollow noopener\">\u00e0 \u00c8ve Gilles, Miss France 2024<\/a> et Miss Nord-Pas-de-Calais 2023.<\/p>\n<p class=\"paragraph text_align_left lp-f-body-02\">La jeune femme de 22 ans, originaire de Qua\u00ebdypre (Nord) est d\u00e9j\u00e0 pass\u00e9e par plusieurs \u00e9preuves depuis son arriv\u00e9e en Tha\u00eflande le 1er novembre. En plus des galas, d\u00eeners et c\u00e9r\u00e9monies d\u2019ouverture, la Miss aux cheveux courts a particip\u00e9 aux d\u00e9fil\u00e9s en maillot de bain et en robe de soir\u00e9e. Elle a \u00e9galement surpris lors du d\u00e9fil\u00e9 en costume national, <a href=\"https:\/\/www.leparisien.fr\/culture-loisirs\/miss-france\/miss-univers-2025-decouvrez-le-costume-national-deve-gilles-en-hommage-a-jeanne-darc-19-11-2025-5P6VIFMFPVGBJMTSGT6RIJN5NY.php\" target=\"_blank\" rel=\"noreferrer nofollow noopener\">dans une armure qui rendait hommage \u00e0 Jeanne d\u2019Arc<\/a>, \u00ab une guerri\u00e8re pour la paix \u00bb.<\/p>\n<p>La comp\u00e9tition \u00e0 suivre en pleine nuit en France<\/p>\n<p class=\"paragraph text_align_left lp-f-body-02\">Elle porte les espoirs d\u2019une \u00e9ventuelle troisi\u00e8me couronne fran\u00e7aise, neuf ans apr\u00e8s le sacre d\u2019Iris Mittenaere. La Miss France 2016 <a href=\"https:\/\/www.leparisien.fr\/laparisienne\/people\/comment-iris-mittenaere-a-remporte-le-concours-de-miss-univers-31-01-2017-6640908.php\" rel=\"nofollow noopener\" target=\"_blank\">avait \u00e9t\u00e9 couronn\u00e9e le 30 janvier 2017<\/a> \u00e0 Manille (Philippines) face \u00e0 Miss Ha\u00efti. Elle \u00e9tait devenue la deuxi\u00e8me Fran\u00e7aise \u00e0 remporter le titre de Miss Univers, alors que la premi\u00e8re victoire remontait \u00e0 1953, lorsque Christiane Martel avait \u00e9t\u00e9 sacr\u00e9e. Quatre autres Fran\u00e7aises sont \u00e9galement en lice : <a href=\"https:\/\/www.leparisien.fr\/culture-loisirs\/miss-france\/il-faut-foncer-savoir-kiffer-ancienne-dauphine-de-miss-monde-ophely-mezino-veut-decrocher-le-titre-de-miss-univers-pour-la-guadeloupe-18-11-2025-K6CKTLLVBVGRBBP625XOEHWD2U.php\" rel=\"nofollow noopener\" target=\"_blank\">Oph\u00e9ly M\u00e9zino pour la Guadeloupe<\/a>, C\u00e9lya Abatucci pour la Martinique, Nourya Aboutoihi pour Mayotte, mais aussi la Franco-Bulgare Gaby Guha, Miss Bulgarie.<\/p>\n<p class=\"paragraph text_align_left lp-f-body-02\">Du fait du d\u00e9calage horaire, la comp\u00e9tition aura lieu pour la France dans la nuit de jeudi \u00e0 vendredi d\u00e8s 2 heures du matin, alors qu\u2019il sera 8 heures <a href=\"https:\/\/www.leparisien.fr\/culture-loisirs\/miss-france\/miss-univers-un-organisateur-thailandais-traite-de-debile-miss-mexique-la-tenante-du-titre-et-les-candidates-sindignent-04-11-2025-JEM226XCJ5H5BKIJGQ5A4DYDXI.php\" target=\"_blank\" rel=\"noreferrer nofollow noopener\">en Tha\u00eflande<\/a>. L\u2019\u00e9lection sera retransmise dans l\u2019Hexagone sur Paris Premi\u00e8re et comment\u00e9e par Fran\u00e7ois Pier P\u00e9linard-Lambert et <a href=\"https:\/\/www.leparisien.fr\/culture-loisirs\/livres\/je-me-suis-pris-une-tonne-de-tartes-chez-miss-france-les-confidences-piquantes-de-sylvie-tellier-28-05-2024-HNVXWNGAD5FYTJS6QDQLVM2RII.php\" target=\"_blank\" rel=\"noreferrer nofollow noopener\">Sylvie Tellier, ancienne directrice du concours<\/a> Miss France.<\/p>\n<p class=\"paragraph text_align_left lp-f-body-02\">L\u2019an dernier, l\u2019\u00e9lection de Miss Univers 2024 avait eu lieu le 16 novembre \u00e0 Mexico (Mexique) et avait conduit au sacre de <a href=\"https:\/\/www.leparisien.fr\/culture-loisirs\/tv\/miss-univers-miss-danemark-sacree-indira-ampiot-dans-le-top-30-17-11-2024-X7HTNZJFPJFGTL6BA4NLR34GHA.php\" rel=\"nofollow noopener\" target=\"_blank\">la Danoise Victoria Kj\u00e6r Theilvig<\/a>. La France avait \u00e9t\u00e9 brillamment repr\u00e9sent\u00e9e <a href=\"https:\/\/www.leparisien.fr\/culture-loisirs\/miss-france\/miss-univers-la-francaise-indira-ampiot-decue-mais-quand-meme-fiere-detre-dans-le-top-30-17-11-2024-RKGQEWR3RVGC3GBFVGRHYSH7KM.php\" target=\"_blank\" rel=\"noreferrer nofollow noopener\">par Indira Ampiot, Miss France 2023<\/a>, qui avait termin\u00e9 dans le top 30 de la comp\u00e9tition.<\/p>\n","protected":false},"excerpt":{"rendered":"Qui succ\u00e9dera \u00e0 Victoria Kj\u00e6r Theilvig ? 121 concurrentes s\u2019affrontent ce vendredi 21 novembre \u00e0 Pak Kret, pr\u00e8s&hellip;\n","protected":false},"author":2,"featured_media":547988,"comment_status":"","ping_status":"","sticky":false,"template":"","format":"standard","meta":{"footnotes":""},"categories":[1359],"tags":[872,58,59,1011,27,3034,973],"class_list":{"0":"post-547987","1":"post","2":"type-post","3":"status-publish","4":"format-standard","5":"has-post-thumbnail","7":"category-people","8":"tag-culture-et-loisirs","9":"tag-divertissement","10":"tag-entertainment","11":"tag-fr","12":"tag-france","13":"tag-miss-france","14":"tag-people"},"share_on_mastodon":{"url":"https:\/\/pubeurope.com\/@fr\/115584856707281329","error":""},"_links":{"self":[{"href":"https:\/\/www.europesays.com\/fr\/wp-json\/wp\/v2\/posts\/547987","targetHints":{"allow":["GET"]}}],"collection":[{"href":"https:\/\/www.europesays.com\/fr\/wp-json\/wp\/v2\/posts"}],"about":[{"href":"https:\/\/www.europesays.com\/fr\/wp-json\/wp\/v2\/types\/post"}],"author":[{"embeddable":true,"href":"https:\/\/www.europesays.com\/fr\/wp-json\/wp\/v2\/users\/2"}],"replies":[{"embeddable":true,"href":"https:\/\/www.europesays.com\/fr\/wp-json\/wp\/v2\/comments?post=547987"}],"version-history":[{"count":0,"href":"https:\/\/www.europesays.com\/fr\/wp-json\/wp\/v2\/posts\/547987\/revisions"}],"wp:featuredmedia":[{"embeddable":true,"href":"https:\/\/www.europesays.com\/fr\/wp-json\/wp\/v2\/media\/547988"}],"wp:attachment":[{"href":"https:\/\/www.europesays.com\/fr\/wp-json\/wp\/v2\/media?parent=547987"}],"wp:term":[{"taxonomy":"category","embeddable":true,"href":"https:\/\/www.europesays.com\/fr\/wp-json\/wp\/v2\/categories?post=547987"},{"taxonomy":"post_tag","embeddable":true,"href":"https:\/\/www.europesays.com\/fr\/wp-json\/wp\/v2\/tags?post=547987"}],"curies":[{"name":"wp","href":"https:\/\/api.w.org\/{rel}","templated":true}]}}