{"id":547995,"date":"2025-11-21T00:33:11","date_gmt":"2025-11-21T00:33:11","guid":{"rendered":"https:\/\/www.europesays.com\/fr\/547995\/"},"modified":"2025-11-21T00:33:11","modified_gmt":"2025-11-21T00:33:11","slug":"le-nouveau-film-pixar-ne-merite-pas-le-flop","status":"publish","type":"post","link":"https:\/\/www.europesays.com\/fr\/547995\/","title":{"rendered":"le nouveau film Pixar ne m\u00e9rite pas le flop"},"content":{"rendered":"<p>Oubliez Buzz, Woody et toute la clique. La semaine derni\u00e8re, Pixar secouait internet avec <a href=\"https:\/\/www.journaldugeek.com\/2025\/11\/12\/toy-story-5-la-premiere-bande-annonce-est-la-et-elle-decoit\/\" target=\"_blank\" rel=\"noopener\">le premier teaser de Toy Story 5<\/a> dont la sortie en salles est pr\u00e9vue pour le 17 juin 2026. Mais avant de viser si loin, un autre long-m\u00e9trage du studio a trouv\u00e9 sa place sur le calendrier et il serait dommage de le louper. Suite \u00e0 l\u2019\u00e9chec d\u2019<a href=\"https:\/\/www.journaldugeek.com\/critique\/critique-elio-quand-les-aliens-nous-rappellent-ce-que-cest-detre-humain\/\" target=\"_blank\" rel=\"noopener\">Elio<\/a> cet \u00e9t\u00e9, les nouvelles licences de Pixar semblent en perte de r\u00e9gime et ce ph\u00e9nom\u00e8ne inqui\u00e8te. La firme aux grandes oreilles va-t-elle s\u2019abandonner aux suites et remakes \u00e0 r\u00e9p\u00e9titions\u00a0? Il faut dire que <a href=\"https:\/\/www.journaldugeek.com\/2025\/11\/17\/vaiana-disney-se-moque-de-nous-avec-son-live-action\/\" target=\"_blank\" rel=\"noopener\">l\u2019annonce du remake live action de Vaiana<\/a> n\u2019a rien de rassurant concernant l\u2019avenir cr\u00e9atif de l\u2019entreprise.<\/p>\n<p>Mais avant de crier au d\u00e9sastre, les aficionados d\u2019animation peuvent compter sur l\u2019irr\u00e9ductible Pixar qui poursuit ses efforts en mati\u00e8re de productions originales. <strong>Le 4 mars prochain, les cin\u00e9mas fran\u00e7ais accueilleront Jumpers,<\/strong> un long-m\u00e9trage \u00e0 la direction artistique singuli\u00e8re, dans la lign\u00e9e des exp\u00e9rimentations de ces derni\u00e8res ann\u00e9es (Alerte Rouge, Luca, El\u00e9mentaire\u2026). Et si les premiers teasers se montraient d\u00e9j\u00e0 convaincants, la nouvelle bande-annonce nous fait dire une bonne fois pour toutes\u00a0: Jumpers ne doit absolument pas \u00eatre n\u00e9glig\u00e9 par le public.<\/p>\n<p>    <a href=\"https:\/\/www.youtube.com\/user\/JournalduGeek?sub_confirmation=1\" target=\"_blank\" rel=\"nofollow noopener\"><br \/>\n        S&rsquo;abonner \u00e0 Journal du Geek<br \/>\n    <\/a> Quand la protection des animaux vire \u00e0 la guerre <\/p>\n<p>Ce film r\u00e9alis\u00e9 par Daniel Chong \u2013 que les adeptes de Cartoon Network connaissent pour le dessin anim\u00e9 We Bare Bears \u2013 raconte l\u2019histoire de Mabel, une jeune femme passionn\u00e9e par les animaux et la nature. Lorsque ses professeurs d\u2019universit\u00e9 mettent au point un moyen de faire \u201csauter\u201d son esprit dans un castor robotique (d\u2019o\u00f9 le nom du film), Mabel met cette technologie \u00e0 profit pour partir \u00e0 la rencontre des animaux.<\/p>\n<p>En immersion au c\u0153ur du r\u00e8gne animal, elle d\u00e9couvre avec grande tristesse que les activit\u00e9s humaines (et notamment l\u2019urbanisation sans fin) ont fini par mener \u00e0 la surpopulation des derniers espaces naturels.<strong> Sous sa nouvelle identit\u00e9 animale, la jeune femme d\u00e9cide de s\u2019imposer comme la leader d\u2019une r\u00e9volution visant \u00e0 aider les animaux\u2026<\/strong> sans pr\u00e9dire que son activisme allait r\u00e9veiller des pulsions primales chez les adorables b\u00eates.<\/p>\n<p>La guerre entre humains et animaux est une th\u00e9matique qui a \u00e9t\u00e9 abord\u00e9e \u00e0 maintes reprises dans le monde de l\u2019animation, mais Pixar semble avoir trouv\u00e9 une approche d\u2019autant plus unique et efficace. Il ne reste donc plus qu\u2019\u00e0 esp\u00e9rer que ce sc\u00e9nario sera \u00e0 la hauteur des visuels qui ne manquent d\u00e9finitivement pas de charme. Rendez-vous au cin\u00e9ma en mars pour soutenir ce nouveau film original et garantir l\u2019avenir de ce genre de production. Pour rappel, u<a href=\"https:\/\/www.journaldugeek.com\/2025\/06\/16\/pixar-a-de-tres-bonnes-nouvelles-et-presente-son-avenir-radieux\/#:~:text=retour%20en%20italie%20avec%20gatto\" target=\"_blank\" rel=\"noopener\">ne autre histoire in\u00e9dite par le r\u00e9alisateur de Luca sera diffus\u00e9e en 2027.<\/a><\/p>\n<blockquote>\n<p class=\"text-base text-neutral-700 dark:text-neutral-300\">\ud83d\udfe3 Pour ne manquer aucune news sur le Journal du Geek, abonnez-vous sur <a href=\"https:\/\/news.google.com\/publications\/CAAqBwgKMNr_hAswwYyCAw?hl=fr&amp;gl=FR&amp;ceid=FR%3Afr\" target=\"_blank\" rel=\"noopener\">Google Actualit\u00e9s<\/a> et sur <a href=\"https:\/\/whatsapp.com\/channel\/0029VaClM5y4tRry12tb7D2h\" target=\"_blank\" rel=\"noopener\">notre WhatsApp<\/a>. Et si vous nous adorez, on a <a href=\"https:\/\/www.journaldugeek.com\/newsletter\/\" target=\"_blank\" rel=\"noopener\">une newsletter tous les matins<\/a>.<\/p>\n<\/blockquote>\n","protected":false},"excerpt":{"rendered":"Oubliez Buzz, Woody et toute la clique. La semaine derni\u00e8re, Pixar secouait internet avec le premier teaser de&hellip;\n","protected":false},"author":2,"featured_media":547996,"comment_status":"","ping_status":"","sticky":false,"template":"","format":"standard","meta":{"footnotes":""},"categories":[1354],"tags":[520,58,59,31156,1346,1011,27,1360,7794],"class_list":{"0":"post-547995","1":"post","2":"type-post","3":"status-publish","4":"format-standard","5":"has-post-thumbnail","7":"category-films","8":"tag-disney","9":"tag-divertissement","10":"tag-entertainment","11":"tag-film-danimation","12":"tag-films","13":"tag-fr","14":"tag-france","15":"tag-movies","16":"tag-pixar"},"share_on_mastodon":{"url":"https:\/\/pubeurope.com\/@fr\/115584880293388565","error":""},"_links":{"self":[{"href":"https:\/\/www.europesays.com\/fr\/wp-json\/wp\/v2\/posts\/547995","targetHints":{"allow":["GET"]}}],"collection":[{"href":"https:\/\/www.europesays.com\/fr\/wp-json\/wp\/v2\/posts"}],"about":[{"href":"https:\/\/www.europesays.com\/fr\/wp-json\/wp\/v2\/types\/post"}],"author":[{"embeddable":true,"href":"https:\/\/www.europesays.com\/fr\/wp-json\/wp\/v2\/users\/2"}],"replies":[{"embeddable":true,"href":"https:\/\/www.europesays.com\/fr\/wp-json\/wp\/v2\/comments?post=547995"}],"version-history":[{"count":0,"href":"https:\/\/www.europesays.com\/fr\/wp-json\/wp\/v2\/posts\/547995\/revisions"}],"wp:featuredmedia":[{"embeddable":true,"href":"https:\/\/www.europesays.com\/fr\/wp-json\/wp\/v2\/media\/547996"}],"wp:attachment":[{"href":"https:\/\/www.europesays.com\/fr\/wp-json\/wp\/v2\/media?parent=547995"}],"wp:term":[{"taxonomy":"category","embeddable":true,"href":"https:\/\/www.europesays.com\/fr\/wp-json\/wp\/v2\/categories?post=547995"},{"taxonomy":"post_tag","embeddable":true,"href":"https:\/\/www.europesays.com\/fr\/wp-json\/wp\/v2\/tags?post=547995"}],"curies":[{"name":"wp","href":"https:\/\/api.w.org\/{rel}","templated":true}]}}