{"id":548038,"date":"2025-11-21T01:01:25","date_gmt":"2025-11-21T01:01:25","guid":{"rendered":"https:\/\/www.europesays.com\/fr\/548038\/"},"modified":"2025-11-21T01:01:25","modified_gmt":"2025-11-21T01:01:25","slug":"la-cci-nice-cote-dazur-pionniere-en-france-avec-la-labellisation-engage","status":"publish","type":"post","link":"https:\/\/www.europesays.com\/fr\/548038\/","title":{"rendered":"La CCI Nice C\u00f4te d\u2019Azur, pionni\u00e8re en France avec la labellisation ENGAG\u00c9 (\u2026)"},"content":{"rendered":"<p>                    <img loading=\"lazy\" decoding=\"async\" src=\"https:\/\/www.europesays.com\/fr\/wp-content\/uploads\/2025\/11\/238e53ef947ef297c0a02f2105bf9e.jpg\" class=\"img-responsive post-image\" width=\"680\" height=\"510\" alt=\"La CCI Nice C\u00f4te d'Azur,\" title=\"La CCI Nice C\u00f4te d'Azur, pionni\u00e8re en France avec la labellisation ENGAG\u00c9 RSE - AFNOR\"\/><\/p>\n<p class=\"chapo\">Le Label Engag\u00e9 RSE de l\u2019AFNOR, fond\u00e9 sur la norme internationale ISO 26000, est un label de r\u00e9f\u00e9rence pour \u00e9valuer la maturit\u00e9 des engagements sociaux, environnementaux et \u00e9conomiques, tout en valorisant les bonnes pratiques aupr\u00e8s des parties prenantes. Jeudi 20 novembre 2025, la CCI Nice C\u00f4te d\u2019Azur a officiellement re\u00e7u le label engag\u00e9 RSE de l\u2019AFNOR. Elle devient ainsi la 1\u00e8re CCI de France \u00e0 \u00eatre lab\u00e9lis\u00e9e ENGAGE RSE avec AFNOR Certification.<\/p>\n<p>                    \u00ab\u00a0Une entreprise publique performante, moderne et humaine\u00a0\u00bb<\/p>\n<p><strong>L\u2019\u00e9valuation, qui repose sur 47 crit\u00e8res r\u00e9partis en 8 th\u00e9matiques, couvre des domaines tels que la gouvernance, les ressources humaines, l\u2019impact environnemental, l\u2019ancrage territorial ou encore la performance \u00e9conomique.<\/strong><br class=\"autobr\"\/><br \/>\nReconnaissance d\u2019une d\u00e9marche structur\u00e9e et coh\u00e9rente et engag\u00e9e depuis plus de 18 mois, le label Engag\u00e9 RSE vient compl\u00e9ter les certifications d\u00e9j\u00e0 obtenues par la CCI Nice C\u00f4te d\u2019Azur dans ses \u00e9tablissements, avec QUALIOPI pour la formation et PORTS PROPRES pour les ports de Golfe-Juan, Gallice et Vauban. Son p\u00e9rim\u00e8tre couvre toutes les activit\u00e9s de la CCI du service aux entreprises en passant par la formation et la gestion portuaire.<br class=\"autobr\"\/><br \/>\nPour<strong> Jean-Pierre Savarino,<\/strong> pr\u00e9sident de la CCI Nice C\u00f4te d\u2019Azur\u00a0: \u00ab\u00a0L\u2019obtention du label Engag\u00e9 RSE constitue une reconnaissance pour l\u2019action concr\u00e8te que nous menons au quotidien dans l\u2019accompagnement des entreprises \u00e0 adopter une d\u00e9marche responsable et durable. La CCI Nice C\u00f4te d\u2019Azur a beaucoup \u00e9volu\u00e9 ces derni\u00e8res ann\u00e9es et est devenue une entreprise publique performante, moderne et humaine dont les actions prennent syst\u00e9matiquement en compte, par-del\u00e0 l\u2019int\u00e9r\u00eat g\u00e9n\u00e9ral, les trois piliers de la RSE\u00a0: l\u2019environnement, l\u2019\u00e9conomie et le social.\u00a0\u00bb<\/p>\n<p><strong>Franck Scarlatti,<\/strong> Directeur G\u00e9n\u00e9ral de la CCI Nice C\u00f4te d\u2019Azur ajoute\u00a0: \u00ab\u00a0 La CCI Nice C\u00f4te d\u2019Azur accompagne, dans le cadre de ses missions de service public, les entreprises de son territoire dans leur d\u00e9marche RSE. Cette labellisation a valeur d\u2019exemplarit\u00e9 et permet accro\u00eetre sa cr\u00e9dibilit\u00e9 dans l\u2019exercice de ses activit\u00e9s. Par des pratiques durables diff\u00e9renciantes et une anticipation des r\u00e9glementations, la CCI dispose d\u2019un nouvel atout dans le cadre des proc\u00e9dures de mises en concurrence tout en d\u00e9veloppant sa marque employeur \u00a0\u00bb<\/p>\n<blockquote class=\"twitter-tweet\">\n<p lang=\"fr\" dir=\"ltr\"> La CCI Nice C\u00f4te d&rsquo;Azur devient la premi\u00e8re CCI de Fraance labellis\u00e9e ENGAG\u00c9 RSE \u2013 AFNOR\u00a0!<\/p>\n<p>Une distinction nationale qui r\u00e9compense une d\u00e9marche ambitieuse, structur\u00e9e et port\u00e9e par l\u2019ensemble du Groupe CCI Nice C\u00f4te d&rsquo;Azur de l\u2019appui aux entreprises\u2026 <a href=\"https:\/\/t.co\/MpYBWMutJh\">pic.twitter.com\/MpYBWMutJh<\/a><\/p>\n<p>\u2014 CCI Nice C\u00f4te d&rsquo;Azur (@CCIcotedazur) <a href=\"https:\/\/twitter.com\/CCIcotedazur\/status\/1991530385314889902?ref_src=twsrc%5Etfw\" target=\"_blank\" rel=\"noopener\">November 20, 2025<\/a><\/p>\n<\/blockquote>\n<p>            <script async src=\"https:\/\/platform.twitter.com\/widgets.js\" charset=\"utf-8\"><\/script><\/p>\n","protected":false},"excerpt":{"rendered":"Le Label Engag\u00e9 RSE de l\u2019AFNOR, fond\u00e9 sur la norme internationale ISO 26000, est un label de r\u00e9f\u00e9rence&hellip;\n","protected":false},"author":2,"featured_media":548039,"comment_status":"","ping_status":"","sticky":false,"template":"","format":"standard","meta":{"footnotes":""},"categories":[2819],"tags":[1111,11,2408,1777,674,1011,27,12,2401,882,25],"class_list":{"0":"post-548038","1":"post","2":"type-post","3":"status-publish","4":"format-standard","5":"has-post-thumbnail","7":"category-nice","8":"tag-actu","9":"tag-actualites","10":"tag-appels-d","11":"tag-eu","12":"tag-europe","13":"tag-fr","14":"tag-france","15":"tag-news","16":"tag-nice","17":"tag-provence-alpes-cote-dazur","18":"tag-republique-francaise"},"share_on_mastodon":{"url":"https:\/\/pubeurope.com\/@fr\/115584990902022566","error":""},"_links":{"self":[{"href":"https:\/\/www.europesays.com\/fr\/wp-json\/wp\/v2\/posts\/548038","targetHints":{"allow":["GET"]}}],"collection":[{"href":"https:\/\/www.europesays.com\/fr\/wp-json\/wp\/v2\/posts"}],"about":[{"href":"https:\/\/www.europesays.com\/fr\/wp-json\/wp\/v2\/types\/post"}],"author":[{"embeddable":true,"href":"https:\/\/www.europesays.com\/fr\/wp-json\/wp\/v2\/users\/2"}],"replies":[{"embeddable":true,"href":"https:\/\/www.europesays.com\/fr\/wp-json\/wp\/v2\/comments?post=548038"}],"version-history":[{"count":0,"href":"https:\/\/www.europesays.com\/fr\/wp-json\/wp\/v2\/posts\/548038\/revisions"}],"wp:featuredmedia":[{"embeddable":true,"href":"https:\/\/www.europesays.com\/fr\/wp-json\/wp\/v2\/media\/548039"}],"wp:attachment":[{"href":"https:\/\/www.europesays.com\/fr\/wp-json\/wp\/v2\/media?parent=548038"}],"wp:term":[{"taxonomy":"category","embeddable":true,"href":"https:\/\/www.europesays.com\/fr\/wp-json\/wp\/v2\/categories?post=548038"},{"taxonomy":"post_tag","embeddable":true,"href":"https:\/\/www.europesays.com\/fr\/wp-json\/wp\/v2\/tags?post=548038"}],"curies":[{"name":"wp","href":"https:\/\/api.w.org\/{rel}","templated":true}]}}