{"id":54806,"date":"2025-04-26T16:33:08","date_gmt":"2025-04-26T16:33:08","guid":{"rendered":"https:\/\/www.europesays.com\/fr\/54806\/"},"modified":"2025-04-26T16:33:08","modified_gmt":"2025-04-26T16:33:08","slug":"eric-piolle-elu-porte-parole-des-ecologistes-marine-tondelier-furieuse-contre-le-maire-de-grenoble","status":"publish","type":"post","link":"https:\/\/www.europesays.com\/fr\/54806\/","title":{"rendered":"Eric Piolle \u00e9lu porte-parole des Ecologistes, Marine Tondelier furieuse contre le maire de Grenoble"},"content":{"rendered":"<p itemprop=\"description\"><strong>Ce samedi, Eric Piolle a \u00e9t\u00e9 \u00e9lu porte-parole d&rsquo;un parti dont la cheffe ne voulait pas de lui.<\/strong><\/p>\n<p>Contre l&rsquo;avis de Marine Tondelier, r\u00e9\u00e9lue secr\u00e9taire nationale des Ecologistes, le maire de Grenoble est parvenu \u00e0 ses fins.<\/p>\n<p>Il a recueilli 2607 voix, contre 2306 pour Guillaume H\u00e9douin, le candidat pour lequel Marine Tondelier avait appel\u00e9 \u00e0 voter.<\/p>\n<p>C&rsquo;est donc sans complicit\u00e9 et dans une ambiance glaciale que les deux personnalit\u00e9s \u00e9cologistes ont partag\u00e9 la sc\u00e8ne lors de la cl\u00f4ture du congr\u00e8s ce samedi apr\u00e8s-midi. Leur longue \u00e9treinte quand Marine Tondelier est arriv\u00e9e pour son discours ne risque pas de laisser croire \u00e0 une r\u00e9conciliation \u00e9clair.<\/p>\n<p>Pour la secr\u00e9taire nationale, c&rsquo;est d&rsquo;ailleurs un double camouflet. Non seulement Eric Piolle s&rsquo;est pr\u00e9sent\u00e9 contre son gr\u00e9, mais en plus les adh\u00e9rents et les \u00e9lus n&rsquo;ont pas suivi ses consignes en boycottant l&rsquo;\u00e9dile grenoblois.<\/p>\n<p>En coulisses, il lui a \u00e9t\u00e9 reproch\u00e9 de vouloir faire le m\u00e9nage autour d&rsquo;elle pour pr\u00e9parer une voie royale vers l&rsquo;\u00e9lection pr\u00e9sidentielle 2027.<\/p>\n","protected":false},"excerpt":{"rendered":"Ce samedi, Eric Piolle a \u00e9t\u00e9 \u00e9lu porte-parole d&rsquo;un parti dont la cheffe ne voulait pas de lui.&hellip;\n","protected":false},"author":2,"featured_media":54807,"comment_status":"","ping_status":"","sticky":false,"template":"","format":"standard","meta":{"footnotes":""},"categories":[9566],"tags":[1111,11,7733,8279,2430,7736,650,7734,2889,2263,1777,674,1011,27,2731,8280,6417,1114,108,4662,12,3725,1825,25,7737],"class_list":{"0":"post-54806","1":"post","2":"type-post","3":"status-publish","4":"format-standard","5":"has-post-thumbnail","7":"category-grenoble","8":"tag-actu","9":"tag-actualites","10":"tag-alpes","11":"tag-alpes1","12":"tag-auvergne-rhone-alpes","13":"tag-cds","14":"tag-cinema","15":"tag-ecoute","16":"tag-emission","17":"tag-equipe","18":"tag-eu","19":"tag-europe","20":"tag-fr","21":"tag-france","22":"tag-grenoble","23":"tag-haute","24":"tag-information","25":"tag-infos","26":"tag-isere","27":"tag-journal","28":"tag-news","29":"tag-podcast","30":"tag-radio","31":"tag-republique-francaise","32":"tag-winamp"},"share_on_mastodon":{"url":"https:\/\/pubeurope.com\/@fr\/114405232395324475","error":""},"_links":{"self":[{"href":"https:\/\/www.europesays.com\/fr\/wp-json\/wp\/v2\/posts\/54806","targetHints":{"allow":["GET"]}}],"collection":[{"href":"https:\/\/www.europesays.com\/fr\/wp-json\/wp\/v2\/posts"}],"about":[{"href":"https:\/\/www.europesays.com\/fr\/wp-json\/wp\/v2\/types\/post"}],"author":[{"embeddable":true,"href":"https:\/\/www.europesays.com\/fr\/wp-json\/wp\/v2\/users\/2"}],"replies":[{"embeddable":true,"href":"https:\/\/www.europesays.com\/fr\/wp-json\/wp\/v2\/comments?post=54806"}],"version-history":[{"count":0,"href":"https:\/\/www.europesays.com\/fr\/wp-json\/wp\/v2\/posts\/54806\/revisions"}],"wp:featuredmedia":[{"embeddable":true,"href":"https:\/\/www.europesays.com\/fr\/wp-json\/wp\/v2\/media\/54807"}],"wp:attachment":[{"href":"https:\/\/www.europesays.com\/fr\/wp-json\/wp\/v2\/media?parent=54806"}],"wp:term":[{"taxonomy":"category","embeddable":true,"href":"https:\/\/www.europesays.com\/fr\/wp-json\/wp\/v2\/categories?post=54806"},{"taxonomy":"post_tag","embeddable":true,"href":"https:\/\/www.europesays.com\/fr\/wp-json\/wp\/v2\/tags?post=54806"}],"curies":[{"name":"wp","href":"https:\/\/api.w.org\/{rel}","templated":true}]}}