{"id":548063,"date":"2025-11-21T01:17:30","date_gmt":"2025-11-21T01:17:30","guid":{"rendered":"https:\/\/www.europesays.com\/fr\/548063\/"},"modified":"2025-11-21T01:17:30","modified_gmt":"2025-11-21T01:17:30","slug":"la-carte-bancaire-pour-prendre-le-metro-en-ile-de-france-open-payment-la-decision-sera-prise-en-avril","status":"publish","type":"post","link":"https:\/\/www.europesays.com\/fr\/548063\/","title":{"rendered":"La carte bancaire pour prendre le m\u00e9tro en \u00cele-de-France (Open Payment) ? La d\u00e9cision sera prise en avril"},"content":{"rendered":"<p>La r\u00e9gion \u00cele-de-France Mobilit\u00e9s m\u00e8ne une \u00e9tude sur l\u2019adoption de la technologie Open Payment, qui permettrait de prendre le m\u00e9tro, le RER, le tramway et le bus avec sa carte bancaire, correspondances comprises, sans acheter de ticket en avance. L\u2019issue du projet est encore incertaine, au vu des co\u00fbts que repr\u00e9sentent les travaux. <\/p>\n<p>Un jour, il sera peut-\u00eatre possible de prendre le m\u00e9tro ou le RER \u00e0 Paris sans acheter de ticket ou de passe, en utilisant simplement sa carte bancaire ou son t\u00e9l\u00e9phone.<\/p>\n<p><strong>\u00cele-de-France Mobilit\u00e9s, en charge du r\u00e9seau francilien, a annonc\u00e9 le 20 novembre \u00e0 Numerama qu\u2019elle menait actuellement une \u00e9tude sur la technologie Open Payment,<\/strong> d\u00e9j\u00e0 pr\u00e9sente dans plusieurs grandes villes fran\u00e7aises, comme Toulouse, Lyon ou Bordeaux.<\/p>\n<p>Rien ne dit que la technologie sera adopt\u00e9e un jour, nous indique la pr\u00e9sidente de r\u00e9gion Val\u00e9rie P\u00e9cresse, mais le sujet est de retour sur la table, apr\u00e8s avoir \u00e9t\u00e9 \u00e9cart\u00e9 il y a quelques ann\u00e9es. <\/p>\n<p>La carte bancaire pour circuler dans toute l\u2019\u00cele-de-France : un projet qui co\u00fbterait tr\u00e8s cher <\/p>\n<p>\u00c0 la fin des ann\u00e9es 2010, \u00cele-de-France Mobilit\u00e9s a fait le pari du mobile. L\u2019organisme a lanc\u00e9 un immense projet de modernisation de son r\u00e9seau pour permettre d\u2019abord <a href=\"https:\/\/www.numerama.com\/tech\/681957-comment-recharger-un-passe-navigo-avec-un-iphone.html\" target=\"_blank\" rel=\"noopener\">d\u2019utiliser son smartphone pour recharger un passe physique<\/a>, puis <a href=\"https:\/\/www.numerama.com\/vroom\/1746356-comment-mettre-son-passe-navigo-sur-son-iphone.html\" target=\"_blank\" rel=\"noopener\">de l\u2019utiliser pour monter dans les transports.<\/a> <\/p>\n<p>Cet immense effort de modernisation s\u2019est concr\u00e9tis\u00e9 en 2024 avec <a href=\"https:\/\/www.numerama.com\/vroom\/1746144-le-passe-navigo-est-enfin-disponible-sur-iphone-apres-582-jours-dattente.html\" target=\"_blank\" rel=\"noopener\">le lancement du Navigo sur iPhone<\/a>, apr\u00e8s des ann\u00e9es de discussions (compliqu\u00e9es) avec Apple. Il devrait se terminer au printemps 2026 <a href=\"https:\/\/www.numerama.com\/vroom\/2123799-le-navigo-annuel-et-le-passe-imagine-r-arriveront-sur-smartphone-au-printemps-2026.html\" target=\"_blank\" rel=\"noopener\">avec l\u2019arriv\u00e9e du passe annuel et du passe Imagine R sur smartphone,<\/a> ainsi que l\u2019extension des options d\u2019achat de titres au portefeuille Google Wallet sur Android (IDFM supporte aujourd\u2019hui Apple Wallet et Samsung Wallet, en plus de sa propre application sur iOS et Android). Depuis juin 2025, <a href=\"https:\/\/www.numerama.com\/vroom\/1994135-le-navigo-liberte-plus-iphone-android-transport-paris.html\" target=\"_blank\" rel=\"noopener\">le passe Libert\u00e9+ est aussi compatible<\/a>.<\/p>\n<\/p>\n<p>            Ce contenu est bloqu\u00e9 car vous n\u2019avez pas accept\u00e9 les cookies et autres traceurs. Ce contenu est fourni par YouTube.<br \/>Pour pouvoir le visualiser, vous devez accepter l\u2019usage \u00e9tant op\u00e9r\u00e9 par YouTube avec vos donn\u00e9es qui pourront \u00eatre utilis\u00e9es pour les finalit\u00e9s suivantes : vous permettre de visualiser et de partager des contenus avec des m\u00e9dias sociaux, favoriser le d\u00e9veloppement et l\u2019am\u00e9lioration des produits d\u2019Humanoid et de ses partenaires, vous afficher des publicit\u00e9s personnalis\u00e9es par rapport \u00e0 votre profil et activit\u00e9, vous d\u00e9finir un profil publicitaire personnalis\u00e9, mesurer la performance des publicit\u00e9s et du contenu de ce site et mesurer l\u2019audience de ce site <a href=\"#\" class=\"js-privacy\" target=\"_blank\">(en savoir plus)<\/a>        <\/p>\n<p>            En cliquant sur \u00ab J\u2019accepte tout \u00bb, vous consentez aux finalit\u00e9s susmentionn\u00e9es pour l\u2019ensemble des cookies et autres traceurs d\u00e9pos\u00e9s par Humanoid et <a class=\"embed-consent-overlay-vendors-link\" href=\"#preferences-vendeurs\">ses partenaires<\/a>.        <\/p>\n<p>            Vous gardez la possibilit\u00e9 de retirer votre consentement \u00e0 tout moment. Pour plus d\u2019informations, nous vous invitons \u00e0 prendre connaissance de notre <a href=\"https:\/\/www.numerama.com\/politique-cookies\" target=\"_blank\" rel=\"noopener\">Politique cookies<\/a>.        <\/p>\n<p>        J\u2019accepte tout    <\/p>\n<p class=\"embed-consent-overlay-manage-choices\">        <a href=\"#preferences-publicitaires\">G\u00e9rer mes choix<\/a>    <\/p>\n<p>Malgr\u00e9 l\u2019extension des tickets aux smartphones, \u00cele-de-France Mobilit\u00e9s, comme Val\u00e9rie P\u00e9cresse, disent \u00eatre conscients du manque d\u2019informations de nombreux passagers, locaux comme touristes, qui continuent de faire la queue tous les mois pour acheter des tickets. <\/p>\n<p>L\u2019\u00e9tude en cours sur l\u2019Open Payment vise \u00e0 savoir si la technologie de paiement par carte bancaire, qui permet de reconna\u00eetre une carte sur le r\u00e9seau pour autoriser les correspondances et plafonner le tarif maximal par jour, simplifierait d\u00e9finitivement l\u2019usage des transports franciliens, utilis\u00e9s par des millions de personnes. <\/p>\n<p>Dans les bus, <a href=\"https:\/\/www.numerama.com\/vroom\/2108393-non-le-passe-navigo-ne-va-pas-etre-remplace-par-la-carte-bancaire-dans-les-bus-et-le-metro-en-ile-de-france.html\" target=\"_blank\" rel=\"noopener\">\u00cele-de-France Mobilit\u00e9s teste d\u00e9j\u00e0 la validation par carte, mais comme \u00ab une solution de d\u00e9pannage\u00a0\u00bb, indique l\u2019entreprise<\/a>. Les correspondances ne sont pas g\u00e9r\u00e9es et chaque passage compte comme une validation diff\u00e9rente, au prix maximal (2,50 euros). D\u2019ici juin 2026, tous les bus seront \u00e9quip\u00e9s de ces terminaux de paiement, qui compl\u00e8teront les bornes Navigo. <\/p>\n<p><a href=\"https:\/\/www.numerama.com\/wp-content\/uploads\/2025\/11\/pecresse.jpg\" target=\"_blank\" rel=\"noopener\"><img decoding=\"async\" width=\"1024\" height=\"576\" loading=\"lazy\" alt=\"Val\u00e9rie P\u00e9cresse lors d'une rencontre avec les m\u00e9dias le 20 novembre.\" title=\"Val\u00e9rie P\u00e9cresse lors d'une rencontre avec les m\u00e9dias le 20 novembre.\" class=\"wp-image-2123787 placeholder-default wp-image\" src=\"https:\/\/www.europesays.com\/fr\/wp-content\/uploads\/2025\/11\/pecresse-1024x576.jpg\" \/><\/a>Val\u00e9rie P\u00e9cresse lors d\u2019une rencontre avec les m\u00e9dias le 20 novembre. \/\/ Source : Numerama<\/p>\n<p>En avril 2026, \u00cele-de-France Mobilit\u00e9s rendra son verdict sur l\u2019Open Payment, qui co\u00fbterait plus de 100 millions d\u2019euros en cas d\u2019adoption (il faudrait changer toutes les bornes, ce qui a \u00e9t\u00e9 \u00e9vit\u00e9 avec la pr\u00e9c\u00e9dente modernisation). Il s\u2019agirait alors d\u2019un des plus grands chantiers technologiques de son histoire, avec une refonte compl\u00e8te du syst\u00e8me billetique. Seule bonne nouvelle : l\u2019arriv\u00e9e du ticket \u00e0 prix unique permettrait d\u2019\u00e9viter de devoir rajouter des bornes de sortie, comme dans les autres villes. <\/p>\n<p>Quelles sont les chances de voir le projet aboutir ? Si \u00cele-de-France Mobilit\u00e9s est plut\u00f4t enthousiaste, Val\u00e9rie P\u00e9cresse \u00e9tait beaucoup plus mesur\u00e9e lors de notre \u00e9change du 20 novembre, en expliquant notamment que le d\u00e9ploiement du passe Navigo sur smartphone r\u00e9pondait d\u00e9j\u00e0 \u00e0 la probl\u00e9matique principale. La pr\u00e9sidente de la r\u00e9gion \u00cele-de-France veut limiter les d\u00e9penses, alors que le projet s\u2019annonce colossal. Aujourd\u2019hui, 1\/3 des abonnements ont bascul\u00e9 sur mobile et la r\u00e9gion s\u2019attend \u00e0 ce que la majorit\u00e9 d\u2019entre eux basculent d\u2019ici 2027. <\/p>\n<p>            <img decoding=\"async\" src=\"https:\/\/www.europesays.com\/fr\/wp-content\/uploads\/2025\/04\/iPhone-16-pro.png\" alt=\"Toute l'actu tech en un clien d'oeil\"\/><\/p>\n<p class=\"card-install-pwa__title\">Toute l&rsquo;actu tech en un clin d&rsquo;\u0153il<\/p>\n<p class=\"card-install-pwa__description\">Ajoutez Numerama \u00e0 votre \u00e9cran d&rsquo;accueil et restez connect\u00e9s au futur !<\/p>\n<p>            <img decoding=\"async\" src=\"https:\/\/www.numerama.com\/wp-content\/themes\/numerama-next\/assets\/images\/premium\/logo-card-pwa-coupe.svg\" alt=\"Logo PWA\"\/><\/p>\n<p>       Installer Numerama<\/p>\n","protected":false},"excerpt":{"rendered":"La r\u00e9gion \u00cele-de-France Mobilit\u00e9s m\u00e8ne une \u00e9tude sur l\u2019adoption de la technologie Open Payment, qui permettrait de prendre&hellip;\n","protected":false},"author":2,"featured_media":548064,"comment_status":"","ping_status":"","sticky":false,"template":"","format":"standard","meta":{"footnotes":""},"categories":[1592],"tags":[1111,11,18009,270,11614,1777,674,1011,27,662,60932,18010,12,4454,626,25],"class_list":{"0":"post-548063","1":"post","2":"type-post","3":"status-publish","4":"format-standard","5":"has-post-thumbnail","7":"category-ile-de-france","8":"tag-actu","9":"tag-actualites","10":"tag-apple-pay","11":"tag-breaking","12":"tag-carte-bancaire","13":"tag-eu","14":"tag-europe","15":"tag-fr","16":"tag-france","17":"tag-ile-de-france","18":"tag-ile-de-france-mobilites-vianavigo","19":"tag-navigo","20":"tag-news","21":"tag-numerama-plus","22":"tag-paris","23":"tag-republique-francaise"},"share_on_mastodon":{"url":"https:\/\/pubeurope.com\/@fr\/115585053808799519","error":""},"_links":{"self":[{"href":"https:\/\/www.europesays.com\/fr\/wp-json\/wp\/v2\/posts\/548063","targetHints":{"allow":["GET"]}}],"collection":[{"href":"https:\/\/www.europesays.com\/fr\/wp-json\/wp\/v2\/posts"}],"about":[{"href":"https:\/\/www.europesays.com\/fr\/wp-json\/wp\/v2\/types\/post"}],"author":[{"embeddable":true,"href":"https:\/\/www.europesays.com\/fr\/wp-json\/wp\/v2\/users\/2"}],"replies":[{"embeddable":true,"href":"https:\/\/www.europesays.com\/fr\/wp-json\/wp\/v2\/comments?post=548063"}],"version-history":[{"count":0,"href":"https:\/\/www.europesays.com\/fr\/wp-json\/wp\/v2\/posts\/548063\/revisions"}],"wp:featuredmedia":[{"embeddable":true,"href":"https:\/\/www.europesays.com\/fr\/wp-json\/wp\/v2\/media\/548064"}],"wp:attachment":[{"href":"https:\/\/www.europesays.com\/fr\/wp-json\/wp\/v2\/media?parent=548063"}],"wp:term":[{"taxonomy":"category","embeddable":true,"href":"https:\/\/www.europesays.com\/fr\/wp-json\/wp\/v2\/categories?post=548063"},{"taxonomy":"post_tag","embeddable":true,"href":"https:\/\/www.europesays.com\/fr\/wp-json\/wp\/v2\/tags?post=548063"}],"curies":[{"name":"wp","href":"https:\/\/api.w.org\/{rel}","templated":true}]}}