{"id":548066,"date":"2025-11-21T01:19:23","date_gmt":"2025-11-21T01:19:23","guid":{"rendered":"https:\/\/www.europesays.com\/fr\/548066\/"},"modified":"2025-11-21T01:19:23","modified_gmt":"2025-11-21T01:19:23","slug":"il-y-a-50-ans-le-qatar-etait-un-caillou-au-proces-deschamps-riolo-la-sortie-cinglante-du-medecin-des-bleus-sur-lemirat-et-le-psg","status":"publish","type":"post","link":"https:\/\/www.europesays.com\/fr\/548066\/","title":{"rendered":"\u00abIl y a 50 ans, le Qatar \u00e9tait un caillou\u00bb, au proc\u00e8s Deschamps-Riolo, la sortie cinglante du m\u00e9decin des Bleus sur l\u2019\u00c9mirat et le PSG"},"content":{"rendered":"<p>\n    Le m\u00e9decin des Bleus n\u2019a pas appr\u00e9ci\u00e9 que son diagnostic sur la blessure de Karim Benzema au Mondial 2022 soit remis en cause par son homologue du PSG.<\/p>\n<p class=\"fig-paragraph\">Didier Deschamps et Daniel Riolo sont entendus ce jeudi devant la 17e chambre d\u2019instruction du tribunal de Paris. Le chroniqueur vedette de RMC\u00a0<a href=\"http:\/\/www.lefigaro.fr\/sports\/football\/equipe-de-france\/menteur-atteinte-a-son-honneur-benzema-pourquoi-deschamps-confronte-riolo-au-tribunal-20251119\" data-fig-type=\"NewsFlash\" data-gtm-custom-categorie=\"navigation\" data-gtm-custom-action=\"crossclick\" data-gtm-custom-label=\"Contextuel\" data-gtm-event=\"customEventSPE\" data-fig-domain=\"LEFIGARO\" target=\"_blank\" rel=\"noopener\">est jug\u00e9 pour diffamation apr\u00e8s avoir qualifi\u00e9 le s\u00e9lectionneur des Bleus de \u00abmenteur\u00bb<\/a>\u00a0concernant la gestion de la blessure de Karim Benzema au Mondial 2022.<\/p>\n<p class=\"fig-paragraph\">Le m\u00e9decin des Bleus, Dr Franck Le Gall, a \u00e9t\u00e9 appel\u00e9 \u00e0 la barre pour t\u00e9moigner en faveur de Didier Deschamps et confirmer que la blessure de Karim Benzema \u00e9tait bien assez grave pour justifier le fait que son Mondial soit termin\u00e9. Daniel Riolo pense que le staff des Bleus a exag\u00e9r\u00e9 l\u2019importance de la blessure pour mettre de c\u00f4t\u00e9 l\u2019attaquant tricolore.<\/p>\n<p>                                    <a class=\"fig-a11y-skip a11y-hidden\" href=\"#fig-a11y-skip-main-inarticle\"><br \/>\n        Passer la publicit\u00e9<br \/>\n    <\/a><\/p>\n<p class=\"fig-paragraph\">Lorsque Karim Benzema\u00a0<a href=\"http:\/\/www.lefigaro.fr\/sports\/football\/coupe-du-monde\/coupe-du-monde-catastrophe-pour-les-bleus-karim-benzema-est-forfait-pour-toute-la-competition-20221119\" data-fig-type=\"NewsFlash\" data-gtm-custom-categorie=\"navigation\" data-gtm-custom-action=\"crossclick\" data-gtm-custom-label=\"Contextuel\" data-gtm-event=\"customEventSPE\" data-fig-domain=\"LEFIGARO\" target=\"_blank\" rel=\"noopener\">se blesse \u00e0 l\u2019entra\u00eenement au Qatar<\/a>, la F\u00e9d\u00e9ration fran\u00e7aise de football l\u2019envoie passer des examens dans une clinique moderne et r\u00e9put\u00e9e, le centre Aspetar de Doha. Un \u00e9tablissement dans lequel se rendent d\u2019ailleurs r\u00e9guli\u00e8rement les joueurs du Paris SG et d\u2019autres sportifs bless\u00e9s.<\/p>\n<p>Franck Le Gall se paie le m\u00e9decin du PSG<\/p>\n<p class=\"fig-paragraph\">Une fois l\u2019imagerie effectu\u00e9e, Franck Le Gall constate une l\u00e9sion de grade 2, assez grave pour consid\u00e9rer que Karim Benzema est forfait pour le reste du tournoi. Le buteur peut donc \u00eatre lib\u00e9r\u00e9. Mais Daniel Riolo aurait eu une discussion avec le m\u00e9decin du Paris SG, le Dr Chalabi, qui dirige aussi la clinique Aspetar. Et ce dernier aurait eu un avis diff\u00e9rent de son confr\u00e8re sur la blessure de Benzema, estimant que la l\u00e9sion n\u2019\u00e9tait qu\u2019au stade 1, donc moins grave qu\u2019annonc\u00e9e par les Bleus. Selon Chalabi, Benzema aurait pu \u00eatre r\u00e9tabli avant la fin de la Coupe du monde.<\/p>\n<blockquote class=\"fig-quote&#10;    \">\n<p class=\"fig-quote__text\">J\u2019ai le droit de ne pas avoir confiance en Aspetar et en Chalabi<\/p>\n<p>            Franck Le Gall\n    <\/p><\/blockquote>\n<p class=\"fig-paragraph\">Cette lecture de l\u2019IRM a fait sortir de ses gonds Franck Le Gall \u00e0 la barre. \u00ab J\u2019ai le droit de ne pas avoir confiance en Aspetar et en Chalabi, on a l\u2019impression qu\u2019ils ont invent\u00e9 la m\u00e9decine. Il y a 50 ans, le Qatar, c\u2019\u00e9tait un caillou. Chalabi, ce n\u2019est plus une r\u00e9f\u00e9rence. Ce n\u2019est pas le bon Dieu, comme Aspetar\u00bb, s\u2019est-il emport\u00e9.<\/p>\n<p>Chalibi un homme \u00abqui donne des le\u00e7ons\u00bb<\/p>\n<p class=\"fig-paragraph\">Le Gall ne porte pas forc\u00e9ment la cellule m\u00e9dicale du PSG dans son c\u0153ur. En septembre dernier, le diagnostic \u00e9tabli par Le Gall sur\u00a0<a href=\"http:\/\/www.lefigaro.fr\/sports\/football\/coupe-du-monde\/reactions-consequences-a-qui-la-faute-dembele-touche-cinq-questions-sur-une-blessure-qui-fait-polemique-20250906\" data-fig-type=\"NewsFlash\" data-gtm-custom-categorie=\"navigation\" data-gtm-custom-action=\"crossclick\" data-gtm-custom-label=\"Contextuel\" data-gtm-event=\"customEventSPE\" data-fig-domain=\"LEFIGARO\" target=\"_blank\" rel=\"noopener\">la blessure d\u2019Ousmane Demb\u00e9l\u00e9 lors des \u00e9liminatoires de la Coupe du monde (face \u00e0 l\u2019Ukraine)\u00a0<\/a>avait \u00e9t\u00e9 critiqu\u00e9 par le club parisien. \u00abOn se fait d\u00e9monter par le PSG sur des histoires m\u00e9dicales qui n\u2019ont pas lieu d\u2019\u00eatre. Je n\u2019ai pas d\u2019images (concernant le cas Demb\u00e9l\u00e9), je n\u2019ai pas d\u2019IRM, ils restent avec nous alors que le PSG les d\u00e9clare bless\u00e9s. Il \u00e9tait touch\u00e9 \u00e0 gauche, il se blesse \u00e0 droite, c\u2019est pas de pot\u00bb, a ajout\u00e9 Le Gall qui avait re\u00e7u un courrier de Chalabi, un homme \u00abqui donne beaucoup de le\u00e7ons\u00bb, selon son confr\u00e8re.<\/p>\n","protected":false},"excerpt":{"rendered":"Le m\u00e9decin des Bleus n\u2019a pas appr\u00e9ci\u00e9 que son diagnostic sur la blessure de Karim Benzema au Mondial&hellip;\n","protected":false},"author":2,"featured_media":548067,"comment_status":"","ping_status":"","sticky":false,"template":"","format":"standard","meta":{"footnotes":""},"categories":[1888],"tags":[1111,1928,11,1927,20532,1777,674,1011,27,4977,12,1926,626,1925,25],"class_list":{"0":"post-548066","1":"post","2":"type-post","3":"status-publish","4":"format-standard","5":"has-post-thumbnail","7":"category-paris","8":"tag-actu","9":"tag-actu-paris","10":"tag-actualites","11":"tag-actualites-paris","12":"tag-didier-deschamps","13":"tag-eu","14":"tag-europe","15":"tag-fr","16":"tag-france","17":"tag-le-scan-sport","18":"tag-news","19":"tag-news-paris","20":"tag-paris","21":"tag-paris-news","22":"tag-republique-francaise"},"share_on_mastodon":{"url":"https:\/\/pubeurope.com\/@fr\/115585060976334320","error":""},"_links":{"self":[{"href":"https:\/\/www.europesays.com\/fr\/wp-json\/wp\/v2\/posts\/548066","targetHints":{"allow":["GET"]}}],"collection":[{"href":"https:\/\/www.europesays.com\/fr\/wp-json\/wp\/v2\/posts"}],"about":[{"href":"https:\/\/www.europesays.com\/fr\/wp-json\/wp\/v2\/types\/post"}],"author":[{"embeddable":true,"href":"https:\/\/www.europesays.com\/fr\/wp-json\/wp\/v2\/users\/2"}],"replies":[{"embeddable":true,"href":"https:\/\/www.europesays.com\/fr\/wp-json\/wp\/v2\/comments?post=548066"}],"version-history":[{"count":0,"href":"https:\/\/www.europesays.com\/fr\/wp-json\/wp\/v2\/posts\/548066\/revisions"}],"wp:featuredmedia":[{"embeddable":true,"href":"https:\/\/www.europesays.com\/fr\/wp-json\/wp\/v2\/media\/548067"}],"wp:attachment":[{"href":"https:\/\/www.europesays.com\/fr\/wp-json\/wp\/v2\/media?parent=548066"}],"wp:term":[{"taxonomy":"category","embeddable":true,"href":"https:\/\/www.europesays.com\/fr\/wp-json\/wp\/v2\/categories?post=548066"},{"taxonomy":"post_tag","embeddable":true,"href":"https:\/\/www.europesays.com\/fr\/wp-json\/wp\/v2\/tags?post=548066"}],"curies":[{"name":"wp","href":"https:\/\/api.w.org\/{rel}","templated":true}]}}