{"id":548068,"date":"2025-11-21T01:20:17","date_gmt":"2025-11-21T01:20:17","guid":{"rendered":"https:\/\/www.europesays.com\/fr\/548068\/"},"modified":"2025-11-21T01:20:17","modified_gmt":"2025-11-21T01:20:17","slug":"paris-le-soudanais-profanateur-de-la-tombe-du-soldat-inconnu-rodait-deja-autour-de-lelysee-depuis-un-mois","status":"publish","type":"post","link":"https:\/\/www.europesays.com\/fr\/548068\/","title":{"rendered":"Paris : le Soudanais profanateur de la tombe du Soldat inconnu r\u00f4dait d\u00e9j\u00e0 autour de l\u2019\u00c9lys\u00e9e depuis un mois"},"content":{"rendered":"<p>Un Soudanais de 23 ans, Ibrahim W., a \u00e9t\u00e9 interpell\u00e9 \u00e0 trois reprises en une semaine pour des atteintes r\u00e9p\u00e9t\u00e9es \u00e0 la tombe du Soldat inconnu, sous l\u2019Arc de triomphe, comme le r\u00e9v\u00e9lait nos confr\u00e8res du Figaro. Selon des documents de police que Valeurs actuelles a pu consulter, le m\u00eame homme avait d\u00e9j\u00e0 \u00e9t\u00e9 signal\u00e9 quelques semaines plus t\u00f4t aux abords du palais de l\u2019\u00c9lys\u00e9e, o\u00f9 il insistait pour rencontrer \u00ab le pr\u00e9sident Macron \u00bb, avant d\u2019\u00eatre rel\u00e2ch\u00e9.<\/p>\n<p>D\u2019apr\u00e8s les informations r\u00e9v\u00e9l\u00e9es par Le Figaro et confirm\u00e9es par une source polici\u00e8re, Ibrahim W., 23 ans, de nationalit\u00e9 soudanaise, <a href=\"https:\/\/www.valeursactuelles.com\/faits-divers\/info-va-paris-un-soudanais-interpelle-pour-setre-assis-sur-la-tombe-du-soldat-inconnu-sous-larc-de-triomphe\" target=\"_blank\" rel=\"noopener\">est d\u2019abord contr\u00f4l\u00e9 le mercredi 12 novembre, peu avant 9 h 30<\/a>. Il s\u2019est assis directement sur la dalle o\u00f9 repose le Soldat inconnu. Sans papiers d\u2019identit\u00e9, il tient des propos incoh\u00e9rents et se pr\u00e9sente comme \u00ab le pr\u00e9sident de la R\u00e9publique \u00bb. Deux jours plus tard, vendredi 14 novembre vers 21 heures, il revient sur le site. Cette fois, il s\u2019allonge au sol et tente d\u2019\u00e9teindre la flamme avec ses mains. Interpell\u00e9 de nouveau, il est orient\u00e9 vers l\u2019infirmerie psychiatrique de la pr\u00e9fecture de police (IPPP), puis vers le service de psychiatrie de l\u2019h\u00f4pital Bichat.<\/p>\n<p>Lib\u00e9r\u00e9, il r\u00e9appara\u00eet une troisi\u00e8me fois, le mercredi 19 novembre vers 11 h 30. Il est alors surpris en train de d\u00e9grader des gerbes de fleurs d\u00e9pos\u00e9es devant la tombe. Plac\u00e9 en garde \u00e0 vue au commissariat du 8\u1d49 arrondissement, Ibrahim W. fait l\u2019objet d\u2019une notification diff\u00e9r\u00e9e de ses droits dans l\u2019attente d\u2019un examen de comportement. Selon le Figaro, il est par ailleurs signal\u00e9 au fichier des \u00e9trangers (fiche \u00ab E \u00bb), g\u00e9n\u00e9ralement utilis\u00e9e pour les personnes vis\u00e9es par une obligation de quitter le territoire ou ne r\u00e9pondant pas aux convocations de la pr\u00e9fecture. Mais ce n\u2019est pas tout.<\/p>\n<p>D\u00e9j\u00e0 interpell\u00e9 devant l\u2019\u00c9lys\u00e9e pour \u00ab perturbation \u00bb<\/p>\n<p>Selon les informations que nous avons pu obtenir de source polici\u00e8re, ces profanations ne sont pas les seuls faits reproch\u00e9s au jeune Soudanais. Le 20 octobre 2025, \u00e0 13 h 16, une patrouille est appel\u00e9e au 23 avenue de Marigny, dans le VIII\u1d49 arrondissement de Paris, \u00e0 proximit\u00e9 imm\u00e9diate de l\u2019\u00c9lys\u00e9e, pour un signalement \u00ab perturbateurs \u2013 ind\u00e9sirables \u00bb.<\/p>\n<p>Sur place, les policiers constatent la pr\u00e9sence d\u2019un grad\u00e9 de la gendarmerie de la pr\u00e9sidence. Celui-ci tente d\u2019expliquer \u00e0 un homme qu\u2019il est impossible d\u2019\u00eatre re\u00e7u sur-le-champ par le chef de l\u2019\u00c9tat. L\u2019individu, qui se pr\u00e9sente comme un ressortissant soudanais et montre une carte de r\u00e9sident enregistr\u00e9e sur son t\u00e9l\u00e9phone, r\u00e9p\u00e8te inlassablement qu\u2019il veut parler au pr\u00e9sident Macron.<\/p>\n<p>La police se rend compte alors que le m\u00eame homme s\u2019\u00e9tait d\u00e9j\u00e0 pr\u00e9sent\u00e9 la veille au soir et le matin m\u00eame aux abords du palais. Il avait d\u2019ailleurs \u00e9t\u00e9 conduit au commissariat du 17\u1d49 arrondissement pour une v\u00e9rification d\u2019identit\u00e9. Ce jour-l\u00e0 encore, apr\u00e8s avoir \u00e9t\u00e9 invit\u00e9 \u00e0 quitter les lieux, il refuse de partir, s\u2019assoit sur le trottoir, puis revient vers l\u2019avenue de Marigny malgr\u00e9 les consignes des forces de l\u2019ordre.<\/p>\n<p>Sur instruction de la hi\u00e9rarchie, il a \u00e9t\u00e9 interpell\u00e9 le 20 octobre pour r\u00e9bellion, menott\u00e9 sans incident et conduit au commissariat du VIIIe arrondissement, pour \u00eatre pr\u00e9sent\u00e9 \u00e0 un officier de police judiciaire. Ce dernier avait finalement estim\u00e9 que l\u2019incident n\u2019\u00e9tait pas constitutif d\u2019un acte de r\u00e9bellion. Les policiers avaient toutefois not\u00e9 le caract\u00e8re \u00ab incoh\u00e9rent \u00bb de ses propos et indiqu\u00e9 qu\u2019un examen psychiatrique allait \u00eatre demand\u00e9. Le perturbateur, un Soudanais sans domicile fixe, avait \u00e9t\u00e9 laiss\u00e9 libre.<\/p>\n<p>Selon nos informations, apr\u00e8s sa derni\u00e8re et \u00e9ni\u00e8me interpellation du 19 novembre il a \u00e9t\u00e9 \u00e0 nouveau conduit \u00e0 l\u2019infirmerie psychiatrique de la pr\u00e9fecture de Paris (I3P).<\/p>\n","protected":false},"excerpt":{"rendered":"Un Soudanais de 23 ans, Ibrahim W., a \u00e9t\u00e9 interpell\u00e9 \u00e0 trois reprises en une semaine pour des&hellip;\n","protected":false},"author":2,"featured_media":548069,"comment_status":"","ping_status":"","sticky":false,"template":"","format":"standard","meta":{"footnotes":""},"categories":[1888],"tags":[11,3331,1777,674,1011,27,12,626,41210,25,44064],"class_list":{"0":"post-548068","1":"post","2":"type-post","3":"status-publish","4":"format-standard","5":"has-post-thumbnail","7":"category-paris","8":"tag-actualites","9":"tag-etrangers","10":"tag-eu","11":"tag-europe","12":"tag-fr","13":"tag-france","14":"tag-news","15":"tag-paris","16":"tag-recidive","17":"tag-republique-francaise","18":"tag-soldat-inconnu"},"share_on_mastodon":{"url":"https:\/\/pubeurope.com\/@fr\/115585064930500434","error":""},"_links":{"self":[{"href":"https:\/\/www.europesays.com\/fr\/wp-json\/wp\/v2\/posts\/548068","targetHints":{"allow":["GET"]}}],"collection":[{"href":"https:\/\/www.europesays.com\/fr\/wp-json\/wp\/v2\/posts"}],"about":[{"href":"https:\/\/www.europesays.com\/fr\/wp-json\/wp\/v2\/types\/post"}],"author":[{"embeddable":true,"href":"https:\/\/www.europesays.com\/fr\/wp-json\/wp\/v2\/users\/2"}],"replies":[{"embeddable":true,"href":"https:\/\/www.europesays.com\/fr\/wp-json\/wp\/v2\/comments?post=548068"}],"version-history":[{"count":0,"href":"https:\/\/www.europesays.com\/fr\/wp-json\/wp\/v2\/posts\/548068\/revisions"}],"wp:featuredmedia":[{"embeddable":true,"href":"https:\/\/www.europesays.com\/fr\/wp-json\/wp\/v2\/media\/548069"}],"wp:attachment":[{"href":"https:\/\/www.europesays.com\/fr\/wp-json\/wp\/v2\/media?parent=548068"}],"wp:term":[{"taxonomy":"category","embeddable":true,"href":"https:\/\/www.europesays.com\/fr\/wp-json\/wp\/v2\/categories?post=548068"},{"taxonomy":"post_tag","embeddable":true,"href":"https:\/\/www.europesays.com\/fr\/wp-json\/wp\/v2\/tags?post=548068"}],"curies":[{"name":"wp","href":"https:\/\/api.w.org\/{rel}","templated":true}]}}