{"id":548070,"date":"2025-11-21T01:21:36","date_gmt":"2025-11-21T01:21:36","guid":{"rendered":"https:\/\/www.europesays.com\/fr\/548070\/"},"modified":"2025-11-21T01:21:36","modified_gmt":"2025-11-21T01:21:36","slug":"rosario-la-table-espagnole-tapasonomique-que-paris-attendait","status":"publish","type":"post","link":"https:\/\/www.europesays.com\/fr\/548070\/","title":{"rendered":"Rosario, la table espagnole \u00abtapasonomique\u00bb que Paris attendait"},"content":{"rendered":"<p>\n    <strong>CRITIQUE GASTRONOMIQUE &#8211; <\/strong>Du c\u00f4t\u00e9 des Grands Boulevards, un double \u00e9tage de restaurant o\u00f9 un jeune chef basque emballe avec ses assiettes ib\u00e8res.<\/p>\n<p class=\"fig-paragraph\">Comme \u00e0 l\u2019entr\u00e9e de ces places aux ar\u00e8nes estivales o\u00f9 l\u2019on vous accueille (accueillait\u00a0?) d\u2019un vertueux sol y sombra (\u00ab\u200aau soleil et \u00e0 l\u2019ombre\u00a0\u00bb),\u00a0<a href=\"https:\/\/www.lefigaro.fr\/gastronomie\/les-meilleurs-restaurants-espagnols-de-paris-20230914\" target=\"_blank\" data-fig-type=\"Article\" rel=\"noopener\" data-gtm-custom-categorie=\"navigation\" data-gtm-custom-action=\"crossclick\" data-gtm-custom-label=\"Contextuel\" data-gtm-event=\"customEventSPE\" data-fig-domain=\"LEFIGARO\">la table espagnole \u00e0 Paris<\/a>\u00a0balance plus souvent dans le navrant que vers l\u2019\u00e9patant. La plupart plut\u00f4t bourrines \u00e0 encorner le folklo, quelques-unes plus rares\u00a0<a href=\"http:\/\/www.lefigaro.fr\/gastronomie\/les-3-meilleures-adresses-pour-manger-un-vrai-riz-en-paella-a-paris-20251101\" target=\"_blank\" data-fig-type=\"Article\" rel=\"noopener\" data-gtm-custom-categorie=\"navigation\" data-gtm-custom-action=\"crossclick\" data-gtm-custom-label=\"Contextuel\" data-gtm-event=\"customEventSPE\" data-fig-domain=\"LEFIGARO\">\u00e0 y mettre un minimum de solaire<\/a>.<\/p>\n<p class=\"fig-paragraph\">Du c\u00f4t\u00e9 de ces derni\u00e8res qu\u2019\u00e0 mi-pente\u00a0de Bourse et de Grands Boulevards, on se d\u00e9couvre un double \u00e9tage d\u2019entre bistrot et taberna tr\u00e8s sinc\u00e8rement banderill\u00e9 par un novice taulier franco-costa- blancien (Adrien) doubl\u00e9 d\u2019un complice de jeune chef aussi basque qu\u2019ex-\u00e9toil\u00e9 (Jos\u00e9 Maria). L\u2019un et l\u2019autre d\u00e9j\u00e0 bien partis \u00e0 disposer pica pica, platos et postres avec ce naturel rieur, m\u00e9lange de bon sens et de bagout qui emballe toujours sans jamais avoir l\u2019air de forcer.<\/p>\n<p>Un riz remarquable<\/p>\n<p class=\"fig-paragraph\">On pourrait ne pas en attendre beaucoup plus sauf qu\u2019\u00e0 en reprendre trois dans l\u2019ordre, on se surprend d\u2019un flirt un peu plus pouss\u00e9. Trois plats, trois passes pour s\u2019y \u00ab\u200aaficionader\u00a0\u00bb&amp;nbsp\u2026<\/p>\n<p class=\"fig-premium-paywall__infos\">\n        Cet article est r\u00e9serv\u00e9 aux abonn\u00e9s.        Il vous reste 68% \u00e0 d\u00e9couvrir.\n    <\/p>\n<p>                <img  data- alt=\"Le Figaro\" class=\"fig-img--complete fig-img\"\/><\/p>\n<p class=\"fig-premium-paywall__title\">Black Friday<\/p>\n<p class=\"fig-premium-paywall__subtitle\">-70% sur l&rsquo;abonnement num\u00e9rique<\/p>\n<p class=\"fig-premium-paywall__connect\">\n                D\u00e9j\u00e0 abonn\u00e9\u00a0?                <a class=\"fig-premium-paywall__connect-link\" href=\"https:\/\/connect.lefigaro.fr\/login?client=horizon_web&amp;type=main&amp;redirect_uri=https%3A%2F%2Fwww.lefigaro.fr%2Fgastronomie%2Frosario-la-table-espagnole-tapasonomique-que-paris-attendait-20251120\" data-js-gtm=\"{&quot;customCategorie&quot;: &quot;conversion&quot;, &quot;customAction&quot;: &quot;before_Landing_Connexion_paywall_auto&quot;, &quot;customLabel&quot;: &quot;bGVmaWdhcm8uZnJfXzFmMGM2MDFjLWEyMzYtNjkyNi04NmFiLTlkMWY1ZmFjMTBhZF9fQXJ0aWNsZQ==_Rosario, la table espagnole \u00abtapasonomique\u00bb que Paris attendait_177&quot;, &quot;customIDSPE&quot;: &quot;bGVmaWdhcm8uZnJfXzFmMGM2MDFjLWEyMzYtNjkyNi04NmFiLTlkMWY1ZmFjMTBhZF9fQXJ0aWNsZQ==&quot;, &quot;event&quot;: &quot;customEventSPE&quot;}\" target=\"_blank\" rel=\"noopener\"><br \/>\n                    Connectez-vous<br \/>\n                <\/a>\n            <\/p>\n","protected":false},"excerpt":{"rendered":"CRITIQUE GASTRONOMIQUE &#8211; Du c\u00f4t\u00e9 des Grands Boulevards, un double \u00e9tage de restaurant o\u00f9 un jeune chef basque&hellip;\n","protected":false},"author":2,"featured_media":548071,"comment_status":"","ping_status":"","sticky":false,"template":"","format":"standard","meta":{"footnotes":""},"categories":[1888],"tags":[11,1777,674,1011,27,12,626,25,2923,2068],"class_list":{"0":"post-548070","1":"post","2":"type-post","3":"status-publish","4":"format-standard","5":"has-post-thumbnail","7":"category-paris","8":"tag-actualites","9":"tag-eu","10":"tag-europe","11":"tag-fr","12":"tag-france","13":"tag-news","14":"tag-paris","15":"tag-republique-francaise","16":"tag-restaurants","17":"tag-sortir-a-paris"},"share_on_mastodon":{"url":"https:\/\/pubeurope.com\/@fr\/115585068772868804","error":""},"_links":{"self":[{"href":"https:\/\/www.europesays.com\/fr\/wp-json\/wp\/v2\/posts\/548070","targetHints":{"allow":["GET"]}}],"collection":[{"href":"https:\/\/www.europesays.com\/fr\/wp-json\/wp\/v2\/posts"}],"about":[{"href":"https:\/\/www.europesays.com\/fr\/wp-json\/wp\/v2\/types\/post"}],"author":[{"embeddable":true,"href":"https:\/\/www.europesays.com\/fr\/wp-json\/wp\/v2\/users\/2"}],"replies":[{"embeddable":true,"href":"https:\/\/www.europesays.com\/fr\/wp-json\/wp\/v2\/comments?post=548070"}],"version-history":[{"count":0,"href":"https:\/\/www.europesays.com\/fr\/wp-json\/wp\/v2\/posts\/548070\/revisions"}],"wp:featuredmedia":[{"embeddable":true,"href":"https:\/\/www.europesays.com\/fr\/wp-json\/wp\/v2\/media\/548071"}],"wp:attachment":[{"href":"https:\/\/www.europesays.com\/fr\/wp-json\/wp\/v2\/media?parent=548070"}],"wp:term":[{"taxonomy":"category","embeddable":true,"href":"https:\/\/www.europesays.com\/fr\/wp-json\/wp\/v2\/categories?post=548070"},{"taxonomy":"post_tag","embeddable":true,"href":"https:\/\/www.europesays.com\/fr\/wp-json\/wp\/v2\/tags?post=548070"}],"curies":[{"name":"wp","href":"https:\/\/api.w.org\/{rel}","templated":true}]}}