{"id":548074,"date":"2025-11-21T01:23:18","date_gmt":"2025-11-21T01:23:18","guid":{"rendered":"https:\/\/www.europesays.com\/fr\/548074\/"},"modified":"2025-11-21T01:23:18","modified_gmt":"2025-11-21T01:23:18","slug":"le-plan-americain-pour-lukraine-prevoit-de-fortes-concessions-a-la-russie-actualites","status":"publish","type":"post","link":"https:\/\/www.europesays.com\/fr\/548074\/","title":{"rendered":"Le plan am\u00e9ricain pour l&rsquo;Ukraine pr\u00e9voit de fortes concessions \u00e0 la Russie : Actualit\u00e9s"},"content":{"rendered":"<p class=\"lead \">Le pr\u00e9sident ukrainien Volodymyr Zelensky a plaid\u00e9 jeudi en faveur d&rsquo;une \u00ab\u00a0paix digne\u00a0\u00bb alors que les Etats-Unis ont pr\u00e9sent\u00e9 un plan, vu par l&rsquo;AFP, qui pr\u00e9voit en particulier que Kiev c\u00e8de \u00e0 la Russie les r\u00e9gions de Donetsk et Lougansk dans l&rsquo;est.<\/p>\n<p class=\"lead \">Ces deux r\u00e9gions que Moscou r\u00e9clame, et la Crim\u00e9e annex\u00e9e par la Russie en 2014, seraient \u00ab\u00a0reconnues de facto comme russes, y compris par les Etats-Unis\u00a0\u00bb, selon ce projet de r\u00e8glement du conflit. <\/p>\n<p class=\"lead \">La Maison Blanche a soulign\u00e9 que la discussion \u00e9tait encore en cours sur ce plan, pr\u00e9sent\u00e9 alors que l&rsquo;arm\u00e9e ukrainienne, moins nombreuse et moins \u00e9quip\u00e9e, peine \u00e0 contenir la pouss\u00e9e russe sur le front. <\/p>\n<p class=\"lead \">&#8211; Otan &#8211;<\/p>\n<p class=\"lead \">Selon le projet en 28 points, deux autres r\u00e9gions dans le sud seraient partag\u00e9es selon le trac\u00e9 de l&rsquo;actuelle ligne de front. Il s&rsquo;agit de celle de Kherson et de celle de Zaporijjia, o\u00f9 une frappe russe a fait au moins cinq morts et plusieurs bless\u00e9s jeudi soir, selon les secours.<\/p>\n<p class=\"lead \">Toujours selon ce texte, l&rsquo;arm\u00e9e ukrainienne se retirerait de la partie de la r\u00e9gion de Donetsk qu&rsquo;elle contr\u00f4le et qui deviendrait une zone tampon d\u00e9militaris\u00e9e appartenant \u00e0 la Russie.<\/p>\n<p class=\"lead \">Si le projet \u00e9tait accept\u00e9 en l&rsquo;\u00e9tat, Kiev renoncerait \u00e0 adh\u00e9rer \u00e0 l&rsquo;Organisation du trait\u00e9 de l&rsquo;Atlantique nord (Otan) et inscrirait cet engagement dans sa Constitution. L&rsquo;alliance de d\u00e9fense exclurait de son c\u00f4t\u00e9 dans ses statuts toute adh\u00e9sion future du pays.<\/p>\n<p class=\"lead \">Il s&rsquo;agit l\u00e0 aussi d&rsquo;une revendication majeure de la Russie.<\/p>\n<p class=\"lead \">Le projet pr\u00e9voit que l&rsquo;arm\u00e9e ukrainienne serait limit\u00e9e \u00e0 600.000 militaires, que l&rsquo;Otan s&rsquo;engagerait \u00e0 ne pas stationner de troupes en Ukraine et que des avions de combat europ\u00e9ens seraient bas\u00e9s en Pologne.<\/p>\n<p class=\"lead \">&#8211; \u00ab\u00a0Paix digne\u00a0\u00bb &#8211;<\/p>\n<p class=\"lead \">L&rsquo;Ukraine veut \u00ab\u00a0une paix digne, afin que les conditions soient respectueuses de notre ind\u00e9pendance, de notre souverainet\u00e9 et de la dignit\u00e9 du peuple ukrainien\u00a0\u00bb, avait dit plus t\u00f4t Volodymyr Zelensky dans son adresse quotidienne diffus\u00e9e sur les r\u00e9seaux sociaux.<\/p>\n<p class=\"lead \">Il pr\u00e9voit de discuter \u00ab\u00a0dans les prochains jours\u00a0\u00bb avec son homologue am\u00e9ricain Donald Trump.<\/p>\n<p class=\"lead \">\u00ab\u00a0Le pr\u00e9sident (Trump) soutient ce plan. C&rsquo;est un bon plan \u00e0 la fois pour la Russie et pour l&rsquo;Ukraine et nous pensons qu&rsquo;il est acceptable pour les deux parties\u00a0\u00bb, a soutenu jeudi la porte-parole de la Maison Blanche, Karoline Leavitt. <\/p>\n<p class=\"lead \">Elle a martel\u00e9 que Washington avait autant discut\u00e9 avec les Ukrainiens que les Russes, apr\u00e8s que des voix se sont \u00e9lev\u00e9es c\u00f4t\u00e9 ukrainien pour d\u00e9plorer des propositions align\u00e9es sur les revendications de Moscou.<\/p>\n<p class=\"lead \">Un haut responsable am\u00e9ricain a soulign\u00e9 aupr\u00e8s de l&rsquo;AFP que Kiev avait demand\u00e9 \u00e0 modifier un point du plan, qui pr\u00e9voyait un \u00ab\u00a0audit\u00a0\u00bb sur l&rsquo;aide re\u00e7ue par le pays et des sanctions en cas de d\u00e9tournement, cela alors que l&rsquo;Ukraine est secou\u00e9e par un grave scandale de corruption.<\/p>\n<p class=\"lead \">Dans la version vue par l&rsquo;AFP, cette notion d&rsquo;audit a disparu, remplac\u00e9e par la promesse que \u00ab\u00a0toutes les parties impliqu\u00e9es dans ce conflit recevront une amnistie compl\u00e8te pour leurs actions durant la guerre.\u00a0\u00bb<\/p>\n<p class=\"lead \">&#8211; Reconstruction et \u00e9lections &#8211;<\/p>\n<p class=\"lead \">Le plan soutenu par les Am\u00e9ricains pr\u00e9voit la signature d&rsquo;un \u00ab\u00a0accord de non agression\u00a0\u00bb entre la Russie, l&rsquo;Ukraine et l&rsquo;Europe.<\/p>\n<p class=\"lead \">Kiev serait \u00ab\u00a0\u00e9ligible\u00a0\u00bb \u00e0 l&rsquo;adh\u00e9sion \u00e0 l&rsquo;Union europ\u00e9enne.<\/p>\n<p class=\"lead \">Si la Russie envahissait \u00e0 nouveau l&rsquo;Ukraine, elle ferait face, toujours selon ce projet de plan, \u00e0 une r\u00e9ponse militaire \u00ab\u00a0coordonn\u00e9e\u00a0\u00bb et se verrait \u00e0 nouveau imposer des sanctions internationales. <\/p>\n<p class=\"lead \">La proposition en 28 points vue par l&rsquo;AFP pr\u00e9voit pour l&rsquo;Ukraine des \u00ab\u00a0garanties de s\u00e9curit\u00e9\u00a0\u00bb, dont la teneur n&rsquo;est pas explicit\u00e9e, un plan de reconstruction et la tenue d&rsquo;\u00e9lections dans le pays sous 100 jours.<\/p>\n<p class=\"lead \">Le projet pr\u00e9voit entre autres que les efforts de reconstruction engag\u00e9s par les Etats-Unis soient financ\u00e9s \u00e0 hauteur de 100 milliards de dollars par des avoirs russes aujourd&rsquo;hui gel\u00e9s.<\/p>\n<p class=\"lead \">La centrale nucl\u00e9aire de Zaporijjia serait elle relanc\u00e9e sous la supervision de l&rsquo;Agence internationale de l&rsquo;\u00e9nergie atomique (AIEA) et sa production d&rsquo;\u00e9lectricit\u00e9 irait pour 50% \u00e0 l&rsquo;Ukraine et pour 50% \u00e0 la Russie.<\/p>\n<p class=\"lead \">La mise en oeuvre de ces 28 points serait surveill\u00e9e par un \u00ab\u00a0conseil de paix\u00a0\u00bb pr\u00e9sid\u00e9 par Donald Trump.<\/p>\n<p class=\"small font-weight-bold text-gray3 \"> publi\u00e9 le 21 novembre \u00e0 01h53, AFP<\/p>\n<p>                             Partager<\/p>\n","protected":false},"excerpt":{"rendered":"Le pr\u00e9sident ukrainien Volodymyr Zelensky a plaid\u00e9 jeudi en faveur d&rsquo;une \u00ab\u00a0paix digne\u00a0\u00bb alors que les Etats-Unis ont&hellip;\n","protected":false},"author":2,"featured_media":548075,"comment_status":"","ping_status":"","sticky":false,"template":"","format":"standard","meta":{"footnotes":""},"categories":[1590],"tags":[11,2120,312,1777,674,12,132,220,308],"class_list":{"0":"post-548074","1":"post","2":"type-post","3":"status-publish","4":"format-standard","5":"has-post-thumbnail","7":"category-ukraine","8":"tag-actualites","9":"tag-conflit","10":"tag-diplomatie","11":"tag-eu","12":"tag-europe","13":"tag-news","14":"tag-russie","15":"tag-ukraine","16":"tag-usa"},"share_on_mastodon":{"url":"https:\/\/pubeurope.com\/@fr\/115585076867571261","error":""},"_links":{"self":[{"href":"https:\/\/www.europesays.com\/fr\/wp-json\/wp\/v2\/posts\/548074","targetHints":{"allow":["GET"]}}],"collection":[{"href":"https:\/\/www.europesays.com\/fr\/wp-json\/wp\/v2\/posts"}],"about":[{"href":"https:\/\/www.europesays.com\/fr\/wp-json\/wp\/v2\/types\/post"}],"author":[{"embeddable":true,"href":"https:\/\/www.europesays.com\/fr\/wp-json\/wp\/v2\/users\/2"}],"replies":[{"embeddable":true,"href":"https:\/\/www.europesays.com\/fr\/wp-json\/wp\/v2\/comments?post=548074"}],"version-history":[{"count":0,"href":"https:\/\/www.europesays.com\/fr\/wp-json\/wp\/v2\/posts\/548074\/revisions"}],"wp:featuredmedia":[{"embeddable":true,"href":"https:\/\/www.europesays.com\/fr\/wp-json\/wp\/v2\/media\/548075"}],"wp:attachment":[{"href":"https:\/\/www.europesays.com\/fr\/wp-json\/wp\/v2\/media?parent=548074"}],"wp:term":[{"taxonomy":"category","embeddable":true,"href":"https:\/\/www.europesays.com\/fr\/wp-json\/wp\/v2\/categories?post=548074"},{"taxonomy":"post_tag","embeddable":true,"href":"https:\/\/www.europesays.com\/fr\/wp-json\/wp\/v2\/tags?post=548074"}],"curies":[{"name":"wp","href":"https:\/\/api.w.org\/{rel}","templated":true}]}}