{"id":548078,"date":"2025-11-21T01:26:31","date_gmt":"2025-11-21T01:26:31","guid":{"rendered":"https:\/\/www.europesays.com\/fr\/548078\/"},"modified":"2025-11-21T01:26:31","modified_gmt":"2025-11-21T01:26:31","slug":"23-000-deces-auraient-pu-etre-evites-en-angleterre-une-enquete-fustige-laction-de-boris-johnson-contre-le-covid","status":"publish","type":"post","link":"https:\/\/www.europesays.com\/fr\/548078\/","title":{"rendered":"23.000 d\u00e9c\u00e8s auraient pu \u00eatre \u00e9vit\u00e9s en Angleterre : une enqu\u00eate fustige l&rsquo;action de Boris Johnson contre le Covid"},"content":{"rendered":"<ul class=\"jsx-862013697 ArticleChapo__List\">\n<li class=\"jsx-862013697 ArticleChapo__List_Item flex\">Des milliers de d\u00e9c\u00e8s auraient pu \u00eatre \u00e9vit\u00e9s en Angleterre si le premier confinement avait \u00e9t\u00e9 instaur\u00e9 plus t\u00f4t, selon une enqu\u00eate publique d\u00e9voil\u00e9e jeudi.<\/li>\n<li class=\"jsx-862013697 ArticleChapo__List_Item flex\">Le rapport pointe nomm\u00e9ment la responsabilit\u00e9 du gouvernement d&rsquo;alors, trop \u00ab\u00a0optimiste\u00a0\u00bb d\u00e9but 2020.<\/li>\n<\/ul>\n<p data-module=\"article-paragraph\" class=\"jsx-3046738180 Paragraph\">Le confinement en Angleterre durant la pand\u00e9mie de Covid-19 a \u00e9t\u00e9 d\u00e9cr\u00e9t\u00e9 \u00ab\u00a0trop tard\u00a0\u00bb. C&rsquo;est en tout cas la conclusion d&rsquo;une enqu\u00eate publique, d\u00e9voil\u00e9e ce jeudi, laquelle juge s\u00e9v\u00e8rement les choix de Boris Johnson<a href=\"https:\/\/www.tf1info.fr\/international\/partygate-le-sommet-de-downing-street-mis-en-cause-boris-johnson-en-assume-la-pleine-responsabilite-2220951.html\" target=\"_blank\" rel=\"noopener\">, le Premier ministre de l&rsquo;\u00e9poque<\/a>. Des milliers de morts auraient en effet pu \u00eatre \u00e9vit\u00e9s.<\/p>\n<p data-module=\"article-paragraph\" class=\"jsx-3046738180 Paragraph Paragraph__End\">\u00ab\u00a0Ce manque d&rsquo;urgence et l&rsquo;\u00e9norme augmentation des infections a rendu un confinement obligatoire in\u00e9vitable. Il aurait d\u00fb \u00eatre instaur\u00e9 une semaine plus t\u00f4t. Des mod\u00e9lisations montrent que rien qu&rsquo;en Angleterre, il y aurait eu approximativement 23.000 morts en moins lors de la premi\u00e8re vague\u00a0\u00bb de la pand\u00e9mie, soit jusqu&rsquo;en juillet 2020, souligne le rapport. Il s&rsquo;agit du second document publi\u00e9 dans le cadre de l&rsquo;enqu\u00eate publique charg\u00e9e d&rsquo;\u00e9valuer la gestion de la pand\u00e9mie par les autorit\u00e9s britanniques.<\/p>\n<p>F\u00e9vrier 2020 a \u00e9t\u00e9 \u00ab\u00a0un mois de perdu\u00a0\u00bb<\/p>\n<p data-module=\"article-paragraph\" class=\"jsx-3046738180 Paragraph\">Le rapport pointe nomm\u00e9ment la responsabilit\u00e9 du gouvernement d&rsquo;alors, trop \u00ab\u00a0optimiste\u00a0\u00bb d\u00e9but 2020. Et ajoute que l&rsquo;attitude de Boris Johnson lui-m\u00eame, Premier ministre de 2019 \u00e0 2022, a \u00ab\u00a0sap\u00e9 le message s\u00e9rieux qu&rsquo;il \u00e9tait cens\u00e9 transmettre \u00e0 la population\u00a0\u00bb. F\u00e9vrier 2020 a \u00e9t\u00e9 \u00ab\u00a0un mois de perdu\u00a0\u00bb, et le manque de r\u00e9action du gouvernement est \u00ab\u00a0inexcusable\u00a0\u00bb, selon cette enqu\u00eate. Elle juge aussi qu&rsquo;une culture \u00ab\u00a0toxique et chaotique\u00a0\u00bb \u00e0 Downing Street au d\u00e9but de la pand\u00e9mie a nui \u00e0 une \u00ab\u00a0prise de d\u00e9cision intelligente\u00a0\u00bb.\u00a0<\/p>\n<p data-module=\"article-paragraph\" class=\"jsx-3046738180 Paragraph Paragraph__End\">Un confinement obligatoire avait \u00e9t\u00e9 instaur\u00e9 le 23 mars au Royaume-Uni, trois mois environ apr\u00e8s le d\u00e9but de l&rsquo;\u00e9pid\u00e9mie, qui a d\u00e9marr\u00e9 en Chine avant de s&rsquo;\u00e9tendre dans le monde. Le Royaume-Uni a enregistr\u00e9 l&rsquo;un des plus lourds bilans en Europe li\u00e9s \u00e0 la pand\u00e9mie, avec quelque 226.000 d\u00e9c\u00e8s.<\/p>\n<p><a href=\"https:\/\/www.tf1info.fr\/international\/partygate-les-deputes-britanniques-votent-un-rapport-explosif-boris-johnson-banni-du-parlement-2261035.html\" rel=\"noopener\" class=\"jsx-3308031228 Link flex\" target=\"_blank\"><img decoding=\"async\" src=\"https:\/\/www.europesays.com\/fr\/wp-content\/uploads\/2025\/11\/boris-johnson-23-mai-2023-0e8aae-0@1x.jpeg\" alt=\"Le scandale dit du &quot;Partygate&quot; a co\u00fbt\u00e9 \u00e0 Boris Johnson son poste de Premier ministre, \u00e0 l'\u00e9t\u00e9 2022\" loading=\"lazy\" importance=\"low\" fetchpriority=\"low\" class=\"\" aria-hidden=\"true\"\/><\/p>\n<p class=\"jsx-3657663356 ReadMoreArticle__Title\">Lire aussi<\/p>\n<p class=\"jsx-3657663356\">Partygate : les d\u00e9put\u00e9s britanniques votent un rapport explosif, Boris Johnson banni du Parlement<\/p>\n<p><\/a><\/p>\n<p data-module=\"article-paragraph\" class=\"jsx-3046738180 Paragraph Paragraph__End\">Autre \u00e9pisode de cette crise sanitaire point\u00e9 du doigt : les f\u00eates, organis\u00e9es \u00e0 la r\u00e9sidence du Premier ministre. Surnomm\u00e9es \u00ab\u00a0partygate\u00a0\u00bb, elles ont plus tard contribu\u00e9 \u00e0 la chute de Boris Johnson. Selon le document, elles ont \u00ab\u00a0affaibli la confiance du public dans les d\u00e9cisions officielles\u00a0\u00bb, et accru le risque que les Britanniques cessent de respecter les r\u00e8gles du confinement.<\/p>\n<p>T.G. avec AFP<\/p>\n","protected":false},"excerpt":{"rendered":"Des milliers de d\u00e9c\u00e8s auraient pu \u00eatre \u00e9vit\u00e9s en Angleterre si le premier confinement avait \u00e9t\u00e9 instaur\u00e9 plus&hellip;\n","protected":false},"author":2,"featured_media":548079,"comment_status":"","ping_status":"","sticky":false,"template":"","format":"standard","meta":{"footnotes":""},"categories":[1588],"tags":[1111,11,4708,1921,5356,4357,1777,674,1922,12,473,1853,1851,1850,1852,133,1920],"class_list":{"0":"post-548078","1":"post","2":"type-post","3":"status-publish","4":"format-standard","5":"has-post-thumbnail","7":"category-royaume-uni","8":"tag-actu","9":"tag-actualites","10":"tag-angleterre","11":"tag-article-video","12":"tag-boris-johnson","13":"tag-covid-19","14":"tag-eu","15":"tag-europe","16":"tag-info","17":"tag-news","18":"tag-royaume-uni","19":"tag-royaume-uni-de-grande-bretagne-et-dirlande-du-nord","20":"tag-uk","21":"tag-united-kingdom","22":"tag-united-kingdom-of-great-britain-and-northern-ireland","23":"tag-video","24":"tag-video-international"},"share_on_mastodon":{"url":"https:\/\/pubeurope.com\/@fr\/115585089225590416","error":""},"_links":{"self":[{"href":"https:\/\/www.europesays.com\/fr\/wp-json\/wp\/v2\/posts\/548078","targetHints":{"allow":["GET"]}}],"collection":[{"href":"https:\/\/www.europesays.com\/fr\/wp-json\/wp\/v2\/posts"}],"about":[{"href":"https:\/\/www.europesays.com\/fr\/wp-json\/wp\/v2\/types\/post"}],"author":[{"embeddable":true,"href":"https:\/\/www.europesays.com\/fr\/wp-json\/wp\/v2\/users\/2"}],"replies":[{"embeddable":true,"href":"https:\/\/www.europesays.com\/fr\/wp-json\/wp\/v2\/comments?post=548078"}],"version-history":[{"count":0,"href":"https:\/\/www.europesays.com\/fr\/wp-json\/wp\/v2\/posts\/548078\/revisions"}],"wp:featuredmedia":[{"embeddable":true,"href":"https:\/\/www.europesays.com\/fr\/wp-json\/wp\/v2\/media\/548079"}],"wp:attachment":[{"href":"https:\/\/www.europesays.com\/fr\/wp-json\/wp\/v2\/media?parent=548078"}],"wp:term":[{"taxonomy":"category","embeddable":true,"href":"https:\/\/www.europesays.com\/fr\/wp-json\/wp\/v2\/categories?post=548078"},{"taxonomy":"post_tag","embeddable":true,"href":"https:\/\/www.europesays.com\/fr\/wp-json\/wp\/v2\/tags?post=548078"}],"curies":[{"name":"wp","href":"https:\/\/api.w.org\/{rel}","templated":true}]}}