{"id":548084,"date":"2025-11-21T01:29:13","date_gmt":"2025-11-21T01:29:13","guid":{"rendered":"https:\/\/www.europesays.com\/fr\/548084\/"},"modified":"2025-11-21T01:29:13","modified_gmt":"2025-11-21T01:29:13","slug":"arianespace-prevoit-de-lancer-deux-satellites-galileo-le-17-decembre","status":"publish","type":"post","link":"https:\/\/www.europesays.com\/fr\/548084\/","title":{"rendered":"Arianespace pr\u00e9voit de lancer deux satellites Galileo le 17 d\u00e9cembre"},"content":{"rendered":"<p style=\"text-align:\">Arianespace pr\u00e9voit de lancer deux satellites de navigation Galileo avec Ariane 6 le 17 d\u00e9cembre, la quatri\u00e8me mission commerciale de la fus\u00e9e europ\u00e9enne et la derni\u00e8re de l&rsquo;ann\u00e9e, a annonc\u00e9 jeudi 20 novembre l&rsquo;entreprise.<\/p>\n<p><a href=\"https:\/\/lecourrier.vn\/le-dernier-tir-dariane-5-prevu-le-16-juin-est-reporte\/1182373.html\" title=\"Le dernier tir d&#039;Ariane 5 pr\u00e9vu le 16 juin est report\u00e9\" target=\"_blank\" rel=\"noopener\">&gt;&gt; Le dernier tir d&rsquo;Ariane 5 pr\u00e9vu le 16 juin est report\u00e9<\/a><\/p>\n<p><a href=\"https:\/\/lecourrier.vn\/la-deuxieme-mission-dariane-6-prevue-mi-fevrier\/1272285.html\" title=\"La deuxi\u00e8me mission d&#039;Ariane 6 pr\u00e9vue mi-f\u00e9vrier\" target=\"_blank\" rel=\"noopener\">&gt;&gt; La deuxi\u00e8me mission d&rsquo;Ariane 6 pr\u00e9vue mi-f\u00e9vrier<\/a><\/p>\n<tr>\n<td class=\"pic\"><img decoding=\"async\" class=\"lazyload\" src=\"https:\/\/www.europesays.com\/fr\/wp-content\/uploads\/2025\/11\/230045-field_media_image-2969207-ed08bdb168c7d26595f1e3df698fad59c6e2d3de.webp.webp\" alt=\"\"\/><\/td>\n<\/tr>\n<tr>\n<td class=\"caption\">La fus\u00e9e Ariane 6 au d\u00e9collage \u00e0 Kourou en Guyane le 4 novembre.<\/td>\n<\/tr>\n<tr align=\"right\">\n<td class=\"author\">Photo : AFP\/VNA\/CVN<\/td>\n<\/tr>\n<p style=\"text-align:left\">Arianespace, charg\u00e9e de commercialiser et exploiter le lanceur lourd, \u00ab\u00a0placera en orbite avec Ariane 6 deux nouveaux satellites de la constellation Galileo pour l&rsquo;Agence spatiale europ\u00e9enne (ESA), au nom de la Commission europ\u00e9enne et de l&rsquo;Agence de l&rsquo;Union europ\u00e9enne pour le programme spatial\u00a0\u00bb, a-t-elle indiqu\u00e9 dans un communiqu\u00e9.<\/p>\n<p style=\"text-align:left\">Ces engins, tir\u00e9s depuis Kourou (Guyane fran\u00e7aise), \u00ab\u00a0rejoindront la constellation des satellites Galileo de premi\u00e8re g\u00e9n\u00e9ration pour am\u00e9liorer la pr\u00e9cision, la disponibilit\u00e9 et la robustesse du syst\u00e8me mondial de navigation par satellite de l&rsquo;Union europ\u00e9enne\u00a0\u00bb, selon la m\u00eame source.<\/p>\n<p style=\"text-align:left\">Ces satellites \u00ab\u00a0d\u00e9sign\u00e9s SAT 33 et SAT 34 seront plac\u00e9s sur une orbite moyenne (MEO) \u00e0 environ 22.922 km d&rsquo;altitude. Leur s\u00e9paration interviendra 3 heures et 55 minutes apr\u00e8s le d\u00e9collage. Tous deux rejoindront ensuite progressivement leur orbite op\u00e9rationnelle finale \u00e0 23.222 km d&rsquo;altitude\u00a0\u00bb, a d\u00e9taill\u00e9 Arianespace.<\/p>\n<p style=\"text-align:left\">\u00c0 la mi-septembre, Arianespace avait r\u00e9vis\u00e9 en baisse, \u00e0 quatre contre cinq auparavant, le nombre de lancements commerciaux d&rsquo;Ariane 6 en 2025, tout en promettant de \u00ab\u00a0plus ou moins\u00a0\u00bb doubler ce chiffre en 2026.<\/p>\n<p style=\"text-align:left\">Depuis le d\u00e9but de l&rsquo;ann\u00e9e, elle a r\u00e9ussi ses trois premiers lancements commerciaux : le 6 mars avec un satellite militaire, le 13 ao\u00fbt avec un engin m\u00e9t\u00e9orologique et le 4 novembre avec le satellite Sentinel-1D pour le programme europ\u00e9en d&rsquo;observation de la Terre Copernicus.<\/p>\n<p style=\"text-align:left\">Les tirs de 2025 s&rsquo;effectuent avec une version de la fus\u00e9e dot\u00e9e de deux propulseurs d&rsquo;appoint (\u00ab\u00a0boosters\u00a0\u00bb), dite Ariane 62.<\/p>\n<p style=\"text-align:left\">En revanche, la mission suivante, pr\u00e9vue en 2026 \u00e0 une date non encore pr\u00e9cis\u00e9e, aura recours \u00e0 la version \u00e0 quatre propulseurs d&rsquo;appoint, Ariane 64, dot\u00e9e d&rsquo;une capacit\u00e9 d&#8217;emport en orbite basse doubl\u00e9e \u00e0 21,6 tonnes, pour mettre en orbite des satellites de la constellation \u00e0 haut d\u00e9bit Project Kuiper de la soci\u00e9t\u00e9 Amazon, r\u00e9cemment rebaptis\u00e9e Amazon Leo.<\/p>\n<p style=\"text-align:left\">Il s&rsquo;agira du premier des 18 lancements pr\u00e9vus par le contrat sign\u00e9 entre Arianespace et le g\u00e9ant am\u00e9ricain, annonc\u00e9 en avril 2022. L&rsquo;entreprise faisait partie des trois soci\u00e9t\u00e9s retenues par la soci\u00e9t\u00e9 de Jeff Bezos pour lancer au total 3.236 satellites en orbite terrestre basse, \u00e0 quelque 600 km d&rsquo;altitude, et la seule non-am\u00e9ricaine.<\/p>\n<p style=\"text-align:right\"><b>AFP\/VNA\/CVN<\/b><\/p>\n","protected":false},"excerpt":{"rendered":"Arianespace pr\u00e9voit de lancer deux satellites de navigation Galileo avec Ariane 6 le 17 d\u00e9cembre, la quatri\u00e8me mission&hellip;\n","protected":false},"author":2,"featured_media":548085,"comment_status":"","ping_status":"","sticky":false,"template":"","format":"standard","meta":{"footnotes":""},"categories":[1586],"tags":[11,6446,1777,674,1779,1011,27,32154,29618,12,25,6361,1778,364],"class_list":{"0":"post-548084","1":"post","2":"type-post","3":"status-publish","4":"format-standard","5":"has-post-thumbnail","7":"category-europe","8":"tag-actualites","9":"tag-arianespace","10":"tag-eu","11":"tag-europe","12":"tag-european-union","13":"tag-fr","14":"tag-france","15":"tag-galileo","16":"tag-lancer","17":"tag-news","18":"tag-republique-francaise","19":"tag-satellites","20":"tag-ue","21":"tag-union-europeenne"},"share_on_mastodon":{"url":"https:\/\/pubeurope.com\/@fr\/115585100746919074","error":""},"_links":{"self":[{"href":"https:\/\/www.europesays.com\/fr\/wp-json\/wp\/v2\/posts\/548084","targetHints":{"allow":["GET"]}}],"collection":[{"href":"https:\/\/www.europesays.com\/fr\/wp-json\/wp\/v2\/posts"}],"about":[{"href":"https:\/\/www.europesays.com\/fr\/wp-json\/wp\/v2\/types\/post"}],"author":[{"embeddable":true,"href":"https:\/\/www.europesays.com\/fr\/wp-json\/wp\/v2\/users\/2"}],"replies":[{"embeddable":true,"href":"https:\/\/www.europesays.com\/fr\/wp-json\/wp\/v2\/comments?post=548084"}],"version-history":[{"count":0,"href":"https:\/\/www.europesays.com\/fr\/wp-json\/wp\/v2\/posts\/548084\/revisions"}],"wp:featuredmedia":[{"embeddable":true,"href":"https:\/\/www.europesays.com\/fr\/wp-json\/wp\/v2\/media\/548085"}],"wp:attachment":[{"href":"https:\/\/www.europesays.com\/fr\/wp-json\/wp\/v2\/media?parent=548084"}],"wp:term":[{"taxonomy":"category","embeddable":true,"href":"https:\/\/www.europesays.com\/fr\/wp-json\/wp\/v2\/categories?post=548084"},{"taxonomy":"post_tag","embeddable":true,"href":"https:\/\/www.europesays.com\/fr\/wp-json\/wp\/v2\/tags?post=548084"}],"curies":[{"name":"wp","href":"https:\/\/api.w.org\/{rel}","templated":true}]}}