{"id":548090,"date":"2025-11-21T01:32:22","date_gmt":"2025-11-21T01:32:22","guid":{"rendered":"https:\/\/www.europesays.com\/fr\/548090\/"},"modified":"2025-11-21T01:32:22","modified_gmt":"2025-11-21T01:32:22","slug":"la-musique-de-film-un-art-a-part-entiere","status":"publish","type":"post","link":"https:\/\/www.europesays.com\/fr\/548090\/","title":{"rendered":"La musique de film, un art \u00e0 part enti\u00e8re"},"content":{"rendered":"<p class=\"PopSlotParagraph qg-tx2 qg-xtra-lh svelte-1r0pyek\">En 1973, \u00e0 l&rsquo;heure du film\u00a0Orange m\u00e9canique et des musiques d&rsquo;Ennio Morricone, alors que la musique de film est en pleine mutation, les animateurs Jacques Floran et Jacques Pradel consacrent une \u00e9mission \u00e0 la place de la musique dans le cin\u00e9ma.<\/p>\n<p class=\"PopSlotParagraph qg-tx2 qg-xtra-lh svelte-1r0pyek\">Le critique et r\u00e9alisateur Michel Polac, ainsi que les compositeurs Francis Lai et Antoine Duhamel sont interrog\u00e9s en introduction d&rsquo;un d\u00e9bat en studio. Celui-ci confronte le critique G\u00e9rard Langlois \u00e0 deux autres compositeurs, Jean-Pierre Stora et Fran\u00e7ois de Roubaix.<\/p>\n<p> Quelle place pour la musique au cin\u00e9ma\u00a0?<\/p>\n<p class=\"PopSlotParagraph qg-tx2 qg-xtra-lh svelte-1r0pyek\">\u00ab\u00a0Pourquoi parler de musique de film\u00a0? Peut-\u00eatre parce qu&rsquo;il n&rsquo;y a plus de musique dans les films\u00a0?\u00a0\u00bb s&rsquo;interrogent Jacques Floran et Jacques Pradel. Le ton est donn\u00e9. Michel Polac, fid\u00e8le \u00e0 sa r\u00e9putation de pol\u00e9miste, estime qu&rsquo;il est souvent plus simple et plus \u00e9conomique de piocher dans les disques existants. Selon lui, les r\u00e9alisateurs manquent de moyens et parfois de culture musicale pour travailler en amont avec des compositeurs. \u00ab\u00a0On finit par faire de la musique \u00e0 la mani\u00e8re d&rsquo;Hollywood\u00a0\u00bb, regrette-t-il, fustigeant les orchestrations pompeuses \u00ab\u00a0\u00e0 la Richard Strauss\u00a0\u00bb.\u00a0\u00c0 propos des musiques de Francis Lai, qui accompagnent les films de Claude Lelouch, il parle de \u00ab\u00a0musiques guimauve\u00a0\u00bb qui font partie de \u00ab\u00a0l&rsquo;endormissement d&rsquo;un pays qui se berce de chansonnettes\u00a0\u00bb.<\/p>\n<p class=\"PopSlotParagraph qg-tx2 qg-xtra-lh svelte-1r0pyek\">Face \u00e0 lui,\u00a0<a href=\"https:\/\/www.radiofrance.fr\/personnes\/francis-lai\" class=\"\" data-testid=\"link\" rel=\"nofollow noopener\" target=\"_blank\">Francis Lai<\/a>, auteur de la musique du film Un Homme et une femme (1966), d\u00e9fend une musique plus \u00ab\u00a0accessible\u00a0\u00bb. Si on voit un film, et six mois apr\u00e8s, on se rappelle les images en entendant la musique, alors la partition a rempli son r\u00f4le.<\/p>\n<p class=\"PopSlotParagraph qg-tx2 qg-xtra-lh svelte-1r0pyek\">Antoine Duhamel, quant \u00e0 lui, confie s&rsquo;\u00eatre \u00e9loign\u00e9 du cin\u00e9ma fran\u00e7ais les derni\u00e8res ann\u00e9es, lass\u00e9 des compromis impos\u00e9s par les producteurs. Ce qui lui importe, dit-il, c\u2019est que la musique de film s\u2019\u00e9mancipe d\u2019un son conventionnel qui l&rsquo;ennuie et \u00ab\u00a0l&rsquo;\u00e9c\u0153ure\u00a0\u00bb.<\/p>\n<p> Fran\u00e7ois de Roubaix, d\u00e9fenseur d\u2019un art \u00e0 part enti\u00e8re<\/p>\n<p class=\"PopSlotParagraph qg-tx2 qg-xtra-lh svelte-1r0pyek\">La musique de film sert-elle de simple remplissage\u00a0? Est-elle avant tout commerciale\u00a0? Dans la suite de l\u2019\u00e9mission, les compositeurs\u00a0<a href=\"https:\/\/www.radiofrance.fr\/franceculture\/podcasts\/l-atelier-du-son\/l-atelier-du-son-de-francois-de-roubaix-9782694\" class=\"\" data-testid=\"link\" rel=\"nofollow noopener\" target=\"_blank\">Fran\u00e7ois de Roubaix<\/a>\u00a0et Jean-Pierre Stora d\u00e9battent avec le critique G\u00e9rard Langlois.<br \/>Fran\u00e7ois de Roubaix et son coll\u00e8gue expliquent intervenir tr\u00e8s t\u00f4t dans la conception des films, parfois d\u00e8s l\u2019\u00e9criture du sc\u00e9nario. Le compositeur raconte qu\u2019il rencontre parfois un r\u00e9alisateur avant m\u00eame que celui-ci ait trouv\u00e9 un producteur ou \u00e9labor\u00e9 sa distribution.<\/p>\n<p class=\"PopSlotParagraph qg-tx2 qg-xtra-lh svelte-1r0pyek\">Fran\u00e7ois de Roubaix d\u00e9fend une approche intuitive\u00a0: la musique doit \u00ab\u00a0faire d\u00e9coller le film\u00a0\u00bb, ouvrir un espace \u00e9motionnel au-del\u00e0 de l\u2019image. Il cite Les Aventuriers, dont le th\u00e8me de\u00a0L\u00e6titia\u00a0\u00ab\u00a0faisait revivre le personnage apr\u00e8s sa mort\u00a0\u00bb.\u00a0Pour lui, la musique n\u2019est pas un simple fond sonore. Il\u00a0rappelle qu\u2019il a commenc\u00e9 comme cin\u00e9aste avant de devenir compositeur, ce qui lui permet de mieux choisir les projets sur lesquels il s\u2019engage\u00a0:\u00a0\u00ab\u00a0C&rsquo;est un art, mais aussi un m\u00e9tier\u00a0\u00bb.<\/p>\n<p class=\"PopSlotParagraph qg-tx2 qg-xtra-lh svelte-1r0pyek\">Un \u00e9change \u00e9clairant, \u00e0 l&rsquo;\u00e9poque o\u00f9 la musique de film cherche encore \u00e0 affirmer son identit\u00e9.<\/p>\n<ul>\n<li>Production\u00a0:\u00a0Jacques Pradel et Jacques Floran<\/li>\n<li>Avec\u00a0Michel Polac (journaliste, producteur, \u00e9crivain, critique, r\u00e9alisateur), G\u00e9rard Langlois (journaliste, critique de cin\u00e9ma), et les compositeurs Francis Lai, Antoine Duhamel, Fran\u00e7ois de Roubaix et Jean-Pierre Stora<\/li>\n<li>Les Apr\u00e8s-midi de France Culture &#8211; La musique de film (1\u00e8re diffusion\u00a0: 27\/09\/1973)<\/li>\n<li>Edition web\u00a0: Caroline Chauss\u00e9-Domergue<\/li>\n<li>Archive INA-Radio France<\/li>\n<\/ul>\n","protected":false},"excerpt":{"rendered":"En 1973, \u00e0 l&rsquo;heure du film\u00a0Orange m\u00e9canique et des musiques d&rsquo;Ennio Morricone, alors que la musique de film&hellip;\n","protected":false},"author":2,"featured_media":548091,"comment_status":"","ping_status":"","sticky":false,"template":"","format":"standard","meta":{"footnotes":""},"categories":[4],"tags":[11,1011,27,12,25],"class_list":{"0":"post-548090","1":"post","2":"type-post","3":"status-publish","4":"format-standard","5":"has-post-thumbnail","7":"category-france","8":"tag-actualites","9":"tag-fr","10":"tag-france","11":"tag-news","12":"tag-republique-francaise"},"share_on_mastodon":{"url":"https:\/\/pubeurope.com\/@fr\/115585112023257516","error":""},"_links":{"self":[{"href":"https:\/\/www.europesays.com\/fr\/wp-json\/wp\/v2\/posts\/548090","targetHints":{"allow":["GET"]}}],"collection":[{"href":"https:\/\/www.europesays.com\/fr\/wp-json\/wp\/v2\/posts"}],"about":[{"href":"https:\/\/www.europesays.com\/fr\/wp-json\/wp\/v2\/types\/post"}],"author":[{"embeddable":true,"href":"https:\/\/www.europesays.com\/fr\/wp-json\/wp\/v2\/users\/2"}],"replies":[{"embeddable":true,"href":"https:\/\/www.europesays.com\/fr\/wp-json\/wp\/v2\/comments?post=548090"}],"version-history":[{"count":0,"href":"https:\/\/www.europesays.com\/fr\/wp-json\/wp\/v2\/posts\/548090\/revisions"}],"wp:featuredmedia":[{"embeddable":true,"href":"https:\/\/www.europesays.com\/fr\/wp-json\/wp\/v2\/media\/548091"}],"wp:attachment":[{"href":"https:\/\/www.europesays.com\/fr\/wp-json\/wp\/v2\/media?parent=548090"}],"wp:term":[{"taxonomy":"category","embeddable":true,"href":"https:\/\/www.europesays.com\/fr\/wp-json\/wp\/v2\/categories?post=548090"},{"taxonomy":"post_tag","embeddable":true,"href":"https:\/\/www.europesays.com\/fr\/wp-json\/wp\/v2\/tags?post=548090"}],"curies":[{"name":"wp","href":"https:\/\/api.w.org\/{rel}","templated":true}]}}