{"id":548092,"date":"2025-11-21T01:35:13","date_gmt":"2025-11-21T01:35:13","guid":{"rendered":"https:\/\/www.europesays.com\/fr\/548092\/"},"modified":"2025-11-21T01:35:13","modified_gmt":"2025-11-21T01:35:13","slug":"on-croit-que-depuis-six-ans-on-a-des-acquis-solides-mais-non-rien-nest-acquis","status":"publish","type":"post","link":"https:\/\/www.europesays.com\/fr\/548092\/","title":{"rendered":"\u00ab\u00a0On croit que depuis six ans, on a des acquis solides, mais non, rien n&rsquo;est acquis\u00a0\u00bb"},"content":{"rendered":"\n<p>La tourn\u00e9e d&rsquo;automne met en lumi\u00e8re les fragilit\u00e9s d\u00e9fensives des Bleus en 2025\u00a0: \u00ab\u00a0On croit que depuis six ans, on a des acquis solides, mais non, rien n&rsquo;est acquis\u00a0\u00bb<\/p>\n<p>Avant d&rsquo;affronter l&rsquo;Australie (samedi, 21h10), les deux premiers matches des Bleus cet automne ont mis \u00e0 jour des failles d\u00e9fensives bien exploit\u00e9es par ses adversaires, comme le souligne le s\u00e9lectionneur Fabien Galthi\u00e9. Des errements li\u00e9s au contexte de cette tourn\u00e9e mais qui confirment une tendance de fond observ\u00e9e depuis quelques ann\u00e9es.<\/p>\n","protected":false},"excerpt":{"rendered":"La tourn\u00e9e d&rsquo;automne met en lumi\u00e8re les fragilit\u00e9s d\u00e9fensives des Bleus en 2025\u00a0: \u00ab\u00a0On croit que depuis six&hellip;\n","protected":false},"author":2,"featured_media":548093,"comment_status":"","ping_status":"","sticky":false,"template":"","format":"standard","meta":{"footnotes":""},"categories":[1416],"tags":[1011,27,479,1468,60],"class_list":{"0":"post-548092","1":"post","2":"type-post","3":"status-publish","4":"format-standard","5":"has-post-thumbnail","7":"category-rugby","8":"tag-fr","9":"tag-france","10":"tag-rugby","11":"tag-rugby-football","12":"tag-sports"},"share_on_mastodon":{"url":"https:\/\/pubeurope.com\/@fr\/115585123898873095","error":""},"_links":{"self":[{"href":"https:\/\/www.europesays.com\/fr\/wp-json\/wp\/v2\/posts\/548092","targetHints":{"allow":["GET"]}}],"collection":[{"href":"https:\/\/www.europesays.com\/fr\/wp-json\/wp\/v2\/posts"}],"about":[{"href":"https:\/\/www.europesays.com\/fr\/wp-json\/wp\/v2\/types\/post"}],"author":[{"embeddable":true,"href":"https:\/\/www.europesays.com\/fr\/wp-json\/wp\/v2\/users\/2"}],"replies":[{"embeddable":true,"href":"https:\/\/www.europesays.com\/fr\/wp-json\/wp\/v2\/comments?post=548092"}],"version-history":[{"count":0,"href":"https:\/\/www.europesays.com\/fr\/wp-json\/wp\/v2\/posts\/548092\/revisions"}],"wp:featuredmedia":[{"embeddable":true,"href":"https:\/\/www.europesays.com\/fr\/wp-json\/wp\/v2\/media\/548093"}],"wp:attachment":[{"href":"https:\/\/www.europesays.com\/fr\/wp-json\/wp\/v2\/media?parent=548092"}],"wp:term":[{"taxonomy":"category","embeddable":true,"href":"https:\/\/www.europesays.com\/fr\/wp-json\/wp\/v2\/categories?post=548092"},{"taxonomy":"post_tag","embeddable":true,"href":"https:\/\/www.europesays.com\/fr\/wp-json\/wp\/v2\/tags?post=548092"}],"curies":[{"name":"wp","href":"https:\/\/api.w.org\/{rel}","templated":true}]}}