{"id":548096,"date":"2025-11-21T01:40:20","date_gmt":"2025-11-21T01:40:20","guid":{"rendered":"https:\/\/www.europesays.com\/fr\/548096\/"},"modified":"2025-11-21T01:40:20","modified_gmt":"2025-11-21T01:40:20","slug":"le-velo-nest-pas-propre-lalerte-lancee-par-marcel-kittel-vainqueur-de-14-etapes-du-tour-de-france","status":"publish","type":"post","link":"https:\/\/www.europesays.com\/fr\/548096\/","title":{"rendered":"\u00abLe v\u00e9lo n\u2019est pas propre\u00bb, l\u2019alerte lanc\u00e9e par Marcel Kittel, vainqueur de 14 \u00e9tapes du Tour de France"},"content":{"rendered":"<p>\n    Le sprinteur allemand, retrait\u00e9 en 2019, estime que le v\u00e9lo n\u2019a pas encore r\u00e9solu ses probl\u00e8mes de dopage.<\/p>\n<p class=\"fig-paragraph\">Dans le v\u00e9lo et sa lutte contre le fl\u00e9au , il y a ceux qui voient la vie presque en rose,\u00a0<a href=\"https:\/\/video.lefigaro.fr\/figaro\/sports\/dopage-mark-cavendish-estime-que-le-cyclisme-est-aujourdhui-lun-des-sports-les-plus-propres-20251031\" data-fig-type=\"Video\" data-gtm-custom-categorie=\"navigation\" data-gtm-custom-action=\"crossclick\" data-gtm-custom-label=\"Contextuel\" data-gtm-event=\"customEventSPE\" data-fig-domain=\"LEFIGARO\" target=\"_blank\" rel=\"noopener\">comme Mark Cavendish<\/a>\u00a0affirmant il y a quelques semaines que son sport \u00e9tait \u00abl\u2019un des plus propres si ce n\u2019est le plus propre\u00bb. Et il y a les pessimistes (ou les r\u00e9alistes) comme Marcel Kittel. Sp\u00e9cialiste du sprint comme Cavendish entre 2011 et 2019 , l\u2019Allemand tient un discours beaucoup plus nuanc\u00e9 sur l\u2019\u00e9tat de son sport et la pr\u00e9sence de tricheurs.<\/p>\n<p class=\"fig-paragraph\">Avec 89 victoires \u00e0 son palmar\u00e8s et 19 victoires d\u2019\u00e9tape sur les grands Tours (dont 14 sur le Tour de France), le jeune retrait\u00e9 qui a rang\u00e9 le v\u00e9lo \u00e0 l\u2019issue de la saison 2019, estime que les d\u00e9mons du pass\u00e9 n\u2019ont pas \u00e9t\u00e9 totalement \u00e9cart\u00e9s. \u00abJe ne crois pas que le cyclisme soit propre aujourd\u2019hui. Absolument pas. Il faudrait \u00eatre tr\u00e8s ignorant des faits pour le croire\u00a0\u00bb, a-t-il d\u00e9clar\u00e9 dans le podcast Domestique Hotseat.<\/p>\n<p>                                    <a class=\"fig-a11y-skip a11y-hidden\" href=\"#fig-a11y-skip-main-inarticle\"><br \/>\n        Passer la publicit\u00e9<br \/>\n    <\/a><\/p>\n<p class=\"fig-paragraph\">\u00ab Il y aura toujours des gens qui essaieront de contourner le syst\u00e8me. Nous devons simplement veiller \u00e0 pr\u00e9server ce que nous avons acquis et les progr\u00e8s que nous avons r\u00e9alis\u00e9s, et nous assurer qu\u2019il s\u2019agit de cas isol\u00e9s et non d\u2019un syst\u00e8me de dopage g\u00e9n\u00e9ralis\u00e9 comme celui des ann\u00e9es 90\u00bb, a ajout\u00e9 le champion du monde du contre-la-montre par \u00e9quipes en 2016.<\/p>\n<p>Une enqu\u00eate sur Kittel en 2012<\/p>\n<p class=\"fig-paragraph\">En 2012, le coureur avait \u00e9t\u00e9 suspect\u00e9 de dopage comme une trentaine d\u2019athl\u00e8tes allemands apr\u00e8s avoir b\u00e9n\u00e9fici\u00e9 d\u2019un traitement du sang par rayons ultraviolets (UV). Il avait toutefois \u00e9chapp\u00e9 \u00e0 une sanction car ce proc\u00e9d\u00e9 n\u2019\u00e9tait pas interdit par l\u2019Agence mondiale antidopage au moment des faits, en 2007 et 2008.<\/p>\n<p class=\"fig-paragraph\">Cette affaire ne l\u2019avait pas emp\u00each\u00e9 de se montrer extr\u00eamement offensif sur la question du dopage. En 2014, il avait d\u00e9plor\u00e9 la pr\u00e9sence d\u2019Alexandre Vinokourov (manager d\u2019Astana) et de Bjarne Riis (manager de Tinkoff-Saxo) dans le milieu du cyclisme. \u00abDes personnes comme Vinokourov ou Riis attirent l\u2019attention vers le dopage. Les gens comme eux contribuent au fait qu\u2019\u00e0 ce jour, le cyclisme est toujours per\u00e7u comme suspicieux.\u00bb<\/p>\n","protected":false},"excerpt":{"rendered":"Le sprinteur allemand, retrait\u00e9 en 2019, estime que le v\u00e9lo n\u2019a pas encore r\u00e9solu ses probl\u00e8mes de dopage.&hellip;\n","protected":false},"author":2,"featured_media":548097,"comment_status":"","ping_status":"","sticky":false,"template":"","format":"standard","meta":{"footnotes":""},"categories":[1411],"tags":[1154,207,15150,1011,27,60],"class_list":{"0":"post-548096","1":"post","2":"type-post","3":"status-publish","4":"format-standard","5":"has-post-thumbnail","7":"category-cyclisme","8":"tag-cycling","9":"tag-cyclisme","10":"tag-dopage","11":"tag-fr","12":"tag-france","13":"tag-sports"},"share_on_mastodon":{"url":"https:\/\/pubeurope.com\/@fr\/115585143612799565","error":""},"_links":{"self":[{"href":"https:\/\/www.europesays.com\/fr\/wp-json\/wp\/v2\/posts\/548096","targetHints":{"allow":["GET"]}}],"collection":[{"href":"https:\/\/www.europesays.com\/fr\/wp-json\/wp\/v2\/posts"}],"about":[{"href":"https:\/\/www.europesays.com\/fr\/wp-json\/wp\/v2\/types\/post"}],"author":[{"embeddable":true,"href":"https:\/\/www.europesays.com\/fr\/wp-json\/wp\/v2\/users\/2"}],"replies":[{"embeddable":true,"href":"https:\/\/www.europesays.com\/fr\/wp-json\/wp\/v2\/comments?post=548096"}],"version-history":[{"count":0,"href":"https:\/\/www.europesays.com\/fr\/wp-json\/wp\/v2\/posts\/548096\/revisions"}],"wp:featuredmedia":[{"embeddable":true,"href":"https:\/\/www.europesays.com\/fr\/wp-json\/wp\/v2\/media\/548097"}],"wp:attachment":[{"href":"https:\/\/www.europesays.com\/fr\/wp-json\/wp\/v2\/media?parent=548096"}],"wp:term":[{"taxonomy":"category","embeddable":true,"href":"https:\/\/www.europesays.com\/fr\/wp-json\/wp\/v2\/categories?post=548096"},{"taxonomy":"post_tag","embeddable":true,"href":"https:\/\/www.europesays.com\/fr\/wp-json\/wp\/v2\/tags?post=548096"}],"curies":[{"name":"wp","href":"https:\/\/api.w.org\/{rel}","templated":true}]}}