{"id":548117,"date":"2025-11-21T01:53:16","date_gmt":"2025-11-21T01:53:16","guid":{"rendered":"https:\/\/www.europesays.com\/fr\/548117\/"},"modified":"2025-11-21T01:53:16","modified_gmt":"2025-11-21T01:53:16","slug":"le-gendarme-des-telecoms-dit-qui-a-le-meilleur-reseau-mobile-en-france","status":"publish","type":"post","link":"https:\/\/www.europesays.com\/fr\/548117\/","title":{"rendered":"le gendarme des t\u00e9l\u00e9coms dit qui a le meilleur r\u00e9seau mobile en France"},"content":{"rendered":"<p class=\"sc-9e1vpx-0 jVoltE\">Au niveau national, Orange d\u00e9croche un joli 91% d&rsquo;appels en qualit\u00e9 parfaite, c&rsquo;est-\u00e0-dire des communications tenues deux minutes sans coupure, ni gr\u00e9sillement. Bouygues Telecom atteint 88%, SFR 87%, tandis que Free Mobile pointe \u00e0 84%. Ces mesures, r\u00e9alis\u00e9es entre juin et ao\u00fbt sur l&rsquo;ensemble du territoire, refl\u00e8tent en th\u00e9orie la r\u00e9alit\u00e9 quotidienne des utilisateurs.<\/p>\n","protected":false},"excerpt":{"rendered":"Au niveau national, Orange d\u00e9croche un joli 91% d&rsquo;appels en qualit\u00e9 parfaite, c&rsquo;est-\u00e0-dire des communications tenues deux minutes&hellip;\n","protected":false},"author":2,"featured_media":548118,"comment_status":"","ping_status":"","sticky":false,"template":"","format":"standard","meta":{"footnotes":""},"categories":[6],"tags":[35,33,34,1011,27],"class_list":{"0":"post-548117","1":"post","2":"type-post","3":"status-publish","4":"format-standard","5":"has-post-thumbnail","7":"category-economie","8":"tag-business","9":"tag-economie","10":"tag-economy","11":"tag-fr","12":"tag-france"},"share_on_mastodon":{"url":"https:\/\/pubeurope.com\/@fr\/115585194770985334","error":""},"_links":{"self":[{"href":"https:\/\/www.europesays.com\/fr\/wp-json\/wp\/v2\/posts\/548117","targetHints":{"allow":["GET"]}}],"collection":[{"href":"https:\/\/www.europesays.com\/fr\/wp-json\/wp\/v2\/posts"}],"about":[{"href":"https:\/\/www.europesays.com\/fr\/wp-json\/wp\/v2\/types\/post"}],"author":[{"embeddable":true,"href":"https:\/\/www.europesays.com\/fr\/wp-json\/wp\/v2\/users\/2"}],"replies":[{"embeddable":true,"href":"https:\/\/www.europesays.com\/fr\/wp-json\/wp\/v2\/comments?post=548117"}],"version-history":[{"count":0,"href":"https:\/\/www.europesays.com\/fr\/wp-json\/wp\/v2\/posts\/548117\/revisions"}],"wp:featuredmedia":[{"embeddable":true,"href":"https:\/\/www.europesays.com\/fr\/wp-json\/wp\/v2\/media\/548118"}],"wp:attachment":[{"href":"https:\/\/www.europesays.com\/fr\/wp-json\/wp\/v2\/media?parent=548117"}],"wp:term":[{"taxonomy":"category","embeddable":true,"href":"https:\/\/www.europesays.com\/fr\/wp-json\/wp\/v2\/categories?post=548117"},{"taxonomy":"post_tag","embeddable":true,"href":"https:\/\/www.europesays.com\/fr\/wp-json\/wp\/v2\/tags?post=548117"}],"curies":[{"name":"wp","href":"https:\/\/api.w.org\/{rel}","templated":true}]}}