{"id":548135,"date":"2025-11-21T02:10:15","date_gmt":"2025-11-21T02:10:15","guid":{"rendered":"https:\/\/www.europesays.com\/fr\/548135\/"},"modified":"2025-11-21T02:10:15","modified_gmt":"2025-11-21T02:10:15","slug":"et-de-cinq-pour-easy-up-de-grandry-et-de-vingt-et-un-pour-julien-epaillard-a-rouen-2","status":"publish","type":"post","link":"https:\/\/www.europesays.com\/fr\/548135\/","title":{"rendered":"Et de cinq pour Easy up de Grandry, et de vingt et un pour Julien \u00c9paillard \u00e0 Rouen!"},"content":{"rendered":"<p>Julien \u00c9paillard s\u2019est adjug\u00e9 la premi\u00e8re \u00e9preuve majeure du CSI 4* d\u2019\u00c9qui Seine, ce soir \u00e0 Rouen. Victorieux pour la vingt et uni\u00e8me fois de l\u2019ann\u00e9e, le Normand a fait entonner sa cinqui\u00e8me Marseillaise avec Easy up de Grandry. Le couple a tr\u00e8s facilement devanc\u00e9 Bilal Zaryouh, deuxi\u00e8me sur Grabuge, et l\u2019Allemande Kendra Claricia Brinkop, troisi\u00e8me avec Dawa de Greenbay.<\/p>\n<p id=\"isPasted\">La vingt-cinqui\u00e8me \u00e9dition d\u2019\u00c9qui Seine ne pouvait gu\u00e8re mieux commencer pour les organisateurs de ce tr\u00e8s beau rendez-vous normand. Ce jeudi soir au Parc des expositions de Rouen, Julien \u00c9paillard a encore fait parler son talent et son sens de la vitesse pour remporter la premi\u00e8re des deux \u00e9preuves qualificatives pour le Grand Prix de la r\u00e9gion Normandie du CSI 4*. Il aussi fait parler les moyens et la tr\u00e8s bonne forme retrouv\u00e9e d\u2019Easy up de Grandry, son Selle Fran\u00e7ais de onze ans par Jarnac et une m\u00e8re par For Pleasure, n\u00e9 chez Jo\u00eblle et Jacky Angot, puis form\u00e9 successivement par Florian et Reynald Angot. Le couple a c\u00e9l\u00e9br\u00e9 sa cinqui\u00e8me victoire apr\u00e8s celles obtenues \u00e0 1,55m en avril au CSI\u00a05* de Fontainebleau, \u00e0 1,50m en ao\u00fbt au CSI 4* du Longines Deauville Classic, \u00e0 1,45m le mois dernier lors d\u2019un CSI 2* \u00e0 Oliva et en ao\u00fbt \u00e0 1,40m lors d\u2019un CSI 4* \u00e0 Opglabbeek.<\/p>\n<p>Pour Speedy Julien, c\u2019est la vingt et uni\u00e8me victoire de l\u2019ann\u00e9e \u2013 ce qui serait presque modeste pour lui! Dans le d\u00e9tail, il en compte donc cinq avec Easy up, huit avec Donatello d\u2019Auge, vainqueur de la finale Longines de la Coupe du monde en avril \u00e0 B\u00e2le, deux avec Quacino van de Diepebeek, pass\u00e9 depuis sous la selle du Portugais Duarte Rom\u00e3o, deux avec Carisma et une avec Chaccotino, Guarana d\u2019Auge, Fringan de Vesquerie et Acatitla LS. Dimanche, c\u2019est avec cette jument que l\u2019Augeron tentera de gagner pour la premi\u00e8re fois le Grand Prix de ce concours dont l\u2019histoire a d\u00e9but\u00e9 \u00e0 Port-Mort, avant de se poursuivre \u00e0 Canteleu, et \u00e0 Rouen sous un toit depuis 2016. Demain, il montera \u00e0 nouveau Easy\u00a0up dans la seconde qualificative, cot\u00e9e \u00e0 1,50m et conclue par un barrage.<\/p>\n<p>\u201cEasy revient en grande forme\u201d, s\u2019est r\u00e9joui Julien \u00c9paillard avant la remise des prix.\u00a0\u201cIl avait d\u00e9j\u00e0 bien saut\u00e9 derni\u00e8rement \u00e0 Oliva, avant de terminer avec quatre points l\u2019\u00e9tape de Coupe du monde de V\u00e9rone. Honn\u00eatement, cela faisait longtemps qu\u2019il ne m\u2019avait pas donn\u00e9 d\u2019aussi bonnes sensations. Il est frais et content de sauter, donc c\u2019\u00e9tait agr\u00e9able de le monter aujourd\u2019hui. Cette \u00e9preuve \u00e9tait d\u2019un niveau un peu inf\u00e9rieur \u00e0 celles qu\u2019il a pu affronter plus t\u00f4t dans l\u2019ann\u00e9e, mais cela montre aussi qu\u2019il a gagn\u00e9 en exp\u00e9rience en un an sous ma selle. Apr\u00e8s l\u2019\u00e9preuve de demain, il rentrera \u00e0 la maison, puis il devrait sauter l\u2019\u00e9tape de Coupe du monde de La Corogne.\u201d<\/p>\n<p>Dans la Vitesse \u00e0 1,50m du soir, la paire a devanc\u00e9 d\u2019environ deux secondes et demie un ancien employ\u00e9 de Philippe et de Julien \u00c9paillard, Bilal Zaryouh, deuxi\u00e8me sur Grabuge (SF, Quick Star x Le Tot de Semilly), le propre fr\u00e8re du crackissime Orient Express*HDC, ainsi que l\u2019Allemande Kendra Claricia Brinkop, troisi\u00e8me avec Dawa de Greenbay (Z, Diarado x Schilling ET). Quatre autres Fran\u00e7ais figurent parmi les dix-huit class\u00e9s, tous qualifi\u00e9s pour le Grand Prix: \u00c9den Leprevost Blinlebreton, sixi\u00e8me avec Barbie de La Roque (Z, For Hero x Heartbreaker), m\u00e9daill\u00e9e d\u2019argent aux championnats d\u2019Europe Jeunes Cavaliers cet \u00e9t\u00e9, Titouan Schumacher, vainqueur l\u2019an pass\u00e9 du Grand Prix et huiti\u00e8me sur Corsini van de Keihill (Z, Cornet Obolensky x Cassini), Julien Gonin, onzi\u00e8me sur Eight Wonder XXX (Z, Emerald van\u2019t Ruytershof x Tornedo FCS), et Marc Dilasser, dix-septi\u00e8me avec Chamann Has (SF, Mylord Carthago x Socrate de Chivr\u00e9), cr\u00e9dit\u00e9 du deuxi\u00e8me plus rapide parcours \u00e0 quatre points.<\/p>\n<p><strong><a href=\"https:\/\/online.equipe.com\/startlists\/1179348\" rel=\"nofollow noopener\" target=\"_blank\">Les r\u00e9sultats<\/a><\/strong><\/p>\n<p><strong><a href=\"https:\/\/grandprix.tv\/fr\/live\/31166\/1\/EQUI-SEINE-CSI4-NOVEMBRE-2025\" rel=\"nofollow noopener\" target=\"_blank\">Toutes les \u00e9preuves d\u2019\u00c9qui Seine sont retransmises en direct sur GRANDPRIX.tv<\/a><\/strong><\/p>\n<p><strong>Revivez la victoire de Easy up de Grandry et Julien \u00c9paillard<\/strong><\/p>\n","protected":false},"excerpt":{"rendered":"Julien \u00c9paillard s\u2019est adjug\u00e9 la premi\u00e8re \u00e9preuve majeure du CSI 4* d\u2019\u00c9qui Seine, ce soir \u00e0 Rouen. Victorieux&hellip;\n","protected":false},"author":2,"featured_media":548027,"comment_status":"","ping_status":"","sticky":false,"template":"","format":"standard","meta":{"footnotes":""},"categories":[9587],"tags":[1111,11,1777,674,1011,27,12,5161,25,9590],"class_list":{"0":"post-548135","1":"post","2":"type-post","3":"status-publish","4":"format-standard","5":"has-post-thumbnail","7":"category-rouen","8":"tag-actu","9":"tag-actualites","10":"tag-eu","11":"tag-europe","12":"tag-fr","13":"tag-france","14":"tag-news","15":"tag-normandie","16":"tag-republique-francaise","17":"tag-rouen"},"share_on_mastodon":{"url":"https:\/\/pubeurope.com\/@fr\/115585261740034221","error":""},"_links":{"self":[{"href":"https:\/\/www.europesays.com\/fr\/wp-json\/wp\/v2\/posts\/548135","targetHints":{"allow":["GET"]}}],"collection":[{"href":"https:\/\/www.europesays.com\/fr\/wp-json\/wp\/v2\/posts"}],"about":[{"href":"https:\/\/www.europesays.com\/fr\/wp-json\/wp\/v2\/types\/post"}],"author":[{"embeddable":true,"href":"https:\/\/www.europesays.com\/fr\/wp-json\/wp\/v2\/users\/2"}],"replies":[{"embeddable":true,"href":"https:\/\/www.europesays.com\/fr\/wp-json\/wp\/v2\/comments?post=548135"}],"version-history":[{"count":0,"href":"https:\/\/www.europesays.com\/fr\/wp-json\/wp\/v2\/posts\/548135\/revisions"}],"wp:featuredmedia":[{"embeddable":true,"href":"https:\/\/www.europesays.com\/fr\/wp-json\/wp\/v2\/media\/548027"}],"wp:attachment":[{"href":"https:\/\/www.europesays.com\/fr\/wp-json\/wp\/v2\/media?parent=548135"}],"wp:term":[{"taxonomy":"category","embeddable":true,"href":"https:\/\/www.europesays.com\/fr\/wp-json\/wp\/v2\/categories?post=548135"},{"taxonomy":"post_tag","embeddable":true,"href":"https:\/\/www.europesays.com\/fr\/wp-json\/wp\/v2\/tags?post=548135"}],"curies":[{"name":"wp","href":"https:\/\/api.w.org\/{rel}","templated":true}]}}