{"id":548169,"date":"2025-11-21T02:29:18","date_gmt":"2025-11-21T02:29:18","guid":{"rendered":"https:\/\/www.europesays.com\/fr\/548169\/"},"modified":"2025-11-21T02:29:18","modified_gmt":"2025-11-21T02:29:18","slug":"exclusif-marseille-doit-arreter-de-voir-mourir-ses-enfants-entretien-avec-gerald-darmanin-et-laurent-nunez","status":"publish","type":"post","link":"https:\/\/www.europesays.com\/fr\/548169\/","title":{"rendered":"EXCLUSIF. \u00ab\u00a0Marseille doit arr\u00eater de voir mourir ses enfants\u00a0\u00bb, entretien avec G\u00e9rald Darmanin et Laurent Nu\u00f1ez"},"content":{"rendered":"<p><strong>Tr\u00e8s t\u00f4t vous avez \u00e9voqu\u00e9 un point de bascule, un assassinat d\u2019intimidation, qu\u2019est-ce qui vous am\u00e8ne \u00e0 \u00eatre aussi affirmatif aussi t\u00f4t dans l\u2019enqu\u00eate\u00a0?<\/strong>&#13;\n<\/p>\n<p><strong>G\u00e9rald Darmanin\u00a0:<\/strong> Jusqu\u2019\u00e0 pr\u00e9sent, les assassinats ou tentatives touchaient des gens qui \u00e9taient d\u00e9j\u00e0 dans un r\u00e9seau, ou alors il s\u2019agissait de \u00ab\u00a0victimes collat\u00e9rales\u00a0\u00bb, de \u00ab\u00a0balles perdues\u00a0\u00bb, je pense \u00e0 cette jeune fille Socayna, \u00e9videmment. Mais des personnes qui n\u2019avaient aucun casier judiciaire, en lien avec quelqu\u2019un qui \u00e9tait prot\u00e9g\u00e9 par les services du minist\u00e8re de l&rsquo;Int\u00e9rieur, et qui \u00e9tait tr\u00e8s manifestement cibl\u00e9\u2026 assez vite, quand j\u2019ai eu le procureur de la R\u00e9publique au t\u00e9l\u00e9phone, il \u00e9tait \u00e9vident que c\u2019\u00e9tait une sorte de changement de paradigme\u00a0: on voulait faire taire quelqu\u2019un. Et \u00e7a, c\u2019est le signe des mafias. Donc ce n\u2019est pas un r\u00e8glement de compte comme on en conna\u00eet \u2013 il y en a de moins en moins \u00e0 Marseille gr\u00e2ce au travail des services enqu\u00eateurs. Et ce n\u2019est pas une balle perdue. C\u2019est l\u2019assassinat cibl\u00e9 de quelqu\u2019un qui n\u2019a aucun lien avec le trafic pour impressionner l\u2019\u00c9tat. \u00c7a n\u2019est pas arriv\u00e9 sur le territoire national, en tout cas en mati\u00e8re de narcotrafic, depuis tr\u00e8s longtemps.<\/p>\n<p><strong>Laurent Nu\u00f1ez\u00a0:<\/strong> Pour moi, \u00e7a &#8230;<\/p>\n","protected":false},"excerpt":{"rendered":"Tr\u00e8s t\u00f4t vous avez \u00e9voqu\u00e9 un point de bascule, un assassinat d\u2019intimidation, qu\u2019est-ce qui vous am\u00e8ne \u00e0 \u00eatre&hellip;\n","protected":false},"author":2,"featured_media":548170,"comment_status":"","ping_status":"","sticky":false,"template":"","format":"standard","meta":{"footnotes":""},"categories":[2814],"tags":[17,1111,11,42538,5404,1777,674,3384,274,1011,27,884,41016,12,882,25,2407,3840],"class_list":{"0":"post-548169","1":"post","2":"type-post","3":"status-publish","4":"format-standard","5":"has-post-thumbnail","7":"category-marseille","8":"tag-17","9":"tag-actu","10":"tag-actualites","11":"tag-arreter","12":"tag-doit","13":"tag-eu","14":"tag-europe","15":"tag-exclusif","16":"tag-faits-divers-justice","17":"tag-fr","18":"tag-france","19":"tag-marseille","20":"tag-mourir","21":"tag-news","22":"tag-provence-alpes-cote-dazur","23":"tag-republique-francaise","24":"tag-ses","25":"tag-voir"},"share_on_mastodon":{"url":"https:\/\/pubeurope.com\/@fr\/115585336233023880","error":""},"_links":{"self":[{"href":"https:\/\/www.europesays.com\/fr\/wp-json\/wp\/v2\/posts\/548169","targetHints":{"allow":["GET"]}}],"collection":[{"href":"https:\/\/www.europesays.com\/fr\/wp-json\/wp\/v2\/posts"}],"about":[{"href":"https:\/\/www.europesays.com\/fr\/wp-json\/wp\/v2\/types\/post"}],"author":[{"embeddable":true,"href":"https:\/\/www.europesays.com\/fr\/wp-json\/wp\/v2\/users\/2"}],"replies":[{"embeddable":true,"href":"https:\/\/www.europesays.com\/fr\/wp-json\/wp\/v2\/comments?post=548169"}],"version-history":[{"count":0,"href":"https:\/\/www.europesays.com\/fr\/wp-json\/wp\/v2\/posts\/548169\/revisions"}],"wp:featuredmedia":[{"embeddable":true,"href":"https:\/\/www.europesays.com\/fr\/wp-json\/wp\/v2\/media\/548170"}],"wp:attachment":[{"href":"https:\/\/www.europesays.com\/fr\/wp-json\/wp\/v2\/media?parent=548169"}],"wp:term":[{"taxonomy":"category","embeddable":true,"href":"https:\/\/www.europesays.com\/fr\/wp-json\/wp\/v2\/categories?post=548169"},{"taxonomy":"post_tag","embeddable":true,"href":"https:\/\/www.europesays.com\/fr\/wp-json\/wp\/v2\/tags?post=548169"}],"curies":[{"name":"wp","href":"https:\/\/api.w.org\/{rel}","templated":true}]}}