{"id":548204,"date":"2025-11-21T02:52:15","date_gmt":"2025-11-21T02:52:15","guid":{"rendered":"https:\/\/www.europesays.com\/fr\/548204\/"},"modified":"2025-11-21T02:52:15","modified_gmt":"2025-11-21T02:52:15","slug":"zverev-bat-cerundolo-double-decisif-entre-lallemagne-et-largentine","status":"publish","type":"post","link":"https:\/\/www.europesays.com\/fr\/548204\/","title":{"rendered":"Zverev bat Cerundolo, double d\u00e9cisif entre l&rsquo;Allemagne et l&rsquo;Argentine"},"content":{"rendered":"<p data-testid=\"wcl-typoNewsPerex\" itemprop=\"description\">Le N.3 mondial Alexander Zverev a battu Francisco Cerundolo (21e) jeudi \u00e0 Bologne pour ramener l&rsquo;Allemagne \u00e0 hauteur de l&rsquo;Argentine (1-1) dans le dernier quart de finale de la Coupe Davis.<\/p>\n<p>Apr\u00e8s la victoire de <a href=\"https:\/\/www.flashscore.fr\/joueur\/etcheverry-tomas-martin\/AXL5qpKa\/\" data-analytics-element=\"ARTICLE_TEXT_LINK\" data-analytics-alias=\"internal\" rel=\"nofollow noopener\" target=\"_blank\">Tomas Martin Etcheverry<\/a> (60e) contre Jan-Lennard Struff (84e) dans le premier simple de la journ\u00e9e, le Hambourgeois de 28 ans s&rsquo;est impos\u00e9 6-4, 7-6 (7\/4) contre le N.1 argentin et les deux s\u00e9lections se d\u00e9partageront donc lors du double d\u00e9cisif.<\/p>\n<p>Selon les compositions d&rsquo;\u00e9quipe provisoires, d\u00e9voil\u00e9es avant le d\u00e9but du quart de finale, il devrait opposer la paire <a href=\"https:\/\/www.flashscore.fr\/equipe\/argentine\/vsSKkE1F\/\" data-analytics-element=\"ARTICLE_TEXT_LINK\" data-analytics-alias=\"internal\" rel=\"nofollow noopener\" target=\"_blank\">argentine<\/a> Horacio Zeballos (5e mondial en double)\/Andres Molteni (25e) et celle compos\u00e9e des Allemands Kevin Krawietz et Tim Puetz (11e ex aequo).<\/p>\n<p>Triple laur\u00e9ate de la comp\u00e9tition, l&rsquo;Allemagne tente jeudi de se qualifier pour sa deuxi\u00e8me demi-finale d&rsquo;affil\u00e9e en Coupe Davis.<\/p>\n<p>Sacr\u00e9e en 2016, l&rsquo;Argentine cherche elle \u00e0 retrouver le dernier carr\u00e9 pour la premi\u00e8re fois depuis l&rsquo;ann\u00e9e de son unique titre.<\/p>\n<p>Le vainqueur du duel affrontera samedi en demi-finales l&rsquo;Espagne, qualifi\u00e9e plus t\u00f4t dans la journ\u00e9e gr\u00e2ce \u00e0 sa victoire 2-1 contre la <a href=\"https:\/\/www.flashscore.fr\/equipe\/republique-tcheque\/OjRZ5cAf\/\" data-analytics-element=\"ARTICLE_TEXT_LINK\" data-analytics-alias=\"internal\" rel=\"nofollow noopener\" target=\"_blank\">R\u00e9publique tch\u00e8que<\/a>.<\/p>\n<p>L&rsquo;autre match du dernier carr\u00e9 mettra aux prises d\u00e8s vendredi les doubles tenants du titre italiens et la <a href=\"https:\/\/www.flashscore.fr\/equipe\/belgique\/6sFF8qyC\/\" data-analytics-element=\"ARTICLE_TEXT_LINK\" data-analytics-alias=\"internal\" rel=\"nofollow noopener\" target=\"_blank\">Belgique<\/a>.<\/p>\n","protected":false},"excerpt":{"rendered":"Le N.3 mondial Alexander Zverev a battu Francisco Cerundolo (21e) jeudi \u00e0 Bologne pour ramener l&rsquo;Allemagne \u00e0 hauteur&hellip;\n","protected":false},"author":2,"featured_media":548205,"comment_status":"","ping_status":"","sticky":false,"template":"","format":"standard","meta":{"footnotes":""},"categories":[1415],"tags":[1011,27,60,1467],"class_list":{"0":"post-548204","1":"post","2":"type-post","3":"status-publish","4":"format-standard","5":"has-post-thumbnail","7":"category-tennis","8":"tag-fr","9":"tag-france","10":"tag-sports","11":"tag-tennis"},"share_on_mastodon":{"url":"https:\/\/pubeurope.com\/@fr\/115585426620169555","error":""},"_links":{"self":[{"href":"https:\/\/www.europesays.com\/fr\/wp-json\/wp\/v2\/posts\/548204","targetHints":{"allow":["GET"]}}],"collection":[{"href":"https:\/\/www.europesays.com\/fr\/wp-json\/wp\/v2\/posts"}],"about":[{"href":"https:\/\/www.europesays.com\/fr\/wp-json\/wp\/v2\/types\/post"}],"author":[{"embeddable":true,"href":"https:\/\/www.europesays.com\/fr\/wp-json\/wp\/v2\/users\/2"}],"replies":[{"embeddable":true,"href":"https:\/\/www.europesays.com\/fr\/wp-json\/wp\/v2\/comments?post=548204"}],"version-history":[{"count":0,"href":"https:\/\/www.europesays.com\/fr\/wp-json\/wp\/v2\/posts\/548204\/revisions"}],"wp:featuredmedia":[{"embeddable":true,"href":"https:\/\/www.europesays.com\/fr\/wp-json\/wp\/v2\/media\/548205"}],"wp:attachment":[{"href":"https:\/\/www.europesays.com\/fr\/wp-json\/wp\/v2\/media?parent=548204"}],"wp:term":[{"taxonomy":"category","embeddable":true,"href":"https:\/\/www.europesays.com\/fr\/wp-json\/wp\/v2\/categories?post=548204"},{"taxonomy":"post_tag","embeddable":true,"href":"https:\/\/www.europesays.com\/fr\/wp-json\/wp\/v2\/tags?post=548204"}],"curies":[{"name":"wp","href":"https:\/\/api.w.org\/{rel}","templated":true}]}}