{"id":548225,"date":"2025-11-21T03:07:22","date_gmt":"2025-11-21T03:07:22","guid":{"rendered":"https:\/\/www.europesays.com\/fr\/548225\/"},"modified":"2025-11-21T03:07:22","modified_gmt":"2025-11-21T03:07:22","slug":"la-serrure-connectee-welock-smart-lock-u81-est-bradee-pour-le-black-friday","status":"publish","type":"post","link":"https:\/\/www.europesays.com\/fr\/548225\/","title":{"rendered":"La serrure connect\u00e9e WELOCK Smart Lock U81 est brad\u00e9e pour le Black Friday"},"content":{"rendered":"<p>                    <b>Le Black Friday est comme chaque ann\u00e9e, l&rsquo;occasion de renouveler son \u00e9quipement \u00e0 moindre co\u00fbt. WELOCK en profite pour casser les prix sur sa serrure connect\u00e9e Smart Lock U81, propos\u00e9e \u00e0 179\u00a0\u20ac au lieu de 249\u00a0\u20ac.<\/b><\/p>\n<p>                                                                                                                                                        <img decoding=\"async\" src=\"https:\/\/www.europesays.com\/fr\/wp-content\/uploads\/2025\/11\/f5a6312199_welock.webp.webp\" alt=\"WELOCK\" width=\"1200\" height=\"894\" loading=\"lazy\"\/>        <\/p>\n<p><a href=\"https:\/\/www.welock.com\/mac4BL17894U81\" layout=\"button\" target=\"_blank\" class=\"button\" rel=\"noopener\"> Serrure connect\u00e9e WELOCK Smart Lock U81 \u00e0 179 euros<\/a><\/p>\n<p>Une installation ultra-simple, et une s\u00e9curit\u00e9 maximale<\/p>\n<p>Et \u00e0 ce prix, il convient d&rsquo;en profiter. Car <b>la serrure U81 se distingue par sa polyvalence<\/b>\u00a0: elle propose <b>six m\u00e9thodes de d\u00e9verrouillage<\/b>, dont le capteur d\u2019empreinte, le PIN anti-peep, le badge RFID, l\u2019application Bluetooth, la cl\u00e9 m\u00e9canique et m\u00eame Alexa (avec une passerelle WiFi optionnelle). <\/p>\n<p>Elle peut stocker jusqu\u2019\u00e0 <b>100 empreintes, 200 codes PIN et pr\u00e8s de 200 cartes RFID<\/b>, avec une gestion avanc\u00e9e jusqu\u2019\u00e0 10 administrateurs et 190 utilisateurs\u00a0\u2014 id\u00e9al pour un foyer, un bureau ou une location courte dur\u00e9e.<\/p>\n<p>Certifi\u00e9e IP65, <b>la serrure r\u00e9siste aux intemp\u00e9ries et fonctionne entre\u00a0\u201325 \u00b0C et +60 \u00b0C. <\/b>Elle utilise <b>quatre piles AAA<\/b> pour une autonomie pouvant atteindre 12 mois, avec une alerte de batterie faible int\u00e9gr\u00e9e. En cas d\u2019urgence, un port USB externe permet d\u2019alimenter temporairement la serrure pour entrer.<\/p>\n<p>                                                                                                                                                        <img decoding=\"async\" src=\"https:\/\/www.europesays.com\/fr\/wp-content\/uploads\/2025\/11\/91dc871e49_la-serrure-connectee-welock-smart-lock-u81-est-bradee-pour-le-black-friday.webp.webp\" alt=\"La serrure connect\u00e9e WELOCK Smart Lock U81 est brad\u00e9e pour le Black Friday\" width=\"1200\" height=\"721\" loading=\"lazy\"\/>        <\/p>\n<p>En outre, la U81 reprend l\u2019ADN des produits WELOCK\u00a0: <b>une installation sans outils complexes, sans per\u00e7age, compatible avec la plupart des portes europ\u00e9ennes (\u00e9paisseur de 60 \u00e0 115 mm)<\/b>. La serrure n\u2019embarque pas de moteur\u00a0: apr\u00e8s authentification, l\u2019ouverture se fait avec le bouton rotatif interne, un syst\u00e8me m\u00e9canique souvent consid\u00e9r\u00e9 comme plus fiable et plus durable.<\/p>\n<p><b>WELOCK met \u00e9galement en avant plusieurs garanties tr\u00e8s int\u00e9ressantes, destin\u00e9es \u00e0 rassurer l\u2019utilisateur <\/b>: une livraison gratuite depuis les entrep\u00f4ts Europe &amp; UK, une garantie satisfait ou rembours\u00e9 30 jours, une garantie 2 ans sans tracas, un support client \u00e0 vie.<\/p>\n<p>        Promo Black Friday\u00a0: plus d\u2019avantages \u00e0 l\u2019achat<\/p>\n<p>WELOCK vise clairement \u00e0 simplifier l\u2019adoption de serrures connect\u00e9es, tout en garantissant un confort d\u2019utilisation et une s\u00e9curit\u00e9 renforc\u00e9e gr\u00e2ce au filtrage multi-modes. <b>La promo Black Friday est disponible pour une dur\u00e9e limit\u00e9e\u00a0\u2014 179\u00a0\u20ac avec le code VD70<a href=\"https:\/\/www.welock.com\/mac4BL17894U81\" target=\"_blank\" rel=\"noopener\"> en cliquant sur ce lien<\/a><\/b>. <\/p>\n<p><a href=\"https:\/\/www.welock.com\/mac4BL17894U81\" layout=\"button\" target=\"_blank\" class=\"button\" rel=\"noopener\"> Serrure connect\u00e9e WELOCK Smart Lock U81 \u00e0 179 euros<\/a><\/p>\n<p>                                                                                                                                                        <img decoding=\"async\" src=\"https:\/\/www.europesays.com\/fr\/wp-content\/uploads\/2025\/11\/2de3b4092e_la-serrure-connectee-welock-smart-lock-u81-est-bradee-pour-le-black-friday.webp.webp\" alt=\"La serrure connect\u00e9e WELOCK Smart Lock U81 est brad\u00e9e pour le Black Friday\" width=\"1200\" height=\"1080\" loading=\"lazy\"\/>\n                    <\/p>\n","protected":false},"excerpt":{"rendered":"Le Black Friday est comme chaque ann\u00e9e, l&rsquo;occasion de renouveler son \u00e9quipement \u00e0 moindre co\u00fbt. WELOCK en profite&hellip;\n","protected":false},"author":2,"featured_media":548226,"comment_status":"","ping_status":"","sticky":false,"template":"","format":"standard","meta":{"footnotes":""},"categories":[7],"tags":[1011,27,43,40,41,39,42,44,66595],"class_list":{"0":"post-548225","1":"post","2":"type-post","3":"status-publish","4":"format-standard","5":"has-post-thumbnail","7":"category-sciences-et-technologies","8":"tag-fr","9":"tag-france","10":"tag-science","11":"tag-science-and-technology","12":"tag-sciences","13":"tag-sciences-et-technologies","14":"tag-technologies","15":"tag-technology","16":"tag-welock"},"share_on_mastodon":{"url":"https:\/\/pubeurope.com\/@fr\/115585486062374230","error":""},"_links":{"self":[{"href":"https:\/\/www.europesays.com\/fr\/wp-json\/wp\/v2\/posts\/548225","targetHints":{"allow":["GET"]}}],"collection":[{"href":"https:\/\/www.europesays.com\/fr\/wp-json\/wp\/v2\/posts"}],"about":[{"href":"https:\/\/www.europesays.com\/fr\/wp-json\/wp\/v2\/types\/post"}],"author":[{"embeddable":true,"href":"https:\/\/www.europesays.com\/fr\/wp-json\/wp\/v2\/users\/2"}],"replies":[{"embeddable":true,"href":"https:\/\/www.europesays.com\/fr\/wp-json\/wp\/v2\/comments?post=548225"}],"version-history":[{"count":0,"href":"https:\/\/www.europesays.com\/fr\/wp-json\/wp\/v2\/posts\/548225\/revisions"}],"wp:featuredmedia":[{"embeddable":true,"href":"https:\/\/www.europesays.com\/fr\/wp-json\/wp\/v2\/media\/548226"}],"wp:attachment":[{"href":"https:\/\/www.europesays.com\/fr\/wp-json\/wp\/v2\/media?parent=548225"}],"wp:term":[{"taxonomy":"category","embeddable":true,"href":"https:\/\/www.europesays.com\/fr\/wp-json\/wp\/v2\/categories?post=548225"},{"taxonomy":"post_tag","embeddable":true,"href":"https:\/\/www.europesays.com\/fr\/wp-json\/wp\/v2\/tags?post=548225"}],"curies":[{"name":"wp","href":"https:\/\/api.w.org\/{rel}","templated":true}]}}