{"id":548298,"date":"2025-11-21T03:55:15","date_gmt":"2025-11-21T03:55:15","guid":{"rendered":"https:\/\/www.europesays.com\/fr\/548298\/"},"modified":"2025-11-21T03:55:15","modified_gmt":"2025-11-21T03:55:15","slug":"concessions-territoriales-reduction-militaire-et-enjeux-economiques-le-plan-americain-alarme-kiev","status":"publish","type":"post","link":"https:\/\/www.europesays.com\/fr\/548298\/","title":{"rendered":"Concessions territoriales, r\u00e9duction militaire et enjeux \u00e9conomiques, le plan am\u00e9ricain alarme Kiev"},"content":{"rendered":"<p>Le projet de paix pour r\u00e9soudre le <a href=\"https:\/\/www.20minutes.fr\/monde\/ukraine\/\" target=\"_blank\" class=\"c-link c-link--is-underlined\" rel=\"noopener\">conflit russo-ukrainien<\/a> pr\u00e9sent\u00e9 par les <a href=\"https:\/\/www.20minutes.fr\/monde\/etats-unis\/\" target=\"_blank\" class=\"c-link c-link--is-underlined\" rel=\"noopener\">Etats-Unis<\/a> surprend par l\u2019ampleur des concessions envisag\u00e9es \u00e0 la <a href=\"https:\/\/www.20minutes.fr\/monde\/russie\/\" target=\"_blank\" class=\"c-link c-link--is-underlined\" rel=\"noopener\">Russie<\/a>. Le document propose de reconna\u00eetre de facto <a href=\"https:\/\/www.20minutes.fr\/dossier\/donetsk\" target=\"_blank\" class=\"c-link c-link--is-underlined\" rel=\"noopener\">Donetsk<\/a>, Lougansk et la <a href=\"https:\/\/www.20minutes.fr\/dossier\/crimee\" target=\"_blank\" class=\"c-link c-link--is-underlined\" rel=\"noopener\">Crim\u00e9e<\/a> comme territoires russes, et de d\u00e9couper <a href=\"https:\/\/www.20minutes.fr\/monde\/kherson\/\" target=\"_blank\" class=\"c-link c-link--is-underlined\" rel=\"noopener\">Kherson<\/a> et Zaporijjia selon l\u2019actuelle ligne de front. Une orientation qui relance les inqui\u00e9tudes \u00e0 Kiev comme en Europe, alors que les combats se poursuivent sans rel\u00e2che dans l\u2019Est et le Sud du pays.<\/p>\n<p>Face \u00e0 ces propositions, <a href=\"https:\/\/www.20minutes.fr\/monde\/volodymyr-zelensky\/\" target=\"_blank\" class=\"c-link c-link--is-underlined\" rel=\"noopener\">Volodymyr Zelensky<\/a> a tenu \u00e0 rappeler les principes qui guident l\u2019Ukraine. \u00ab\u00a0L\u2019Ukraine a besoin de paix. [\u2026] Une paix digne, afin que les conditions soient respectueuses de notre ind\u00e9pendance, de notre souverainet\u00e9 et de la dignit\u00e9 du peuple ukrainien\u00a0\u00bb, a-t-il d\u00e9clar\u00e9 apr\u00e8s un entretien avec le secr\u00e9taire am\u00e9ricain \u00e0 l\u2019Arm\u00e9e, Daniel Driscoll. Le pr\u00e9sident ukrainien doit \u00e9galement \u00e9changer \u00ab\u00a0dans les prochains jours\u00a0\u00bb avec <a href=\"https:\/\/www.20minutes.fr\/dossier\/donald_trump\" target=\"_blank\" class=\"c-link c-link--is-underlined\" rel=\"noopener\">Donald Trump<\/a>, que la Maison-Blanche pr\u00e9sente comme favorable au projet.<\/p>\n<\/p>\n<p>Pas de troupes de l\u2019Otan en Ukraine<\/p>\n<p>Selon la porte-parole Karoline Leavitt, Washington aurait consult\u00e9 \u00ab\u00a0autant les Ukrainiens que les Russes\u00a0\u00bb pour \u00e9laborer ce texte. Le plan fixe notamment un plafond de 600.000 militaires pour l\u2019<a href=\"https:\/\/www.20minutes.fr\/monde\/armee\/\" target=\"_blank\" class=\"c-link c-link--is-underlined\" rel=\"noopener\">arm\u00e9e ukrainienne<\/a>, interdit le stationnement de forces de l\u2019<a href=\"https:\/\/www.20minutes.fr\/monde\/otan\/\" target=\"_blank\" class=\"c-link c-link--is-underlined\" rel=\"noopener\">Otan<\/a> sur le territoire ukrainien et pr\u00e9voit la pr\u00e9sence d\u2019avions de combat europ\u00e9ens en Pologne. Toutefois, si la Russie envahissait \u00e0 nouveau l&rsquo;Ukraine, elle ferait face, toujours selon le projet, \u00e0 une r\u00e9ponse militaire \u00ab coordonn\u00e9e \u00bb et se verrait \u00e0 nouveau imposer des sanctions internationales. Enfin, <a href=\"https:\/\/www.20minutes.fr\/dossier\/kiev\" target=\"_blank\" class=\"c-link c-link--is-underlined\" rel=\"noopener\">Kiev<\/a> renoncerait \u00e0 rejoindre l\u2019Otan, tout en conservant son statut \u00ab\u00a0\u00e9ligible\u00a0\u00bb \u00e0 une future adh\u00e9sion \u00e0 l\u2019<a href=\"https:\/\/www.20minutes.fr\/dossier\/ue\" target=\"_blank\" class=\"c-link c-link--is-underlined\" rel=\"noopener\">Union europ\u00e9enne<\/a>.<\/p>\n<p><a href=\"https:\/\/www.20minutes.fr\/monde\/ukraine\/\" target=\"_blank\" class=\"c-link c-btn c-btn--primary\" rel=\"noopener\">Notre dossier sur la guerre en Ukraine<\/a><\/p>\n<p>Le projet am\u00e9ricain inclut aussi un volet financier et \u00e9nerg\u00e9tique ambitieux. La reconstruction de l\u2019Ukraine serait financ\u00e9e par 100\u00a0milliards de dollars issus d\u2019avoirs russes gel\u00e9s. La <a href=\"https:\/\/www.20minutes.fr\/dossier\/centrale_nucleaire\" target=\"_blank\" class=\"c-link c-link--is-underlined\" rel=\"noopener\">centrale nucl\u00e9aire<\/a> de Zaporijjia serait remise en service sous la supervision de l\u2019<a href=\"https:\/\/www.20minutes.fr\/monde\/aiea\/\" target=\"_blank\" class=\"c-link c-link--is-underlined\" rel=\"noopener\">AIEA<\/a>, avec un partage de production \u00e0 parts \u00e9gales entre Kiev et Moscou. A Kiev, certains responsables regrettent toutefois que les obligations pesant sur la Russie restent \u00ab\u00a0pas claires\u00a0\u00bb.<\/p>\n<p>Alors que les lignes militaires \u00e9voluent et que les n\u00e9gociations se multiplient, les prochaines semaines diront si ce projet peut r\u00e9ellement servir de base \u00e0 un accord acceptable pour les diff\u00e9rentes parties.<\/p>\n","protected":false},"excerpt":{"rendered":"Le projet de paix pour r\u00e9soudre le conflit russo-ukrainien pr\u00e9sent\u00e9 par les Etats-Unis surprend par l\u2019ampleur des concessions&hellip;\n","protected":false},"author":2,"featured_media":548299,"comment_status":"","ping_status":"","sticky":false,"template":"","format":"standard","meta":{"footnotes":""},"categories":[1590],"tags":[47,11,10733,1813,13469,75,29539,73,1777,674,131,28370,74,12,136,2403,132,220,135,134],"class_list":{"0":"post-548298","1":"post","2":"type-post","3":"status-publish","4":"format-standard","5":"has-post-thumbnail","7":"category-ukraine","8":"tag-actualite","9":"tag-actualites","10":"tag-aiea","11":"tag-armee","12":"tag-crimee","13":"tag-donald-trump","14":"tag-donetsk","15":"tag-etats-unis","16":"tag-eu","17":"tag-europe","18":"tag-guerre-en-ukraine","19":"tag-kherson","20":"tag-monde","21":"tag-news","22":"tag-otan","23":"tag-paix","24":"tag-russie","25":"tag-ukraine","26":"tag-vladimir-poutine","27":"tag-volodymyr-zelensky"},"share_on_mastodon":{"url":"https:\/\/pubeurope.com\/@fr\/115585674391201974","error":""},"_links":{"self":[{"href":"https:\/\/www.europesays.com\/fr\/wp-json\/wp\/v2\/posts\/548298","targetHints":{"allow":["GET"]}}],"collection":[{"href":"https:\/\/www.europesays.com\/fr\/wp-json\/wp\/v2\/posts"}],"about":[{"href":"https:\/\/www.europesays.com\/fr\/wp-json\/wp\/v2\/types\/post"}],"author":[{"embeddable":true,"href":"https:\/\/www.europesays.com\/fr\/wp-json\/wp\/v2\/users\/2"}],"replies":[{"embeddable":true,"href":"https:\/\/www.europesays.com\/fr\/wp-json\/wp\/v2\/comments?post=548298"}],"version-history":[{"count":0,"href":"https:\/\/www.europesays.com\/fr\/wp-json\/wp\/v2\/posts\/548298\/revisions"}],"wp:featuredmedia":[{"embeddable":true,"href":"https:\/\/www.europesays.com\/fr\/wp-json\/wp\/v2\/media\/548299"}],"wp:attachment":[{"href":"https:\/\/www.europesays.com\/fr\/wp-json\/wp\/v2\/media?parent=548298"}],"wp:term":[{"taxonomy":"category","embeddable":true,"href":"https:\/\/www.europesays.com\/fr\/wp-json\/wp\/v2\/categories?post=548298"},{"taxonomy":"post_tag","embeddable":true,"href":"https:\/\/www.europesays.com\/fr\/wp-json\/wp\/v2\/tags?post=548298"}],"curies":[{"name":"wp","href":"https:\/\/api.w.org\/{rel}","templated":true}]}}