{"id":548312,"date":"2025-11-21T04:03:16","date_gmt":"2025-11-21T04:03:16","guid":{"rendered":"https:\/\/www.europesays.com\/fr\/548312\/"},"modified":"2025-11-21T04:03:16","modified_gmt":"2025-11-21T04:03:16","slug":"traitres-peine-de-mort-cest-quoi-cette-histoire-de-desobeissance-des-militaires-qui-rend-trump-furieux","status":"publish","type":"post","link":"https:\/\/www.europesays.com\/fr\/548312\/","title":{"rendered":"\u00ab\u00a0Tra\u00eetres\u00a0\u00bb, \u00ab\u00a0peine de mort\u00a0\u00bb\u2026 C\u2019est quoi cette histoire de d\u00e9sob\u00e9issance des militaires qui rend Trump furieux\u00a0?"},"content":{"rendered":"<p><a href=\"https:\/\/www.20minutes.fr\/monde\/etats-unis\/4186223-20251118-etats-unis-mots-plus-prononces-trump-discours\" class=\"c-link c-link--is-underlined\" target=\"_blank\" rel=\"noopener\">Jamais dans la dentelle<\/a> quand il s\u2019agit de s\u2019en prendre \u00e0 ses adversaires, <a href=\"https:\/\/www.20minutes.fr\/dossier\/donald_trump\" class=\"c-link c-link--is-underlined\" target=\"_blank\" rel=\"noopener\">Donald Trump<\/a> a perdu ses nerfs qualifiant de \u00ab\u00a0TRA\u00ceTRES\u00a0!!!\u00a0\u00bb des \u00e9lus <a href=\"https:\/\/www.20minutes.fr\/dossier\/democrates\" class=\"c-link c-link--is-underlined\" target=\"_blank\" rel=\"noopener\">d\u00e9mocrates<\/a>. Il les a \u00e9galement accus\u00e9s de \u00ab\u00a0COMPORTEMENT SEDITIEUX passible de la peine de MORT\u00a0!\u00a0\u00bb.<\/p>\n<p>Ces \u00e9lus d\u00e9mocrates \u00e0 la Chambre des repr\u00e9sentants et au S\u00e9nat, ayant eux-m\u00eames servi dans l\u2019arm\u00e9e ou les services secrets, ont publi\u00e9 sur X une vid\u00e9o dans laquelle ils lancent \u00e0 l\u2019intention des militaires et des agents du renseignement\u00a0: \u00ab\u00a0Vous pouvez refuser les ordres ill\u00e9gaux.\u00a0\u00bb<\/p>\n<\/p>\n<p>\u00ab\u00a0Ceci est vraiment mauvais et dangereux pour notre pays\u00a0\u00bb, a r\u00e9agi le pr\u00e9sident am\u00e9ricain sur son r\u00e9seau Truth Social. \u00ab\u00a0COMPORTEMENT SEDITIEUX VENU DE TRA\u00ceTRES\u00a0!!! ENFERMEZ-LES\u00a0???\u00a0\u00bb, a ajout\u00e9 Donald Trump.<\/p>\n<p>Menace interne<\/p>\n<p>Dans leur vid\u00e9o diffus\u00e9e mardi, ces six d\u00e9mocrates estiment que \u00ab\u00a0cette administration oppose nos militaires en uniforme et nos professionnels du renseignement aux citoyens am\u00e9ricains\u00a0\u00bb.<\/p>\n<p><a href=\"https:\/\/www.20minutes.fr\/dossier\/donald_trump\" class=\"c-link c-btn c-btn--primary\" target=\"_blank\" rel=\"noopener\">Tout notre dossier sur Donald Trump<\/a><\/p>\n<p>\u00ab\u00a0Aujourd\u2019hui, les menaces contre notre Constitution ne viennent pas seulement de l\u2019\u00e9tranger, mais aussi d\u2019ici, chez nous\u00a0\u00bb, d\u00e9noncent ces \u00e9lus, dont le s\u00e9nateur Mark Kelly, un ancien membre de la marine am\u00e9ricaine et astronaute de la Nasa, ou la s\u00e9natrice Elissa Slotkin, qui a servi pour la <a href=\"https:\/\/www.20minutes.fr\/monde\/cia\/\" class=\"c-link c-link--is-underlined\" target=\"_blank\" rel=\"noopener\">CIA <\/a>en <a href=\"https:\/\/www.20minutes.fr\/monde\/irak\/\" class=\"c-link c-link--is-underlined\" target=\"_blank\" rel=\"noopener\">Irak<\/a>.<\/p>\n<p>Les \u00e9lus d\u00e9mocrates ne pr\u00e9cisent pas dans leur vid\u00e9o \u00e0 quels ordres ils font r\u00e9f\u00e9rence, mais Donald Trump et son fid\u00e8le alli\u00e9 au Pentagone, le ministre Pete Hegseth, sont critiqu\u00e9s <a href=\"https:\/\/www.20minutes.fr\/monde\/etats-unis\/4178334-20251009-etats-unis-trump-envoie-500-soldats-garde-nationale-chicago-fond-tension-politique-migratoire\" class=\"c-link c-link--is-underlined\" target=\"_blank\" rel=\"noopener\">pour leur utilisation des forces arm\u00e9es<\/a>, tant aux Etats-Unis qu\u2019\u00e0 l\u2019\u00e9tranger.<\/p>\n","protected":false},"excerpt":{"rendered":"Jamais dans la dentelle quand il s\u2019agit de s\u2019en prendre \u00e0 ses adversaires, Donald Trump a perdu ses&hellip;\n","protected":false},"author":2,"featured_media":548313,"comment_status":"","ping_status":"","sticky":false,"template":"","format":"standard","meta":{"footnotes":""},"categories":[2],"tags":[47,11,75,73,1011,27,3579,74,12,23893,23892,942,25],"class_list":{"0":"post-548312","1":"post","2":"type-post","3":"status-publish","4":"format-standard","5":"has-post-thumbnail","7":"category-actualites","8":"tag-actualite","9":"tag-actualites","10":"tag-donald-trump","11":"tag-etats-unis","12":"tag-fr","13":"tag-france","14":"tag-militaire","15":"tag-monde","16":"tag-news","17":"tag-parti-democrate-usa","18":"tag-parti-republicain-usa","19":"tag-peine-de-mort","20":"tag-republique-francaise"},"share_on_mastodon":{"url":"https:\/\/pubeurope.com\/@fr\/115585705834035150","error":""},"_links":{"self":[{"href":"https:\/\/www.europesays.com\/fr\/wp-json\/wp\/v2\/posts\/548312","targetHints":{"allow":["GET"]}}],"collection":[{"href":"https:\/\/www.europesays.com\/fr\/wp-json\/wp\/v2\/posts"}],"about":[{"href":"https:\/\/www.europesays.com\/fr\/wp-json\/wp\/v2\/types\/post"}],"author":[{"embeddable":true,"href":"https:\/\/www.europesays.com\/fr\/wp-json\/wp\/v2\/users\/2"}],"replies":[{"embeddable":true,"href":"https:\/\/www.europesays.com\/fr\/wp-json\/wp\/v2\/comments?post=548312"}],"version-history":[{"count":0,"href":"https:\/\/www.europesays.com\/fr\/wp-json\/wp\/v2\/posts\/548312\/revisions"}],"wp:featuredmedia":[{"embeddable":true,"href":"https:\/\/www.europesays.com\/fr\/wp-json\/wp\/v2\/media\/548313"}],"wp:attachment":[{"href":"https:\/\/www.europesays.com\/fr\/wp-json\/wp\/v2\/media?parent=548312"}],"wp:term":[{"taxonomy":"category","embeddable":true,"href":"https:\/\/www.europesays.com\/fr\/wp-json\/wp\/v2\/categories?post=548312"},{"taxonomy":"post_tag","embeddable":true,"href":"https:\/\/www.europesays.com\/fr\/wp-json\/wp\/v2\/tags?post=548312"}],"curies":[{"name":"wp","href":"https:\/\/api.w.org\/{rel}","templated":true}]}}