{"id":548318,"date":"2025-11-21T04:08:12","date_gmt":"2025-11-21T04:08:12","guid":{"rendered":"https:\/\/www.europesays.com\/fr\/548318\/"},"modified":"2025-11-21T04:08:12","modified_gmt":"2025-11-21T04:08:12","slug":"atp-patrick-mouratoglou-si-je-devais-donner-un-conseil-au-fils-de-novak-djokovic-je-lui-dirais-de-ne-jamais-essayer-de-devenir-joueur-de-tennis-professionnel-non-pas-parce-quil-na-pas-de-tale","status":"publish","type":"post","link":"https:\/\/www.europesays.com\/fr\/548318\/","title":{"rendered":"ATP > Patrick Mouratoglou : \u00ab\u00a0Si je devais donner un conseil au fils de Novak Djokovic, je lui dirais de ne jamais essayer de devenir joueur de tennis professionnel. Non pas parce qu&rsquo;il n&rsquo;a pas de talent, mais parce que la montagne qu&rsquo;il doit gravir est irr\u00e9elle\u00a0\u00bb"},"content":{"rendered":"<p>Alors que Novak Djokovic a r\u00e9cem\u00adment d\u00e9clar\u00e9 qu\u2019il n\u2019emp\u00eacherait pas son fils, Stefan, de choisir une carri\u00e8re de joueur de tennis profes\u00adsionnel, Patrick Mouratoglou a tenu \u00e0 r\u00e9agir aux propos de Serbe dans un texte publi\u00e9 sur <a href=\"https:\/\/www.linkedin.com\/posts\/patrickmouratoglou_djokovic-parentinginsport-sportsparenting-activity-7396859857607319552-T-_o?utm_source=share&amp;utm_medium=member_ios&amp;rcm=ACoAACTLaQEB2vsHnLl2-4ye5zRUwo1ZU9M-1us\" data-wpel-link=\"external\" target=\"_blank\" rel=\"nofollow external noopener\">son compte Linkedin<\/a>. <\/p>\n<p><strong>\u00ab\u202fLorsque Novak Djokovic dit qu\u2019il veut \u00eatre le p\u00e8re de son fils, et non son entra\u00ee\u00adneur, il touche au c\u0153ur du plus grand d\u00e9fi pour tout parent dans le domaine du sport\u00a0: savoir o\u00f9 se trouve la limite. La plupart des parents la fran\u00adchissent sans m\u00eame s\u2019en rendre compte. La semaine derni\u00e8re, dans le podcast de Piers Morgan, Novak Djokovic a dit quelque chose d\u2019in\u00adcroya\u00adble\u00adment sage \u00e0 propos de son fils, qui a \u00ab\u202fde bons g\u00e8nes pour le tennis\u202f\u00bb et qui est passionn\u00e9 par ce sport\u00a0: \u00ab\u202fJe veux \u00eatre son p\u00e8re. Je ne veux pas \u00eatre son entra\u00ee\u00adneur. Et je pense que tous les parents dans le sport devraient \u00e9couter cela. Tout ce que Novak a dit est parfai\u00adte\u00adment logique. Si je devais donner un conseil \u00e0 son fils, je ne lui dirais jamais d\u2019es\u00adsayer de devenir joueur de tennis profes\u00adsionnel. Non pas parce qu\u2019il n\u2019a pas de talent, mais parce que la montagne qu\u2019il doit gravir est irr\u00e9elle.\u202f\u00bb<\/strong><\/p>\n<p class=\"post-published-date\" style=\"color: silver; font-size: 75%; text-align: left;\">Publi\u00e9 le jeudi 20 novembre 2025 \u00e0 14:14<\/p>\n","protected":false},"excerpt":{"rendered":"Alors que Novak Djokovic a r\u00e9cem\u00adment d\u00e9clar\u00e9 qu\u2019il n\u2019emp\u00eacherait pas son fils, Stefan, de choisir une carri\u00e8re de&hellip;\n","protected":false},"author":2,"featured_media":20753,"comment_status":"","ping_status":"","sticky":false,"template":"","format":"standard","meta":{"footnotes":""},"categories":[1415],"tags":[105,1011,27,60,1467],"class_list":{"0":"post-548318","1":"post","2":"type-post","3":"status-publish","4":"format-standard","5":"has-post-thumbnail","7":"category-tennis","8":"tag-djokovic","9":"tag-fr","10":"tag-france","11":"tag-sports","12":"tag-tennis"},"share_on_mastodon":{"url":"https:\/\/pubeurope.com\/@fr\/115585725477093718","error":""},"_links":{"self":[{"href":"https:\/\/www.europesays.com\/fr\/wp-json\/wp\/v2\/posts\/548318","targetHints":{"allow":["GET"]}}],"collection":[{"href":"https:\/\/www.europesays.com\/fr\/wp-json\/wp\/v2\/posts"}],"about":[{"href":"https:\/\/www.europesays.com\/fr\/wp-json\/wp\/v2\/types\/post"}],"author":[{"embeddable":true,"href":"https:\/\/www.europesays.com\/fr\/wp-json\/wp\/v2\/users\/2"}],"replies":[{"embeddable":true,"href":"https:\/\/www.europesays.com\/fr\/wp-json\/wp\/v2\/comments?post=548318"}],"version-history":[{"count":0,"href":"https:\/\/www.europesays.com\/fr\/wp-json\/wp\/v2\/posts\/548318\/revisions"}],"wp:featuredmedia":[{"embeddable":true,"href":"https:\/\/www.europesays.com\/fr\/wp-json\/wp\/v2\/media\/20753"}],"wp:attachment":[{"href":"https:\/\/www.europesays.com\/fr\/wp-json\/wp\/v2\/media?parent=548318"}],"wp:term":[{"taxonomy":"category","embeddable":true,"href":"https:\/\/www.europesays.com\/fr\/wp-json\/wp\/v2\/categories?post=548318"},{"taxonomy":"post_tag","embeddable":true,"href":"https:\/\/www.europesays.com\/fr\/wp-json\/wp\/v2\/tags?post=548318"}],"curies":[{"name":"wp","href":"https:\/\/api.w.org\/{rel}","templated":true}]}}