{"id":548369,"date":"2025-11-21T04:43:16","date_gmt":"2025-11-21T04:43:16","guid":{"rendered":"https:\/\/www.europesays.com\/fr\/548369\/"},"modified":"2025-11-21T04:43:16","modified_gmt":"2025-11-21T04:43:16","slug":"video-pourquoi-des-etudiants-ont-bloque-deux-lycees-du-centre-ville-de-strasbourg-ce-jeudi","status":"publish","type":"post","link":"https:\/\/www.europesays.com\/fr\/548369\/","title":{"rendered":"VIDEO. Pourquoi des \u00e9tudiants ont bloqu\u00e9 deux lyc\u00e9es du centre-ville de Strasbourg ce jeudi"},"content":{"rendered":"<p>                    Par<br \/>\n        <strong><br \/>\n            <a href=\"https:\/\/actu.fr\/auteur\/thomas-blanc\" title=\"Consulter tous les articles de Thomas Blanc\" target=\"_blank\" rel=\"noopener\">Thomas Blanc<\/a><br \/>\n                    <\/strong><\/p>\n<p>        Publi\u00e9 le<\/p>\n<p>            20 nov. 2025 \u00e0 13h58        <\/p>\n<p>Ce jeudi 20\u00a0novembre \u00e0 <a href=\"https:\/\/actu.fr\/strasbourg\/\" target=\"_blank\" rel=\"noopener\">Strasbourg<\/a>, des lyc\u00e9ens, venus de plusieurs \u00e9tablissements, ont bloqu\u00e9 l\u2019entr\u00e9e de deux lyc\u00e9es du centre-ville de la capitale alsacienne. Cela, dans le cadre d\u2019une <a href=\"https:\/\/actu.fr\/tag\/manifestations\" target=\"_blank\" rel=\"noopener\">manifestation<\/a> d\u00e9crite comme<strong> anticolonialiste<\/strong> et <strong>anti-r\u00e9pression polici\u00e8re.<\/strong><\/p>\n<p>    <a href=\"https:\/\/www.google.com\/maps\/embed?pb=!1m18!1m12!1m3!1d1358.3943166634017!2d7.751954069188904!3d48.58214038141226!2m3!1f0!2f0!3f0!3m2!1i1024!2i768!4f13.1!3m3!1m2!1s0x4796c85390160c47%3A0x64473698b9aec802!2sLyc%C3%A9e%20Fustel-de-Coulanges!5e0!3m2!1sfr!2sfr!4v1763637801471!5m2!1sfr!2sfr\" title=\"Ouvrie le lien\" target=\"_blank\" rel=\"noopener\">Cliquez ici pour visualiser le contenu<\/a><\/p>\n<p>Deux lyc\u00e9es de Strasbourg bloqu\u00e9s par des \u00e9l\u00e8ves<\/p>\n<p class=\" wall-content\">C\u2019est entre 9h et 10h du matin que la manifestation s\u2019est form\u00e9e devant le lyc\u00e9e des Pontonniers,<strong> en bloquant les acc\u00e8s<\/strong>.<\/p>\n<p class=\" wall-content\">La police a dispers\u00e9 ce premier rassemblement qui s\u2019est ensuite poursuivi au lyc\u00e9e <strong>Fustel-de-Coulanges<\/strong>.<\/p>\n<p class=\" wall-content\">\n<p>Pour les pays colonis\u00e9s et contre la r\u00e9pression des forces de l\u2019ordre<\/p>\n<p class=\" wall-content\">\u00ab\u2009On est l\u00e0 <strong>pour les pays colonis\u00e9s<\/strong>\u2009\u00bb, raconte Mathieu*, \u00e9l\u00e8ve au lyc\u00e9e Marie Curie \u00e0 l\u2019Esplanade, mais pr\u00e9sent place du Ch\u00e2teau. \u00ab\u2009Lors de la manif\u2019 du 10 septembre, les policiers ont fait usage de la force, <strong>nous ont gaz\u00e9s<\/strong> et plusieurs \u00e9l\u00e8ves ont \u00e9t\u00e9 <strong>en garde \u00e0 vue<\/strong>. On trouve \u00e7a abus\u00e9 face \u00e0 nos <strong>rassemblements pacifistes<\/strong>, donc on proteste contre cela aussi\u2009\u00bb, pr\u00e9cise Mayssale, qui prend \u00e9galement part \u00e0 la manifestation.<\/p>\n<p class=\" wall-content\">La mobilisation, organis\u00e9e \u00e0 l\u2019initiative d\u2019un groupe de lyc\u00e9ens en ligne, s\u2019est dispers\u00e9e aux alentours de midi avant de se reformer \u00e0 nouveau devant les Pontonniers, o\u00f9 les forces de l\u2019ordre sont rapidement intervenues <strong>pour faire partir les manifestants<\/strong>.<\/p>\n<p>Votre r\u00e9gion, votre actu !<\/p>\n<p>Recevez chaque jour les infos qui comptent pour vous.<\/p>\n<p>\t<a href=\"https:\/\/actu.fr\/newsletter\" class=\"ac-btn ac-btn--corner ac-btn--medium ac-btn--blue800\" target=\"_blank\" rel=\"noopener\">S&rsquo;incrire<\/a><\/p>\n<p class=\" wall-content\">\n<p class=\" wall-content\">*Le pr\u00e9nom a \u00e9t\u00e9 modifi\u00e9.<\/p>\n<p class=\" wall-content\">Personnalisez votre actualit\u00e9 en ajoutant vos villes et m\u00e9dias en favori avec <a href=\"https:\/\/moncompte.actu.fr\" title=\"D\u00e9couvez Mon Actu\" rel=\"nofollow noopener\" data-trk=\"{&quot;cta&quot;:{&quot;action&quot;:&quot;https:\\\/\\\/moncompte.actu.fr&quot;,&quot;category&quot;:&quot;mon compte&quot;,&quot;from&quot;:&quot;article footer&quot;,&quot;name&quot;:&quot;Mon actu&quot;,&quot;type&quot;:&quot;cta&quot;}}\" target=\"_blank\">Mon Actu<\/a>.<\/p>\n","protected":false},"excerpt":{"rendered":"Par Thomas Blanc Publi\u00e9 le 20 nov. 2025 \u00e0 13h58 Ce jeudi 20\u00a0novembre \u00e0 Strasbourg, des lyc\u00e9ens, venus&hellip;\n","protected":false},"author":2,"featured_media":548370,"comment_status":"","ping_status":"","sticky":false,"template":"","format":"standard","meta":{"footnotes":""},"categories":[2820],"tags":[1111,11,1064,1777,674,1011,27,775,1272,12,1072,25,104,640],"class_list":{"0":"post-548369","1":"post","2":"type-post","3":"status-publish","4":"format-standard","5":"has-post-thumbnail","7":"category-strasbourg","8":"tag-actu","9":"tag-actualites","10":"tag-etudiantses","11":"tag-eu","12":"tag-europe","13":"tag-fr","14":"tag-france","15":"tag-grand-est","16":"tag-manifestations","17":"tag-news","18":"tag-police","19":"tag-republique-francaise","20":"tag-societe","21":"tag-strasbourg"},"share_on_mastodon":{"url":"https:\/\/pubeurope.com\/@fr\/115585863392044553","error":""},"_links":{"self":[{"href":"https:\/\/www.europesays.com\/fr\/wp-json\/wp\/v2\/posts\/548369","targetHints":{"allow":["GET"]}}],"collection":[{"href":"https:\/\/www.europesays.com\/fr\/wp-json\/wp\/v2\/posts"}],"about":[{"href":"https:\/\/www.europesays.com\/fr\/wp-json\/wp\/v2\/types\/post"}],"author":[{"embeddable":true,"href":"https:\/\/www.europesays.com\/fr\/wp-json\/wp\/v2\/users\/2"}],"replies":[{"embeddable":true,"href":"https:\/\/www.europesays.com\/fr\/wp-json\/wp\/v2\/comments?post=548369"}],"version-history":[{"count":0,"href":"https:\/\/www.europesays.com\/fr\/wp-json\/wp\/v2\/posts\/548369\/revisions"}],"wp:featuredmedia":[{"embeddable":true,"href":"https:\/\/www.europesays.com\/fr\/wp-json\/wp\/v2\/media\/548370"}],"wp:attachment":[{"href":"https:\/\/www.europesays.com\/fr\/wp-json\/wp\/v2\/media?parent=548369"}],"wp:term":[{"taxonomy":"category","embeddable":true,"href":"https:\/\/www.europesays.com\/fr\/wp-json\/wp\/v2\/categories?post=548369"},{"taxonomy":"post_tag","embeddable":true,"href":"https:\/\/www.europesays.com\/fr\/wp-json\/wp\/v2\/tags?post=548369"}],"curies":[{"name":"wp","href":"https:\/\/api.w.org\/{rel}","templated":true}]}}