{"id":548395,"date":"2025-11-21T04:59:18","date_gmt":"2025-11-21T04:59:18","guid":{"rendered":"https:\/\/www.europesays.com\/fr\/548395\/"},"modified":"2025-11-21T04:59:18","modified_gmt":"2025-11-21T04:59:18","slug":"lyon-grosse-surprise-le-celebre-artiste-dj-snake-annonce-en-concert-dans-un-grand-stade","status":"publish","type":"post","link":"https:\/\/www.europesays.com\/fr\/548395\/","title":{"rendered":"Lyon. Grosse surprise, le c\u00e9l\u00e8bre artiste DJ Snake annonc\u00e9 en concert dans un grand stade"},"content":{"rendered":"<p>                    Par<br \/>\n        <strong><br \/>\n            <a href=\"https:\/\/actu.fr\/auteur\/anthony-soudani\" title=\"Consulter tous les articles de Anthony Soudani\" target=\"_blank\" rel=\"noopener\">Anthony Soudani<\/a><br \/>\n                    <\/strong><\/p>\n<p>        Publi\u00e9 le<\/p>\n<p>            20 nov. 2025 \u00e0 17h08<br \/>\n        ; mis \u00e0 jour le 20 nov. 2025 \u00e0 18h10    <\/p>\n<p>Le c\u00e9l\u00e8bre artiste fran\u00e7ais connu \u00e0 l\u2019international, <strong>DJ Snake<\/strong>, est annonc\u00e9 en concert pour la premi\u00e8re \u00e9dition du Positiv festival au Matmut Stadium de <a href=\"https:\/\/actu.fr\/lyon\/\" target=\"_blank\" rel=\"noopener\">Lyon<\/a>. Il se produira le 27 juin 2026 dans l\u2019enceinte du Lou Rugby, \u00e0 Gerland.\u00a0<\/p>\n<p>Ouverture de la billetterie vendredi<\/p>\n<p class=\" wall-content\"><a href=\"https:\/\/actu.fr\/centre-val-de-loire\/chambord_41034\/chambord-live-dj-snake-rejoint-la-programmation-au-chateau-de-chambord-apres-orelsan_63431530.html\" target=\"_blank\" rel=\"noopener\">DJ Snake<\/a> pr\u00e9sentera son show \u00ab\u00a0Pardon my french\u00a0\u00bb. La billetterie ouvre \u00e0 partir de ce vendredi 21 novembre \u00e0 10h. Les billets, dont les prix n\u2019ont pas \u00e9t\u00e9 d\u00e9voil\u00e9s, risquent de s\u2019arracher.<\/p>\n<p class=\" wall-content\"><a href=\"https:\/\/www.instagram.com\/p\/DRRb8IODFbn\/embed\" title=\"Ouvrir le lien sur Instagram\" target=\"_blank\" rel=\"noopener\">Visualiser le contenu sur Instagram<\/a><\/p>\n<p class=\" wall-content\">En effet, en mai 2025, DJ Snake a marqu\u00e9 l\u2019histoire. Il avait rempli les 80 000 places du Stade de France. Ce qui n\u2019avait jamais \u00e9t\u00e9 fait par un DJ.<\/p>\n<p class=\" wall-content\">Fort de ses \u00e9ditions r\u00e9ussies \u00e0 Orange et de son format winter \u00e0 l\u2019Arena d\u2019Aix, l\u2019univers Positiv continue de s\u2019\u00e9tendre. \u00ab\u00a0L\u2019objectif \u00e0 Lyon est clair : cr\u00e9er un rendez-vous annuel fort, capable de r\u00e9unir un large public en proposant une programmation riche et vari\u00e9e\u00a0\u00bb, affirment les organisateurs.<\/p>\n<p class=\" wall-content\"><strong>Voici le lien<\/strong> de la <a href=\"https:\/\/positivfestival.fr\/billetterie-dj-snake\/\" target=\"_blank\" rel=\"noopener\">billetterie<\/a> pour tenter d\u2019assister au concert de DJ Snake \u00e0 Lyon.<\/p>\n<p class=\" wall-content\">Personnalisez votre actualit\u00e9 en ajoutant vos villes et m\u00e9dias en favori avec <a href=\"https:\/\/moncompte.actu.fr\" title=\"D\u00e9couvez Mon Actu\" rel=\"nofollow noopener\" data-trk=\"{&quot;cta&quot;:{&quot;action&quot;:&quot;https:\\\/\\\/moncompte.actu.fr&quot;,&quot;category&quot;:&quot;mon compte&quot;,&quot;from&quot;:&quot;article footer&quot;,&quot;name&quot;:&quot;Mon actu&quot;,&quot;type&quot;:&quot;cta&quot;}}\" target=\"_blank\">Mon Actu<\/a>.<\/p>\n<p>                    <script async src=\"\/\/www.instagram.com\/embed.js\"><\/script><\/p>\n","protected":false},"excerpt":{"rendered":"Par Anthony Soudani Publi\u00e9 le 20 nov. 2025 \u00e0 17h08 ; mis \u00e0 jour le 20 nov. 2025&hellip;\n","protected":false},"author":2,"featured_media":548396,"comment_status":"","ping_status":"","sticky":false,"template":"","format":"standard","meta":{"footnotes":""},"categories":[1889],"tags":[1111,11,2430,1697,1777,674,849,1011,27,5303,1652,2428,12,25],"class_list":{"0":"post-548395","1":"post","2":"type-post","3":"status-publish","4":"format-standard","5":"has-post-thumbnail","7":"category-lyon","8":"tag-actu","9":"tag-actualites","10":"tag-auvergne-rhone-alpes","11":"tag-concert","12":"tag-eu","13":"tag-europe","14":"tag-festival","15":"tag-fr","16":"tag-france","17":"tag-gerland","18":"tag-loisirs-culture","19":"tag-lyon","20":"tag-news","21":"tag-republique-francaise"},"share_on_mastodon":{"url":"https:\/\/pubeurope.com\/@fr\/115585925940421345","error":""},"_links":{"self":[{"href":"https:\/\/www.europesays.com\/fr\/wp-json\/wp\/v2\/posts\/548395","targetHints":{"allow":["GET"]}}],"collection":[{"href":"https:\/\/www.europesays.com\/fr\/wp-json\/wp\/v2\/posts"}],"about":[{"href":"https:\/\/www.europesays.com\/fr\/wp-json\/wp\/v2\/types\/post"}],"author":[{"embeddable":true,"href":"https:\/\/www.europesays.com\/fr\/wp-json\/wp\/v2\/users\/2"}],"replies":[{"embeddable":true,"href":"https:\/\/www.europesays.com\/fr\/wp-json\/wp\/v2\/comments?post=548395"}],"version-history":[{"count":0,"href":"https:\/\/www.europesays.com\/fr\/wp-json\/wp\/v2\/posts\/548395\/revisions"}],"wp:featuredmedia":[{"embeddable":true,"href":"https:\/\/www.europesays.com\/fr\/wp-json\/wp\/v2\/media\/548396"}],"wp:attachment":[{"href":"https:\/\/www.europesays.com\/fr\/wp-json\/wp\/v2\/media?parent=548395"}],"wp:term":[{"taxonomy":"category","embeddable":true,"href":"https:\/\/www.europesays.com\/fr\/wp-json\/wp\/v2\/categories?post=548395"},{"taxonomy":"post_tag","embeddable":true,"href":"https:\/\/www.europesays.com\/fr\/wp-json\/wp\/v2\/tags?post=548395"}],"curies":[{"name":"wp","href":"https:\/\/api.w.org\/{rel}","templated":true}]}}