{"id":548415,"date":"2025-11-21T05:12:14","date_gmt":"2025-11-21T05:12:14","guid":{"rendered":"https:\/\/www.europesays.com\/fr\/548415\/"},"modified":"2025-11-21T05:12:14","modified_gmt":"2025-11-21T05:12:14","slug":"leurope-face-a-la-tech-americaine-et-chinoise-lexpress","status":"publish","type":"post","link":"https:\/\/www.europesays.com\/fr\/548415\/","title":{"rendered":"l&rsquo;Europe face \u00e0 la tech am\u00e9ricaine et chinoise \u2013 L&rsquo;Express"},"content":{"rendered":"<p class=\"paragraph article-body-paragraph article__item   article-body-paragraph--first \">S&rsquo;unir pour faire front. Face aux alertes concernant le manque d&rsquo;innovation dans la tech et de champions europ\u00e9ens, qu\u2019on pouvait notamment lire dans <a href=\"https:\/\/www.lexpress.fr\/economie\/politique-economique\/tambouilles-politiques-luttes-de-pouvoir-comment-la-machine-bruxelloise-a-eu-le-scalp-du-rapport-JJEWNDITBVB2PLKKEIN4Y4EPQY\/\" target=\"_self\" rel=\"noopener\" title=\"https:\/\/www.lexpress.fr\/economie\/politique-economique\/tambouilles-politiques-luttes-de-pouvoir-comment-la-machine-bruxelloise-a-eu-le-scalp-du-rapport-JJEWNDITBVB2PLKKEIN4Y4EPQY\/\">le rapport Draghi<\/a> remis il y a tout juste un an, la France et l\u2019Allemagne avaient promis de faire avancer les choses.<\/p>\n<p class=\"paragraph article-body-paragraph article__item   \">Emmanuel Macron et le chancelier Friedrich Merz ont donc r\u00e9uni les 27 ministres du num\u00e9rique, ainsi que des patrons et des acteurs de la tech. Avec un message : l\u2019Europe doit et peut \u00eatre souveraine dans le domaine&#8230;<\/p>\n<p><strong class=\"article-body-link-list__item text-gray-800 article-body-link-list__item--one-item\">LIRE AUSSI : <a class=\"article-body-link-list__item-link\" href=\"https:\/\/www.lexpress.fr\/economie\/high-tech\/embargo-19-nov-01h00-tech-europeenne-lessor-de-paris-les-50-puissants-et-les-defis-de-2026-3P7GLI7YLFAVXIOPARYBRIDZLI\/\" target=\"_blank\" rel=\"noopener\">Tech europ\u00e9enne : l\u2019essor de Paris, les 50 \u00ab\u00a0Puissants\u00a0\u00bb et les d\u00e9fis de 2026<\/a><\/strong><\/p>\n<p class=\"paragraph article-body-paragraph article__item   \">\u00ab\u00a0Nous avons tout ce qu&rsquo;il faut pour mettre en \u0153uvre notre programme visant \u00e0 renforcer la souverainet\u00e9 dans le domaine num\u00e9rique\u00a0\u00bb, a dit le pr\u00e9sident de la R\u00e9publique. <\/p>\n<p class=\"paragraph article-body-paragraph article__item   \">Dans son discours, Emmanuel Macron a pr\u00e9cis\u00e9 que \u00ab\u00a0l&rsquo;Europe ne veut pas \u00eatre le client des grandes entreprises et des solutions fournies par les Etats Unis et la Chine\u00a0\u00bb. Car l\u2019enjeu est l\u00e0 : l\u2019\u00e9cart qui se creuse entre les deux g\u00e9ants et leurs mastodontes du num\u00e9rique. Mais pour d\u00e9fendre et imposer la vision europ\u00e9enne de la tech, il y a encore quelques obstacles. <\/p>\n<p class=\"paragraph article-body-paragraph article__item   \"><a href=\"https:\/\/play.acast.com\/s\/la-loupe\" rel=\"noopener\" target=\"_blank\"><b>RETROUVEZ TOUS LES EPISODES DE LA LOUPE<\/b><\/a> <\/p>\n<p class=\"paragraph article-body-paragraph article__item   \">\u00c9coutez cet \u00e9pisode et abonnez-vous \u00e0 La Loupe sur <a href=\"https:\/\/podcasts.apple.com\/fr\/podcast\/la-loupe\/id1570855740?l=en\" rel=\"noopener\" target=\"_blank\">Apple Podcasts<\/a>, <a href=\"https:\/\/open.spotify.com\/show\/3HNRGEtjT3UrOpc6vsfRdt?si=SJAyStSURPa44FNMao3B4A&amp;dl_branch=1\" rel=\"noopener\" target=\"_blank\">Spotify<\/a>, <a href=\"https:\/\/deezer.page.link\/An7W7pizXJcAqLQy7\" rel=\"noopener\" target=\"_blank\">Deezer,<\/a> <a href=\"https:\/\/www.youtube.com\/@lexpress\/podcasts\" rel=\"noopener\" target=\"_blank\">YouTube<\/a>, <a href=\"https:\/\/podcastaddict.com\/podcast\/3380332\" rel=\"noopener\" target=\"_blank\">Podcast Addict<\/a> et <a href=\"https:\/\/music.amazon.fr\/podcasts\/11c4e8d8-2cb7-47fb-a0c7-276f11d5cbce\/LA-LOUPE\" rel=\"noopener\" target=\"_blank\">Amazon Music<\/a>. <\/p>\n<p class=\"paragraph article-body-paragraph article__item   \"><a href=\"https:\/\/infos.lexpress.fr\/renderers\/inscription_laloupe\" rel=\"noopener\" target=\"_blank\">Inscrivez-vous \u00e0 notre newsletter<\/a>. <\/p>\n<p class=\"paragraph article-body-paragraph article__item   \">Cet \u00e9pisode a \u00e9t\u00e9 \u00e9crit et pr\u00e9sent\u00e9 par Charlotte Baris, mont\u00e9 et r\u00e9alis\u00e9 par Jules Krot, r\u00e9daction en chef Thibauld Mathieu. <\/p>\n<p class=\"paragraph article-body-paragraph article__item   \">Cr\u00e9dits : Elys\u00e9e <\/p>\n<p class=\"paragraph article-body-paragraph article__item   \">Musique et habillage : Emmanuel Herschon \/ Studio Torrent <\/p>\n<p class=\"paragraph article-body-paragraph article__item   \">Logo : J\u00e9r\u00e9my Cambour <\/p>\n<p class=\"paragraph article-body-paragraph article__item   \">Comment \u00e9couter un podcast ? <a href=\"https:\/\/www.lexpress.fr\/actualite\/medias\/comment-ecouter-un-podcast-depuis-votre-smartphone-ou-votre-ordinateur_2152856.html\" rel=\"noopener\" target=\"_blank\">Suivez le guide<\/a>. <\/p>\n<p class=\"paragraph article-body-paragraph article__item   \"><b>Pour aller plus loin\u202f<\/b> <\/p>\n<p class=\"paragraph article-body-paragraph article__item   \"><a href=\"https:\/\/www.lexpress.fr\/economie\/high-tech\/martin-sion-arianegroup-toutes-les-grandes-nations-ont-instaure-une-preference-nationale-sauf-YSWK4WQL7NERTMCJKAYPP3MZRQ\/\" target=\"_self\" rel=\"noopener\" title=\"https:\/\/www.lexpress.fr\/economie\/high-tech\/martin-sion-arianegroup-toutes-les-grandes-nations-ont-instaure-une-preference-nationale-sauf-YSWK4WQL7NERTMCJKAYPP3MZRQ\/\">Martin Sion (ArianeGroup) : \u00ab\u00a0Toutes les grandes nations ont instaur\u00e9 une pr\u00e9f\u00e9rence nationale\u2026 sauf l\u2019Europe\u00a0\u00bb<\/a> <\/p>\n<p class=\"paragraph article-body-paragraph article__item   \"><a href=\"https:\/\/www.lexpress.fr\/economie\/high-tech\/nexperia-la-guerre-des-puces-pourquoi-le-fiasco-aux-pays-bas-devrait-alerter-leurope-F6K6QPN7BBFJ7CJ2ISFSSREDIU\/\" target=\"_self\" rel=\"noopener\" title=\"https:\/\/www.lexpress.fr\/economie\/high-tech\/nexperia-la-guerre-des-puces-pourquoi-le-fiasco-aux-pays-bas-devrait-alerter-leurope-F6K6QPN7BBFJ7CJ2ISFSSREDIU\/\">Nexperia, la guerre des puces : pourquoi le fiasco aux Pays-Bas devrait alerter l&rsquo;Europe<\/a> <\/p>\n<p class=\"paragraph article-body-paragraph article__item    article__text__endpicto\"><a href=\"https:\/\/www.lexpress.fr\/economie\/mario-draghi-lhomme-que-nous-devrions-ecouter-dans-la-fabrique-dun-super-pompier-europeen-3GLYFU2UP5G27C7FSBLL6M3X2U\/\" target=\"_self\" rel=\"noopener\" title=\"https:\/\/www.lexpress.fr\/economie\/mario-draghi-lhomme-que-nous-devrions-ecouter-dans-la-fabrique-dun-super-pompier-europeen-3GLYFU2UP5G27C7FSBLL6M3X2U\/\">Mario Draghi, l\u2019homme que nous devrions \u00e9couter : dans la fabrique d\u2019un \u00ab\u00a0super pompier\u00a0\u00bb europ\u00e9en<\/a><\/p>\n","protected":false},"excerpt":{"rendered":"S&rsquo;unir pour faire front. Face aux alertes concernant le manque d&rsquo;innovation dans la tech et de champions europ\u00e9ens,&hellip;\n","protected":false},"author":2,"featured_media":548416,"comment_status":"","ping_status":"","sticky":false,"template":"","format":"standard","meta":{"footnotes":""},"categories":[1586],"tags":[11,33,1777,674,1011,27,2926,74,12,2927,25,11140],"class_list":{"0":"post-548415","1":"post","2":"type-post","3":"status-publish","4":"format-standard","5":"has-post-thumbnail","7":"category-europe","8":"tag-actualites","9":"tag-economie","10":"tag-eu","11":"tag-europe","12":"tag-fr","13":"tag-france","14":"tag-la-loupe","15":"tag-monde","16":"tag-news","17":"tag-podcasts","18":"tag-republique-francaise","19":"tag-tech-et-transformations"},"share_on_mastodon":{"url":"https:\/\/pubeurope.com\/@fr\/115585977447756353","error":""},"_links":{"self":[{"href":"https:\/\/www.europesays.com\/fr\/wp-json\/wp\/v2\/posts\/548415","targetHints":{"allow":["GET"]}}],"collection":[{"href":"https:\/\/www.europesays.com\/fr\/wp-json\/wp\/v2\/posts"}],"about":[{"href":"https:\/\/www.europesays.com\/fr\/wp-json\/wp\/v2\/types\/post"}],"author":[{"embeddable":true,"href":"https:\/\/www.europesays.com\/fr\/wp-json\/wp\/v2\/users\/2"}],"replies":[{"embeddable":true,"href":"https:\/\/www.europesays.com\/fr\/wp-json\/wp\/v2\/comments?post=548415"}],"version-history":[{"count":0,"href":"https:\/\/www.europesays.com\/fr\/wp-json\/wp\/v2\/posts\/548415\/revisions"}],"wp:featuredmedia":[{"embeddable":true,"href":"https:\/\/www.europesays.com\/fr\/wp-json\/wp\/v2\/media\/548416"}],"wp:attachment":[{"href":"https:\/\/www.europesays.com\/fr\/wp-json\/wp\/v2\/media?parent=548415"}],"wp:term":[{"taxonomy":"category","embeddable":true,"href":"https:\/\/www.europesays.com\/fr\/wp-json\/wp\/v2\/categories?post=548415"},{"taxonomy":"post_tag","embeddable":true,"href":"https:\/\/www.europesays.com\/fr\/wp-json\/wp\/v2\/tags?post=548415"}],"curies":[{"name":"wp","href":"https:\/\/api.w.org\/{rel}","templated":true}]}}