{"id":548421,"date":"2025-11-21T05:15:28","date_gmt":"2025-11-21T05:15:28","guid":{"rendered":"https:\/\/www.europesays.com\/fr\/548421\/"},"modified":"2025-11-21T05:15:28","modified_gmt":"2025-11-21T05:15:28","slug":"mamine-lun-des-chefs-de-la-dz-mafia-suspecte-du-meurtre-de-mehdi-kessaci","status":"publish","type":"post","link":"https:\/\/www.europesays.com\/fr\/548421\/","title":{"rendered":"\u00abMamine\u00bb, l\u2019un des chefs de la DZ Mafia suspect\u00e9 du meurtre de Mehdi Kessaci"},"content":{"rendered":"<p>\n    <strong>PORTRAIT<\/strong> &#8211; L\u2019ombre d\u2019Amine O., commanditaire pr\u00e9sum\u00e9 de l\u2019organisation criminelle, p\u00e8se sur l\u2019assassinat de Mehdi Kessaci. Ce d\u00e9tenu originaire de Marseille est mis en cause dans plusieurs proc\u00e9dures criminelles li\u00e9es \u00e0 la DZ Mafia.<\/p>\n<p class=\"fig-paragraph\">\u00abMamine, il a la r\u00e9putation d\u2019avoir d\u00e9coup\u00e9 un mec avant de le mettre dans le coffre d\u2019une voiture et de l\u2019incendier. Il est sanguinaire, fou et sans piti\u00e9\u00bb, t\u00e9moigne un fin connaisseur du\u00a0<a href=\"http:\/\/www.lefigaro.fr\/marseille\/ils-n-ont-pas-de-limite-derriere-la-dz-mafia-a-marseille-d-influents-commanditaires-qui-operent-dans-l-ombre-20241101\" data-fig-type=\"NewsFlash\" data-gtm-custom-categorie=\"navigation\" data-gtm-custom-action=\"crossclick\" data-gtm-custom-label=\"Contextuel\" data-gtm-event=\"customEventSPE\" data-fig-domain=\"LEFIGARO\" target=\"_blank\" rel=\"noopener\">grand banditisme marseillais<\/a>\u00a0pour d\u00e9crire\u00a0<a href=\"http:\/\/www.lefigaro.fr\/marseille\/marseille-amine-o-l-un-des-commanditaires-de-la-dz-mafia-place-en-garde-a-vue-pour-un-double-assassinat-20241128\" data-fig-type=\"NewsFlash\" data-gtm-custom-categorie=\"navigation\" data-gtm-custom-action=\"crossclick\" data-gtm-custom-label=\"Contextuel\" data-gtm-event=\"customEventSPE\" data-fig-domain=\"LEFIGARO\" target=\"_blank\" rel=\"noopener\">Amine O<\/a>.. Un nom qui fait fr\u00e9mir jusqu\u2019au plus haut niveau de la criminalit\u00e9 organis\u00e9e. Son ombre p\u00e8se d\u00e9sormais sur l\u2019enqu\u00eate ouverte apr\u00e8s l\u2019assassinat de Mehdi Kessaci jeudi 13 novembre, comme r\u00e9v\u00e9l\u00e9 par Le\u00a0<a href=\"https:\/\/www.leparisien.fr\/faits-divers\/derriere-le-meurtre-de-mehdi-kessaci-la-piste-mamine-redoutable-chef-de-la-dz-mafia-19-11-2025-FJIYFOXJZZCFLM5UTWOFTSRXKY.php\" target=\"_blank\" rel=\"sponsored noopener\" data-gtm-custom-categorie=\"navigation\" data-gtm-custom-action=\"crossclick\" data-gtm-custom-label=\"Contextuel\" data-gtm-event=\"customEventSPE\">Parisien<\/a> .<\/p>\n<p class=\"fig-paragraph\">N\u00e9 en 1994 et originaire de la cit\u00e9 des Micocouliers, l\u2019homme est soup\u00e7onn\u00e9 par de nombreuses sources concordantes de tenir les r\u00eanes du gang criminel de la\u00a0<a href=\"http:\/\/www.lefigaro.fr\/actualite-france\/attaques-de-prisons-eliminations-sanglantes-la-dz-mafia-ce-gang-de-narcotrafiquants-sans-limite-qui-defie-l-etat-20250502\" data-fig-type=\"Article\" data-gtm-custom-categorie=\"navigation\" data-gtm-custom-action=\"crossclick\" data-gtm-custom-label=\"Contextuel\" data-gtm-event=\"customEventSPE\" data-fig-domain=\"LEFIGARO\" target=\"_blank\" rel=\"noopener\">DZ Mafia<\/a>. D\u00e9crit comme l\u2019un de ses \u00abchefs historiques\u00bb et y d\u00e9tenant \u00abune haute position hi\u00e9rarchique\u00bb, il s\u2019est longtemps cach\u00e9 derri\u00e8re des pseudos comme \u00abGSXR1000\u00bb ou \u00abJalisco\u00bb, un nom emprunt\u00e9 au puissant cartel de la drogue mexicain. Des \u00e9changes sur une messagerie crypt\u00e9e intercept\u00e9s par la justice indiquent m\u00eame qu\u2019il entretiendrait des contacts r\u00e9guliers avec\u00a0<a href=\"http:\/\/www.lefigaro.fr\/faits-divers\/dossier\/alias-la-mouche-le-destin-criminel-de-mohamed-amra\" data-fig-type=\"Topic\" data-gtm-custom-categorie=\"navigation\" data-gtm-custom-action=\"crossclick\" data-gtm-custom-label=\"Contextuel\" data-gtm-event=\"customEventSPE\" data-fig-domain=\"LEFIGARO\" target=\"_blank\" rel=\"noopener\">Mohamed Amra<\/a>, qu\u2019il a c\u00f4toy\u00e9\u2026<\/p>\n<p class=\"fig-premium-paywall__infos\">\n        Cet article est r\u00e9serv\u00e9 aux abonn\u00e9s.        Il vous reste 84% \u00e0 d\u00e9couvrir.\n    <\/p>\n<p>                <img  data- alt=\"Le Figaro\" class=\"fig-img--complete fig-img\"\/><\/p>\n<p class=\"fig-premium-paywall__title\">Black Friday<\/p>\n<p class=\"fig-premium-paywall__subtitle\">-70% sur l&rsquo;abonnement num\u00e9rique<\/p>\n<p class=\"fig-premium-paywall__connect\">\n                D\u00e9j\u00e0 abonn\u00e9\u00a0?                <a class=\"fig-premium-paywall__connect-link\" href=\"https:\/\/connect.lefigaro.fr\/login?client=horizon_web&amp;type=main&amp;redirect_uri=https%3A%2F%2Fwww.lefigaro.fr%2Fmarseille%2Fsanguinaire-fou-et-sans-pitie-mamine-l-un-des-chefs-de-la-dz-mafia-suspecte-du-meurtre-de-mehdi-kessaci-20251120\" data-js-gtm=\"{&quot;customCategorie&quot;: &quot;conversion&quot;, &quot;customAction&quot;: &quot;before_Landing_Connexion_paywall_auto&quot;, &quot;customLabel&quot;: &quot;bGVmaWdhcm8uZnJfXzFmMGM1ZjkyLTg0YjktNmQzOC04Mzg1LTdkZTVkMzJlNDBhOF9fTmV3c0ZsYXNo_\u00abSanguinaire, fou et sans piti\u00e9\u00bb\u00a0: \u00abMamine\u00bb, l\u2019un des chefs de la DZ Mafia suspect\u00e9 du meurtre de Mehdi Kessaci_549&quot;, &quot;customIDSPE&quot;: &quot;bGVmaWdhcm8uZnJfXzFmMGM1ZjkyLTg0YjktNmQzOC04Mzg1LTdkZTVkMzJlNDBhOF9fTmV3c0ZsYXNo&quot;, &quot;event&quot;: &quot;customEventSPE&quot;}\" target=\"_blank\" rel=\"noopener\"><br \/>\n                    Connectez-vous<br \/>\n                <\/a>\n            <\/p>\n","protected":false},"excerpt":{"rendered":"PORTRAIT &#8211; L\u2019ombre d\u2019Amine O., commanditaire pr\u00e9sum\u00e9 de l\u2019organisation criminelle, p\u00e8se sur l\u2019assassinat de Mehdi Kessaci. Ce d\u00e9tenu&hellip;\n","protected":false},"author":2,"featured_media":548422,"comment_status":"","ping_status":"","sticky":false,"template":"","format":"standard","meta":{"footnotes":""},"categories":[2],"tags":[11,271,1011,27,12,1072,25,887],"class_list":{"0":"post-548421","1":"post","2":"type-post","3":"status-publish","4":"format-standard","5":"has-post-thumbnail","7":"category-actualites","8":"tag-actualites","9":"tag-crime","10":"tag-fr","11":"tag-france","12":"tag-news","13":"tag-police","14":"tag-republique-francaise","15":"tag-trafic-de-drogue"},"share_on_mastodon":{"url":"https:\/\/pubeurope.com\/@fr\/115585988927099324","error":""},"_links":{"self":[{"href":"https:\/\/www.europesays.com\/fr\/wp-json\/wp\/v2\/posts\/548421","targetHints":{"allow":["GET"]}}],"collection":[{"href":"https:\/\/www.europesays.com\/fr\/wp-json\/wp\/v2\/posts"}],"about":[{"href":"https:\/\/www.europesays.com\/fr\/wp-json\/wp\/v2\/types\/post"}],"author":[{"embeddable":true,"href":"https:\/\/www.europesays.com\/fr\/wp-json\/wp\/v2\/users\/2"}],"replies":[{"embeddable":true,"href":"https:\/\/www.europesays.com\/fr\/wp-json\/wp\/v2\/comments?post=548421"}],"version-history":[{"count":0,"href":"https:\/\/www.europesays.com\/fr\/wp-json\/wp\/v2\/posts\/548421\/revisions"}],"wp:featuredmedia":[{"embeddable":true,"href":"https:\/\/www.europesays.com\/fr\/wp-json\/wp\/v2\/media\/548422"}],"wp:attachment":[{"href":"https:\/\/www.europesays.com\/fr\/wp-json\/wp\/v2\/media?parent=548421"}],"wp:term":[{"taxonomy":"category","embeddable":true,"href":"https:\/\/www.europesays.com\/fr\/wp-json\/wp\/v2\/categories?post=548421"},{"taxonomy":"post_tag","embeddable":true,"href":"https:\/\/www.europesays.com\/fr\/wp-json\/wp\/v2\/tags?post=548421"}],"curies":[{"name":"wp","href":"https:\/\/api.w.org\/{rel}","templated":true}]}}