{"id":548456,"date":"2025-11-21T05:39:23","date_gmt":"2025-11-21T05:39:23","guid":{"rendered":"https:\/\/www.europesays.com\/fr\/548456\/"},"modified":"2025-11-21T05:39:23","modified_gmt":"2025-11-21T05:39:23","slug":"video-la-dz-mafia-revendique-un-passage-a-tabac-et-des-menaces-avec-arme-sur-fond-de-guerre-pour-le-controle-du-narcotrafic-a-sete","status":"publish","type":"post","link":"https:\/\/www.europesays.com\/fr\/548456\/","title":{"rendered":"VIDEO La DZ Mafia revendique un passage \u00e0 tabac et des menaces avec arme, sur fond de guerre pour le contr\u00f4le du narcotrafic \u00e0 S\u00e8te"},"content":{"rendered":"<p>\n                                                                Le parquet de Montpellier s\u2019est saisi, ce jeudi 20\u00a0novembre, d\u2019une vid\u00e9o post\u00e9e sur la messagerie T\u00e9l\u00e9gram montrant trois individus entrer dans un hall d\u2019immeuble de l\u2019\u00cele de Thau, \u00e0 S\u00e8te, arm\u00e9s d\u2019une arme de poing et de barres de m\u00e9tal. Ils se livrent \u00e0 un passage \u00e0 tabac, tout en hurlant \u00ab\u00a0c\u2019est la DZ ici\u00a0\u00bb.\n                            <\/p>\n<p>\u00ab\u00a0C\u2019est la DZ ici.\u00a0\u00bb\u00a0S\u2019il fallait la preuve de l\u2019influence du\u00a0r\u00e9seau de narcotrafiquants d\u2019origine marseillaise sur le point de deal de l\u2019\u00cele de Thau, elle a \u00e9t\u00e9 post\u00e9e en vid\u00e9o sur\u00a0la messagerie T\u00e9l\u00e9gram\u00a0mardi 18\u00a0novembre, avant de circuler sur\u00a0les r\u00e9seaux sociaux. Sur les images, trois\u00a0individus p\u00e9n\u00e8trent dans un hall d\u2019immeuble de l\u2019\u00eele de Thau, du c\u00f4t\u00e9 de la place de la Seinchole, selon nos informations.<\/p>\n<p>Puis, on y voit ces individus au visage dissimul\u00e9, crier \u00ab\u00a0c\u2019est la DZ ici\u00a0\u00bb. L\u2019un d\u2019eux\u00a0pointe son arme de poing directement vers le visage d\u2019un homme, avant de le faire tomber au sol et de le tabasser avec une barre de m\u00e9tal. Les coups pleuvent en m\u00eame temps sur une seconde victime. Puis, les agresseurs, gant\u00e9s, hurlent \u00e0 plusieurs reprises ces quatre mots, tout en faisant les poches de leurs victimes.<\/p>\n<p>        <img decoding=\"async\" class=\"std-img__img responsive-img\" src=\"https:\/\/www.europesays.com\/fr\/wp-content\/uploads\/2025\/11\/1763703563_495_image.jpg\" alt=\"Munis d\u2019une arme de poing et de barres de m\u00e9tal, les assaillants s\u2019en sont pris \u00e0 deux personnes dans un hall d\u2019immeuble \u00e0 l\u2019\u00eele de Thau.\"\/><\/p>\n<p>                Munis d\u2019une arme de poing et de barres de m\u00e9tal, les assaillants s\u2019en sont pris \u00e0 deux personnes dans un hall d\u2019immeuble \u00e0 l\u2019\u00eele de Thau.<br \/>\n                                    DR<\/p>\n<p>\u00ab\u00a0C\u2019est la DZ ici, le prochain d\u2019ici je le laisse par terre\u00a0\u00bb<\/p>\n<p>La sc\u00e8ne dure quelques minutes \u00e0 peine avant que les hommes ressortent du hall et continuent de vocif\u00e9rer dans le quartier, \u00ab\u00a0c\u2019est la DZ ici, le prochain d\u2019ici je le laisse par terre\u00a0\u00bb\u00a0! Une menace \u00e0 peine voil\u00e9e, probablement \u00e0 d\u2019autres narcotrafiquants qui officient sur le secteur.<\/p>\n<p>En effet, le quartier est depuis plusieurs ann\u00e9es l\u2019enjeu d\u2019une guerre de territoire pour le contr\u00f4le des trafics. Il y a un an, une s\u00e9rie de fusillades avait, une fois de plus, secou\u00e9 l\u2019\u00cele de Thau, et avait \u00e9t\u00e9 suivie de plusieurs interpellations et mises en examen. La DZ Mafia avait \u00e9t\u00e9 mentionn\u00e9e dans ce dossier.<\/p>\n<p class=\"std-elt__inline\">\n        <strong>\u00c0 lire aussi :<\/strong><br \/>\n        <a href=\"https:\/\/www.midilibre.fr\/2024\/11\/18\/fusillades-des-commandos-dun-nouveau-genre-font-leur-apparition-dans-la-guerre-du-deal-a-lile-de-thau-12328992.php\" rel=\"nofollow noopener\" target=\"_blank\">Fusillades : des commandos d&rsquo;un nouveau genre font leur apparition dans la guerre du deal \u00e0 l&rsquo;\u00eele de Thau<\/a>\n    <\/p>\n<p class=\"std-elt__inline\">\n        <strong>\u00c0 lire aussi :<\/strong><br \/>\n        <a href=\"https:\/\/www.midilibre.fr\/2024\/10\/30\/incendie-criminel-et-kalachnikov-lombre-de-la-dz-mafia-lorganisation-criminelle-de-marseille-setend-dans-lherault-12292329.php\" rel=\"nofollow noopener\" target=\"_blank\">Incendie criminel et kalachnikov : l&rsquo;ombre de la DZ mafia, l&rsquo;organisation criminelle de Marseille, s&rsquo;\u00e9tend dans l&rsquo;H\u00e9rault<\/a>\n    <\/p>\n<p>Ce gang est au c\u0153ur des pr\u00e9occupations lors d\u2019une r\u00e9union de crise \u00e0\u00a0l\u2019Elys\u00e9e apr\u00e8s l\u2019assassinat de\u00a0Mehdi\u00a0Kessaci la semaine derni\u00e8re \u00e0 Marseille.\u00a0<a href=\"https:\/\/www.midilibre.fr\/2025\/11\/20\/narcotrafic-les-ministres-laurent-nunez-et-gerald-darmanin-devoilent-leur-plan-de-lutte-anti-drogue-a-marseille-13063631.php\" target=\"_self\" rel=\"nofollow noopener\">\u00ab\u00a0Ce qui se passe au niveau de la DZ Mafia touche au moins une dizaine d\u2019autres d\u00e9partements, notamment du Sud de la France\u00a0\u00bb, a indiqu\u00e9 ce matin le Garde des Sceaux G\u00e9rald Darmanin, \u00e0 l\u2019issue du point presse.<\/a><\/p>\n<p>Apr\u00e8s le visionnage de cette vid\u00e9o, qui semble avoir\u00a0\u00e9t\u00e9 tourn\u00e9e par les agresseurs eux-m\u00eames, r\u00e9cup\u00e9r\u00e9e par les forces de l\u2019ordre, le parquet de Montpellier a ouvert une enqu\u00eate pour d\u00e9terminer les circonstances de ces violences et tenter d\u2019identifier les assaillants. Le\u00a0commissariat de S\u00e8te est charg\u00e9 des investigations.<\/p>\n","protected":false},"excerpt":{"rendered":"Le parquet de Montpellier s\u2019est saisi, ce jeudi 20\u00a0novembre, d\u2019une vid\u00e9o post\u00e9e sur la messagerie T\u00e9l\u00e9gram montrant trois&hellip;\n","protected":false},"author":2,"featured_media":548457,"comment_status":"","ping_status":"","sticky":false,"template":"","format":"standard","meta":{"footnotes":""},"categories":[4],"tags":[11,1011,27,12,25],"class_list":{"0":"post-548456","1":"post","2":"type-post","3":"status-publish","4":"format-standard","5":"has-post-thumbnail","7":"category-france","8":"tag-actualites","9":"tag-fr","10":"tag-france","11":"tag-news","12":"tag-republique-francaise"},"share_on_mastodon":{"url":"https:\/\/pubeurope.com\/@fr\/115586084359001671","error":""},"_links":{"self":[{"href":"https:\/\/www.europesays.com\/fr\/wp-json\/wp\/v2\/posts\/548456","targetHints":{"allow":["GET"]}}],"collection":[{"href":"https:\/\/www.europesays.com\/fr\/wp-json\/wp\/v2\/posts"}],"about":[{"href":"https:\/\/www.europesays.com\/fr\/wp-json\/wp\/v2\/types\/post"}],"author":[{"embeddable":true,"href":"https:\/\/www.europesays.com\/fr\/wp-json\/wp\/v2\/users\/2"}],"replies":[{"embeddable":true,"href":"https:\/\/www.europesays.com\/fr\/wp-json\/wp\/v2\/comments?post=548456"}],"version-history":[{"count":0,"href":"https:\/\/www.europesays.com\/fr\/wp-json\/wp\/v2\/posts\/548456\/revisions"}],"wp:featuredmedia":[{"embeddable":true,"href":"https:\/\/www.europesays.com\/fr\/wp-json\/wp\/v2\/media\/548457"}],"wp:attachment":[{"href":"https:\/\/www.europesays.com\/fr\/wp-json\/wp\/v2\/media?parent=548456"}],"wp:term":[{"taxonomy":"category","embeddable":true,"href":"https:\/\/www.europesays.com\/fr\/wp-json\/wp\/v2\/categories?post=548456"},{"taxonomy":"post_tag","embeddable":true,"href":"https:\/\/www.europesays.com\/fr\/wp-json\/wp\/v2\/tags?post=548456"}],"curies":[{"name":"wp","href":"https:\/\/api.w.org\/{rel}","templated":true}]}}