{"id":548483,"date":"2025-11-21T05:57:13","date_gmt":"2025-11-21T05:57:13","guid":{"rendered":"https:\/\/www.europesays.com\/fr\/548483\/"},"modified":"2025-11-21T05:57:13","modified_gmt":"2025-11-21T05:57:13","slug":"strasbourg-a-sciences-po-une-tribune-pour-la-liberte-academique-et-contre-le-directeur","status":"publish","type":"post","link":"https:\/\/www.europesays.com\/fr\/548483\/","title":{"rendered":"Strasbourg. \u00c0 Sciences Po, une tribune pour la libert\u00e9 acad\u00e9mique et contre le directeur"},"content":{"rendered":"<p>\u00ab\u00a0Ces derniers jours, des \u00e9changes et des prises de position ont pu susciter des interrogations au sein de notre \u00e9tablissement. Il me para\u00eet donc essentiel de r\u00e9affirmer les principes qui fondent notre mission et notre fonctionnement. Sciences Po Strasbourg est et restera un espace o\u00f9 la libert\u00e9 acad\u00e9mique et la libert\u00e9 de la recherche s\u2019exercent pleinement.\u00a0\u00bb Dans un\u00a0communiqu\u00e9\u00a0adress\u00e9 ce mardi 18\u00a0novembre \u00e0 l\u2019ensemble de la \u00ab\u00a0communaut\u00e9 de Sciences Po Strasbourg\u00a0\u00bb, son directeur Emmanuel Droit tente d\u2019apaiser les esprits.<\/p>\n<p>Mais depuis les r\u00e9v\u00e9lations par le m\u00e9dia en ligne engag\u00e9 \u00e0 gauche Blast, ce 12\u00a0novembre, de correspondances d\u2019universitaires membres du R\u00e9seau de recherche sur le racisme et&#8230;<\/p>\n","protected":false},"excerpt":{"rendered":"\u00ab\u00a0Ces derniers jours, des \u00e9changes et des prises de position ont pu susciter des interrogations au sein de&hellip;\n","protected":false},"author":2,"featured_media":548484,"comment_status":"","ping_status":"","sticky":false,"template":"","format":"standard","meta":{"footnotes":""},"categories":[2820],"tags":[1111,11,2389,2649,2880,1057,4854,1777,674,107,1011,27,775,12,25,640,2879],"class_list":{"0":"post-548483","1":"post","2":"type-post","3":"status-publish","4":"format-standard","5":"has-post-thumbnail","7":"category-strasbourg","8":"tag-actu","9":"tag-actualites","10":"tag-alsace","11":"tag-bas-rhin","12":"tag-edition-strasbourg","13":"tag-education","14":"tag-enseignement-superieur","15":"tag-eu","16":"tag-europe","17":"tag-fil-info","18":"tag-fr","19":"tag-france","20":"tag-grand-est","21":"tag-news","22":"tag-republique-francaise","23":"tag-strasbourg","24":"tag-strasbourg-ville"},"share_on_mastodon":{"url":"https:\/\/pubeurope.com\/@fr\/115586154014656475","error":""},"_links":{"self":[{"href":"https:\/\/www.europesays.com\/fr\/wp-json\/wp\/v2\/posts\/548483","targetHints":{"allow":["GET"]}}],"collection":[{"href":"https:\/\/www.europesays.com\/fr\/wp-json\/wp\/v2\/posts"}],"about":[{"href":"https:\/\/www.europesays.com\/fr\/wp-json\/wp\/v2\/types\/post"}],"author":[{"embeddable":true,"href":"https:\/\/www.europesays.com\/fr\/wp-json\/wp\/v2\/users\/2"}],"replies":[{"embeddable":true,"href":"https:\/\/www.europesays.com\/fr\/wp-json\/wp\/v2\/comments?post=548483"}],"version-history":[{"count":0,"href":"https:\/\/www.europesays.com\/fr\/wp-json\/wp\/v2\/posts\/548483\/revisions"}],"wp:featuredmedia":[{"embeddable":true,"href":"https:\/\/www.europesays.com\/fr\/wp-json\/wp\/v2\/media\/548484"}],"wp:attachment":[{"href":"https:\/\/www.europesays.com\/fr\/wp-json\/wp\/v2\/media?parent=548483"}],"wp:term":[{"taxonomy":"category","embeddable":true,"href":"https:\/\/www.europesays.com\/fr\/wp-json\/wp\/v2\/categories?post=548483"},{"taxonomy":"post_tag","embeddable":true,"href":"https:\/\/www.europesays.com\/fr\/wp-json\/wp\/v2\/tags?post=548483"}],"curies":[{"name":"wp","href":"https:\/\/api.w.org\/{rel}","templated":true}]}}